{"id":2402,"date":"2025-08-27T11:42:14","date_gmt":"2025-08-27T09:42:14","guid":{"rendered":"https:\/\/cieldeguinee.net\/?p=2402"},"modified":"2025-09-02T13:14:08","modified_gmt":"2025-09-02T11:14:08","slug":"kobikoro-2-0-lengagement-citoyen-pour-redonner-espoir-a-leducation-des-enfants","status":"publish","type":"post","link":"https:\/\/cieldeguinee.net\/index.php\/kobikoro-2-0-lengagement-citoyen-pour-redonner-espoir-a-leducation-des-enfants\/","title":{"rendered":"Kobikoro 2.0 : l\u2019engagement citoyen pour redonner espoir \u00e0 l\u2019\u00e9ducation des enfants"},"content":{"rendered":"<p><em><strong>Dans la sous-pr\u00e9fecture de\u00a0Kobikoro, pr\u00e9fecture de Faranah, situ\u00e9e \u00e0 peu pr\u00e8s de 431 km de Conakry, la capitale guin\u00e9enne, un souffle nouveau se l\u00e8ve gr\u00e2ce \u00e0 l\u2019engagement citoyen et communautaire de ses fils et filles r\u00e9unis sous la banni\u00e8re de l\u2019organisation\u00a0Kobikoro 2.0. Ce mouvement, n\u00e9 d\u2019un cri du c\u0153ur, ambitionne de scolariser plus de\u00a0150 enfants\u00a0d\u00e8s la rentr\u00e9e scolaire 2025-2026<\/strong>.<\/em><\/p>\n<p><img loading=\"lazy\" decoding=\"async\" class=\" wp-image-2404 alignleft\" src=\"https:\/\/cieldeguinee.net\/wp-content\/uploads\/2025\/08\/2-1-300x225.jpg\" alt=\"\" width=\"389\" height=\"292\" srcset=\"https:\/\/cieldeguinee.net\/wp-content\/uploads\/2025\/08\/2-1-300x225.jpg 300w, https:\/\/cieldeguinee.net\/wp-content\/uploads\/2025\/08\/2-1-1024x768.jpg 1024w, https:\/\/cieldeguinee.net\/wp-content\/uploads\/2025\/08\/2-1-768x576.jpg 768w, https:\/\/cieldeguinee.net\/wp-content\/uploads\/2025\/08\/2-1-150x113.jpg 150w, https:\/\/cieldeguinee.net\/wp-content\/uploads\/2025\/08\/2-1-696x522.jpg 696w, https:\/\/cieldeguinee.net\/wp-content\/uploads\/2025\/08\/2-1-1068x801.jpg 1068w, https:\/\/cieldeguinee.net\/wp-content\/uploads\/2025\/08\/2-1-560x420.jpg 560w, https:\/\/cieldeguinee.net\/wp-content\/uploads\/2025\/08\/2-1-80x60.jpg 80w, https:\/\/cieldeguinee.net\/wp-content\/uploads\/2025\/08\/2-1-265x198.jpg 265w, https:\/\/cieldeguinee.net\/wp-content\/uploads\/2025\/08\/2-1.jpg 1280w\" sizes=\"auto, (max-width: 389px) 100vw, 389px\" \/>L\u2019initiative a germ\u00e9 dans l\u2019esprit de\u00a0<strong>Tamba Abou \u201cle Communicant\u201d Mansar\u00e9<\/strong>, lors d\u2019une mission du\u00a0<strong>RGPH 4<\/strong>\u00a0dans cette localit\u00e9 recul\u00e9e de Faranah. Le constat fut alarmant : <strong><em>\u00ab Des centaines d\u2019enfants en \u00e2ge d\u2019aller \u00e0 l\u2019\u00e9cole sont laiss\u00e9s \u00e0 eux-m\u00eames, priv\u00e9s d\u2019instruction faute de moyens financiers de leurs parents \u00bb<\/em><\/strong> d\u2019une part et de l\u2019autre <strong><em>\u00ab\u00a0de l\u2019absence de l\u2019Etat\u00a0\u00bb<\/em><\/strong>, rapporte-t-il avec \u00e9motion. Et de rappeler que <strong><em>\u00ab l\u2019inscription des enfants \u00e0 l\u2019\u00e9cole est un droit fondamental, que la pauvret\u00e9 ou le manque de ressources ne devraient en aucun cas compromettre \u00bb<\/em><\/strong>.<\/p>\n<p>Face \u00e0 cette r\u00e9alit\u00e9, M. Mansar\u00e9 a lanc\u00e9 un appel \u00e0 la mobilisation des ressortissants de Kobikoro sur sa page Facebook. La r\u00e9ponse ne s\u2019est pas fait attendre : des fils et filles de la localit\u00e9, conscients de leur responsabilit\u00e9 envers leur communaut\u00e9, ont uni leurs forces pour cr\u00e9er <strong>Kobikoro 2.0<\/strong>, une organisation citoyenne fond\u00e9e sur le principe de solidarit\u00e9 et d\u2019action collective pratique.<\/p>\n<p><strong>Un objectif clair : scolariser et \u00e9quiper les enfants<\/strong><\/p>\n<p>Pour l\u2019ann\u00e9e scolaire 2025-2026, <strong>Kobikoro 2.0<\/strong> s\u2019est fix\u00e9 un objectif ambitieux : offrir \u00e0\u00a0<strong>150 enfants<\/strong> l\u2019opportunit\u00e9 d\u2019aller \u00e0 l\u2019\u00e9cole. L\u2019un des principaux obstacles identifi\u00e9s est le manque criant de fournitures scolaires. Cahiers, ardoises, livres et autres outils p\u00e9dagogiques essentiels font souvent d\u00e9faut, brisant le r\u00eave des enfants d\u00e9sireux d\u2019apprendre. Le projet entend donc :<\/p>\n<ul>\n<li>Garantir \u00e0 chaque enfant de la sous-pr\u00e9fecture la possibilit\u00e9 d\u2019int\u00e9grer l\u2019\u00e9cole ;<\/li>\n<li>Fournir le mat\u00e9riel scolaire de base indispensable \u00e0 leur r\u00e9ussite ;<\/li>\n<li>Sensibiliser les familles et les communaut\u00e9s locales \u00e0 placer l\u2019\u00e9ducation au centre de leurs priorit\u00e9s.<\/li>\n<\/ul>\n<p><img loading=\"lazy\" decoding=\"async\" class=\" wp-image-2405 aligncenter\" src=\"https:\/\/cieldeguinee.net\/wp-content\/uploads\/2025\/08\/1-2-300x135.jpg\" alt=\"\" width=\"518\" height=\"233\" srcset=\"https:\/\/cieldeguinee.net\/wp-content\/uploads\/2025\/08\/1-2-300x135.jpg 300w, https:\/\/cieldeguinee.net\/wp-content\/uploads\/2025\/08\/1-2-1024x461.jpg 1024w, https:\/\/cieldeguinee.net\/wp-content\/uploads\/2025\/08\/1-2-768x346.jpg 768w, https:\/\/cieldeguinee.net\/wp-content\/uploads\/2025\/08\/1-2-150x68.jpg 150w, https:\/\/cieldeguinee.net\/wp-content\/uploads\/2025\/08\/1-2-696x313.jpg 696w, https:\/\/cieldeguinee.net\/wp-content\/uploads\/2025\/08\/1-2-1068x481.jpg 1068w, https:\/\/cieldeguinee.net\/wp-content\/uploads\/2025\/08\/1-2-933x420.jpg 933w, https:\/\/cieldeguinee.net\/wp-content\/uploads\/2025\/08\/1-2.jpg 1280w\" sizes=\"auto, (max-width: 518px) 100vw, 518px\" \/><\/p>\n<p><strong>Un appel \u00e0 la solidarit\u00e9 nationale et internationale<\/strong><\/p>\n<p>Consciente que l\u2019\u00e9ducation est le socle du d\u00e9veloppement, l\u2019organisation appelle les bonnes volont\u00e9s \u00e0 se joindre \u00e0 cet effort communautaire.<\/p>\n<p>L\u2019\u00c9tat guin\u00e9en, les\u00a0<strong>ONG locales<\/strong>, les\u00a0<strong>partenaires techniques et financiers<\/strong>, ainsi que des institutions internationales telles que l\u2019<strong>AFD<\/strong>, l\u2019<strong>UNESCO<\/strong>, la\u00a0<strong>Banque mondiale<\/strong>\u00a0et d\u2019autres acteurs du d\u00e9veloppement sont invit\u00e9s \u00e0 soutenir cette cause noble et citoyenne.<\/p>\n<p>En cr\u00e9ant\u00a0<strong>Kobikoro 2.0<\/strong>, les ressortissants de la sous-pr\u00e9fecture montrent qu\u2019une communaut\u00e9 peut, par son engagement et sa solidarit\u00e9, changer le destin de ses enfants. Un exemple de citoyennet\u00e9 active et de responsabilit\u00e9 collective, qui m\u00e9rite d\u2019\u00eatre salu\u00e9 et accompagn\u00e9.<\/p>\n<p>Un programme de collecte de fonds est lanc\u00e9 avec une ambition nette:<\/p>\n<ul>\n<li>1 \u00e9cole pour 1 district de kobikoro<\/li>\n<li>Un enfant sans \u00e9cole, c&rsquo;est un avenir en cha\u00een\u00e9<\/li>\n<\/ul>\n<p><strong>Faites un geste pour ses enfants, en cliquant sur ce lien: <a href=\"https:\/\/billetfacile.com\/collecte\/2025-11-30-0000-aidez-nous-a-construire-lavenir\">Aidez nous \u00e0 construire l&rsquo;avenir<\/a><\/strong><\/p>\n<p>T. Oulare, pour Cieldeguinee.net<\/p>\n<p>&nbsp;<\/p>\n","protected":false},"excerpt":{"rendered":"<p>Dans la sous-pr\u00e9fecture de\u00a0Kobikoro, pr\u00e9fecture de Faranah, situ\u00e9e \u00e0 peu pr\u00e8s de 431 km de Conakry, la capitale guin\u00e9enne, un souffle nouveau se l\u00e8ve gr\u00e2ce \u00e0 l\u2019engagement citoyen et communautaire de ses fils et filles r\u00e9unis sous la banni\u00e8re de l\u2019organisation\u00a0Kobikoro 2.0. Ce mouvement, n\u00e9 d\u2019un cri du c\u0153ur, ambitionne de scolariser plus de\u00a0150 enfants\u00a0d\u00e8s [&hellip;]<\/p>\n","protected":false},"author":2,"featured_media":2403,"comment_status":"closed","ping_status":"closed","sticky":false,"template":"","format":"standard","meta":{"footnotes":""},"categories":[23],"tags":[],"class_list":{"0":"post-2402","1":"post","2":"type-post","3":"status-publish","4":"format-standard","5":"has-post-thumbnail","7":"category-societe"},"jetpack_featured_media_url":"https:\/\/cieldeguinee.net\/wp-content\/uploads\/2025\/08\/3-2.jpg","_links":{"self":[{"href":"https:\/\/cieldeguinee.net\/index.php\/wp-json\/wp\/v2\/posts\/2402","targetHints":{"allow":["GET"]}}],"collection":[{"href":"https:\/\/cieldeguinee.net\/index.php\/wp-json\/wp\/v2\/posts"}],"about":[{"href":"https:\/\/cieldeguinee.net\/index.php\/wp-json\/wp\/v2\/types\/post"}],"author":[{"embeddable":true,"href":"https:\/\/cieldeguinee.net\/index.php\/wp-json\/wp\/v2\/users\/2"}],"replies":[{"embeddable":true,"href":"https:\/\/cieldeguinee.net\/index.php\/wp-json\/wp\/v2\/comments?post=2402"}],"version-history":[{"count":0,"href":"https:\/\/cieldeguinee.net\/index.php\/wp-json\/wp\/v2\/posts\/2402\/revisions"}],"wp:featuredmedia":[{"embeddable":true,"href":"https:\/\/cieldeguinee.net\/index.php\/wp-json\/wp\/v2\/media\/2403"}],"wp:attachment":[{"href":"https:\/\/cieldeguinee.net\/index.php\/wp-json\/wp\/v2\/media?parent=2402"}],"wp:term":[{"taxonomy":"category","embeddable":true,"href":"https:\/\/cieldeguinee.net\/index.php\/wp-json\/wp\/v2\/categories?post=2402"},{"taxonomy":"post_tag","embeddable":true,"href":"https:\/\/cieldeguinee.net\/index.php\/wp-json\/wp\/v2\/tags?post=2402"}],"curies":[{"name":"wp","href":"https:\/\/api.w.org\/{rel}","templated":true}]}}