{"id":2434,"date":"2025-09-12T18:14:21","date_gmt":"2025-09-12T16:14:21","guid":{"rendered":"https:\/\/cieldeguinee.net\/?p=2434"},"modified":"2025-09-12T18:36:16","modified_gmt":"2025-09-12T16:36:16","slug":"coyah-education-35-chefs-detablissements-prives-formes-pour-une-meilleure-gouvernance-scolaire","status":"publish","type":"post","link":"https:\/\/cieldeguinee.net\/index.php\/coyah-education-35-chefs-detablissements-prives-formes-pour-une-meilleure-gouvernance-scolaire\/","title":{"rendered":"Coyah\/Education : 35 chefs d\u2019\u00e9tablissements priv\u00e9s form\u00e9s pour une meilleure gouvernance scolaire"},"content":{"rendered":"<p>Pendant cinq jours, du 3 au 7 septembre 2025, le groupe scolaire \u2018\u2019La Gazelle\u2019\u2019 de Man\u00e9ah a accueilli un atelier de formation in\u00e9dit. Trente-cinq chefs d\u2019\u00e9tablissements scolaires priv\u00e9s de Coyah se sont retrouv\u00e9s autour d\u2019un objectif commun : renforcer leurs comp\u00e9tences pour mieux g\u00e9rer leurs \u00e9tablissements et \u00e9lever la qualit\u00e9 de l\u2019\u00e9ducation priv\u00e9e en Guin\u00e9e.<\/p>\n<p><strong>Une initiative conjointe pour professionnaliser l\u2019\u00e9ducation priv\u00e9e<\/strong><\/p>\n<p>Port\u00e9e par l\u2019Association des Fondateurs d\u2019\u00c9coles Priv\u00e9es de Coyah (AFEPCO), en partenariat avec le Collectif des Formateurs Sp\u00e9cialis\u00e9s en Gestion des Syst\u00e8mes \u00c9ducatifs (CFS-GSE), cette formation a mobilis\u00e9 des profils vari\u00e9s : proviseurs, principaux, fondateurs et censeurs. Tous ont b\u00e9n\u00e9fici\u00e9 de modules pratiques, notamment sur la gestion des ressources humaines, la gestion mat\u00e9rielle, la gestion financi\u00e8re, la communication et animation d\u2019\u00e9quipe et le leadership transformationnel.<\/p>\n<p><strong>Des experts \u00e0 la man\u0153uvre pour promouvoir la bonne gouvernance scolaire<\/strong><\/p>\n<p><img loading=\"lazy\" decoding=\"async\" class=\"wp-image-2440 alignleft\" src=\"https:\/\/cieldeguinee.net\/wp-content\/uploads\/2025\/09\/traitee-300x135.jpg\" alt=\"\" width=\"460\" height=\"207\" srcset=\"https:\/\/cieldeguinee.net\/wp-content\/uploads\/2025\/09\/traitee-300x135.jpg 300w, https:\/\/cieldeguinee.net\/wp-content\/uploads\/2025\/09\/traitee-768x345.jpg 768w, https:\/\/cieldeguinee.net\/wp-content\/uploads\/2025\/09\/traitee-150x67.jpg 150w, https:\/\/cieldeguinee.net\/wp-content\/uploads\/2025\/09\/traitee-696x312.jpg 696w, https:\/\/cieldeguinee.net\/wp-content\/uploads\/2025\/09\/traitee-936x420.jpg 936w, https:\/\/cieldeguinee.net\/wp-content\/uploads\/2025\/09\/traitee.jpg 1003w\" sizes=\"auto, (max-width: 460px) 100vw, 460px\" \/>Le collectif des formateurs, compos\u00e9 de cinq sp\u00e9cialistes, sous la coordination de M. Aboubacar Mandela Camara, conseiller charg\u00e9 de la l\u00e9gislation scolaire au MEPU-A\u00a0a anim\u00e9 les diff\u00e9rents modules. Notamment sur la Gestion des Ressources Humaines\u00a0: accueil et \u00e9valuation des nouveaux enseignants, la Gestion Financi\u00e8re, la Gestion Mat\u00e9rielle, la Communication et animation d\u2019\u00e9quipe et le Leadership transformationnel.<\/p>\n<p>Tous les cinq sont des experts en Gestion des Syst\u00e8mes \u00c9ducatifs (GSE). Ils ont valid\u00e9 avec succ\u00e8s le Master 2 professionnel en Gestion des Syst\u00e8mes \u00c9ducatifs, sp\u00e9cialit\u00e9 formation des formateurs des chefs d\u2019\u00e9tablissements scolaires, de l\u2019Universit\u00e9 Senghor d\u2019Alexandrie en \u00c9gypte.<\/p>\n<p>\u00ab Nous avons choisi une approche participative, o\u00f9 les chefs d\u2019\u00e9tablissements construisent eux-m\u00eames des solutions adapt\u00e9es \u00e0 leurs r\u00e9alit\u00e9s \u00bb, a confi\u00e9 M. Camara, le coordinateur du collectif, \u00e0 la fois Conseiller charg\u00e9 de la l\u00e9gislation scolaire au Minist\u00e8re de l\u2019enseignement pr\u00e9-universitaire et de l\u2019alphab\u00e9tisation.<\/p>\n<p><strong>Un appui institutionnel et une forte adh\u00e9sion<\/strong><\/p>\n<p>L\u2019atelier a \u00e9t\u00e9 lanc\u00e9 par un repr\u00e9sentant de la Direction pr\u00e9fectorale de l\u2019\u00c9ducation (DPE) de Coyah, entour\u00e9 de plusieurs autres \u00a0cadres et d\u2019invit\u00e9s. Une pr\u00e9sence salu\u00e9e par les organisateurs, qui y voient un signal fort de soutien aux efforts de professionnalisation de l\u2019enseignement priv\u00e9.<\/p>\n<p><strong>Satisfaction et perspectives<\/strong><\/p>\n<p>Au terme des cinq jours de travaux, les chefs d\u2019\u00e9tablissements ont exprim\u00e9 leur satisfaction \u00e0 travers un porte-parole. \u00ab Cette formation nous a ouvert de nouvelles perspectives. Nous remercions les facilitateurs pour leur expertise et l\u2019AFEPCO pour cette opportunit\u00e9 unique\u00a0\u00bb, a fait savoir M.Soumah, connu sous le nom de Soumah Lettres sur les r\u00e9seaux sociaux.<\/p>\n<p><strong>Cap sur la continuit\u00e9<\/strong><\/p>\n<p>Dans son discours de cl\u00f4ture, le coordinateur du collectif, M. Camara Aboubacar Mand\u00e9la a invit\u00e9 \u00e0 la p\u00e9rennisation de telles initiatives : \u00ab Pour am\u00e9liorer la gouvernance scolaire, il faut continuer \u00e0 former, accompagner et \u00e9valuer nos cadres \u00e9ducatifs. \u00bb Il a \u00e9galement adress\u00e9 une pens\u00e9e au pr\u00e9sident de la R\u00e9publique, le G\u00e9n\u00e9ral Mamadi Doumbouya, \u00ab pour les efforts consentis en faveur de l\u2019\u00e9ducation, notamment dans le cadre du projet Simandou, o\u00f9 l\u2019\u00e9cole occupe une place centrale. \u00bb<\/p>\n<p><strong>Un jalon pour la qualit\u00e9 \u00e9ducative<\/strong><\/p>\n<p>En misant sur la formation de ses dirigeants, l\u2019enseignement priv\u00e9 de Coyah s\u2019offre une nouvelle dynamique. L\u2019AFEPCO et le CFS-GSE posent ainsi les bases d\u2019une gouvernance scolaire modernis\u00e9e, capable de r\u00e9pondre aux d\u00e9fis actuels et futurs de l\u2019\u00e9ducation en Guin\u00e9e.<\/p>\n<p><strong>Cellule de communication du Collectif<\/strong><\/p>\n<p>&nbsp;<\/p>\n<p>&nbsp;<\/p>\n","protected":false},"excerpt":{"rendered":"<p>Pendant cinq jours, du 3 au 7 septembre 2025, le groupe scolaire \u2018\u2019La Gazelle\u2019\u2019 de Man\u00e9ah a accueilli un atelier de formation in\u00e9dit. Trente-cinq chefs d\u2019\u00e9tablissements scolaires priv\u00e9s de Coyah se sont retrouv\u00e9s autour d\u2019un objectif commun : renforcer leurs comp\u00e9tences pour mieux g\u00e9rer leurs \u00e9tablissements et \u00e9lever la qualit\u00e9 de l\u2019\u00e9ducation priv\u00e9e en Guin\u00e9e. [&hellip;]<\/p>\n","protected":false},"author":2,"featured_media":2435,"comment_status":"closed","ping_status":"closed","sticky":false,"template":"","format":"standard","meta":{"footnotes":""},"categories":[23],"tags":[],"class_list":{"0":"post-2434","1":"post","2":"type-post","3":"status-publish","4":"format-standard","5":"has-post-thumbnail","7":"category-societe"},"jetpack_featured_media_url":"https:\/\/cieldeguinee.net\/wp-content\/uploads\/2025\/09\/Image1.jpg","_links":{"self":[{"href":"https:\/\/cieldeguinee.net\/index.php\/wp-json\/wp\/v2\/posts\/2434","targetHints":{"allow":["GET"]}}],"collection":[{"href":"https:\/\/cieldeguinee.net\/index.php\/wp-json\/wp\/v2\/posts"}],"about":[{"href":"https:\/\/cieldeguinee.net\/index.php\/wp-json\/wp\/v2\/types\/post"}],"author":[{"embeddable":true,"href":"https:\/\/cieldeguinee.net\/index.php\/wp-json\/wp\/v2\/users\/2"}],"replies":[{"embeddable":true,"href":"https:\/\/cieldeguinee.net\/index.php\/wp-json\/wp\/v2\/comments?post=2434"}],"version-history":[{"count":0,"href":"https:\/\/cieldeguinee.net\/index.php\/wp-json\/wp\/v2\/posts\/2434\/revisions"}],"wp:featuredmedia":[{"embeddable":true,"href":"https:\/\/cieldeguinee.net\/index.php\/wp-json\/wp\/v2\/media\/2435"}],"wp:attachment":[{"href":"https:\/\/cieldeguinee.net\/index.php\/wp-json\/wp\/v2\/media?parent=2434"}],"wp:term":[{"taxonomy":"category","embeddable":true,"href":"https:\/\/cieldeguinee.net\/index.php\/wp-json\/wp\/v2\/categories?post=2434"},{"taxonomy":"post_tag","embeddable":true,"href":"https:\/\/cieldeguinee.net\/index.php\/wp-json\/wp\/v2\/tags?post=2434"}],"curies":[{"name":"wp","href":"https:\/\/api.w.org\/{rel}","templated":true}]}}