{"id":2443,"date":"2025-09-18T17:22:34","date_gmt":"2025-09-18T15:22:34","guid":{"rendered":"https:\/\/cieldeguinee.net\/?p=2443"},"modified":"2025-09-19T16:38:25","modified_gmt":"2025-09-19T14:38:25","slug":"kobikoro-faranah-larrestation-dun-jeune-leader-seme-la-colere","status":"publish","type":"post","link":"https:\/\/cieldeguinee.net\/index.php\/kobikoro-faranah-larrestation-dun-jeune-leader-seme-la-colere\/","title":{"rendered":"Kobikoro\/Faranah : l&rsquo;arrestation d&rsquo;un jeune leader s\u00e8me la col\u00e8re !"},"content":{"rendered":"<p>L&rsquo;arrestation et la d\u00e9tention de <strong>S\u00e9kou \u00ab\u00a0r\u00e9parateur\u00a0\u00bb<\/strong>, un jeune leader influent de Kobikoro dans la pr\u00e9fecture de Faranah, ont d\u00e9clench\u00e9 une vague de col\u00e8re et de frustration au sein de la population. Sa mise en prison, per\u00e7ue comme une injustice, a raviv\u00e9 un sentiment d&rsquo;abandon de la part de l&rsquo;\u00c9tat.<\/p>\n<p>Selon Nongo Mansar\u00e9, ancien conseiller de la commune rurale, S\u00e9kou est un jeune leader influent au sein de la sous-pr\u00e9fecture et de ses environnants. Le bureau de la Chambre Agricole est recemment mis en place et c&rsquo;est lui qui en est responsable. En tant que jeune leader et tr\u00e8s influent, ce r\u00f4le cl\u00e9 le pla\u00e7ait au centre de la r\u00e9gulation des tensions entre agriculteurs et \u00e9leveurs. \u00ab\u00a0Les animaux des \u00e9leveurs pr\u00e9sents depuis sur le sol de Kobikoro font des d\u00e9g\u00e2ts incommensurables,\u00a0\u00bb a-t-il d\u00e9clar\u00e9 avec amertume. \u00ab\u00a0Nous les cultivateurs, on ne peut plus travailler dans nos champs. Le b\u00e9tail d\u00e9truit tout, et tout r\u00e9cemment, trois champs ont \u00e9t\u00e9 compl\u00e8tement d\u00e9vast\u00e9s. S\u00e9kou recevait les plaintes des agriculteurs pour trouver des solutions. Il nous aide, et on l\u2019arr\u00eate injustement pour le mettre en prison.\u00a0\u00bb, a-t-il lanc\u00e9 avec exasp\u00e9ration.<\/p>\n<p>L\u2019ancien conseiller a ajout\u00e9 que les champs de F\u00e9gnouma et d&rsquo;un autre jeune du village ont \u00e9t\u00e9 enti\u00e8rement d\u00e9truits, plongeant les familles dans la mis\u00e8re. L&rsquo;arrestation de S\u00e9kou est donc per\u00e7ue comme un coup dur port\u00e9 \u00e0 la communaut\u00e9.<\/p>\n<p>Un autre citoyen ayant requis l&rsquo;anonymat a qualifi\u00e9 l&rsquo;arrestation d&rsquo;injustice flagrante. Il a expliqu\u00e9 que la d\u00e9tention de S\u00e9kou ferait suite \u00e0 une altercation entre un gendarme et un \u00e9leveur. Accus\u00e9 d'\u00a0\u00bbindiff\u00e9rence\u00a0\u00bb face \u00e0 la bagarre, S\u00e9kou a \u00e9t\u00e9 la seule personne appr\u00e9hend\u00e9e et incarc\u00e9r\u00e9e. \u00ab\u00a0Celui qui a port\u00e9 la main sur le gendarme n&rsquo;a pas eu de probl\u00e8me, mais c&rsquo;est seulement le jeune S\u00e9kou qui a \u00e9t\u00e9 arr\u00eat\u00e9,\u00a0\u00bb s&rsquo;est-il \u00e9tonn\u00e9.<\/p>\n<p>Cette arrestation est la goutte d&rsquo;eau qui fait d\u00e9border le vase dans une r\u00e9gion d\u00e9j\u00e0 aux prises avec de graves probl\u00e8mes de d\u00e9veloppement. Les d\u00e9fis socio-\u00e9conomiques sont \u00e9normes, et la population s&rsquo;interroge sur l&rsquo;utilisation des fonds allou\u00e9s au d\u00e9veloppement local. Seule activit\u00e9 socio-\u00e9conomique reste l\u2019agriculture, d\u00e9j\u00e0 en prise avec les animaux des \u00e9leveurs. Les tensions qui naissent dans ce sens sont un probl\u00e8me majeur auquel les autorit\u00e9s ne semblent pas apporter de r\u00e9ponse pratique.<\/p>\n<p>L&#8217;emprisonnement de S\u00e9kou r\u00e9parateur, figure tr\u00e8s respect\u00e9e, a raviv\u00e9 la col\u00e8re populaire, aliment\u00e9e par ce qui est per\u00e7u comme une indiff\u00e9rence de l&rsquo;\u00c9tat face aux pr\u00e9occupations de la communaut\u00e9. Des vid\u00e9os amateurs circulant sur les r\u00e9seaux sociaux montrent des habitants exprimant leur frustration si S\u00e9kou n&rsquo;est pas lib\u00e9r\u00e9.<\/p>\n<p>La sous-pr\u00e9fecture de Kobikoro, traditionnellement un bastion du pouvoir, pourrait se d\u00e9solidariser du scrutin. Les habitants exigent la lib\u00e9ration imm\u00e9diate de leur jeune leader, clamant haut et fort qu&rsquo;ils s&rsquo;abstiendront de voter tant que justice ne sera pas faite.<\/p>\n<p>La situation actuelle pose un d\u00e9fi de taille aux autorit\u00e9s, qui devront d\u00e9samorcer la crise en lib\u00e9rant S\u00e9kou, pour \u00e9viter une possible abstention massive dans cette localit\u00e9 cl\u00e9.<\/p>\n<p>La R\u00e9daction<\/p>\n<p>&nbsp;<\/p>\n","protected":false},"excerpt":{"rendered":"<p>L&rsquo;arrestation et la d\u00e9tention de S\u00e9kou \u00ab\u00a0r\u00e9parateur\u00a0\u00bb, un jeune leader influent de Kobikoro dans la pr\u00e9fecture de Faranah, ont d\u00e9clench\u00e9 une vague de col\u00e8re et de frustration au sein de la population. Sa mise en prison, per\u00e7ue comme une injustice, a raviv\u00e9 un sentiment d&rsquo;abandon de la part de l&rsquo;\u00c9tat. Selon Nongo Mansar\u00e9, ancien conseiller [&hellip;]<\/p>\n","protected":false},"author":2,"featured_media":2214,"comment_status":"closed","ping_status":"closed","sticky":false,"template":"","format":"standard","meta":{"footnotes":""},"categories":[23],"tags":[],"class_list":{"0":"post-2443","1":"post","2":"type-post","3":"status-publish","4":"format-standard","5":"has-post-thumbnail","7":"category-societe"},"jetpack_featured_media_url":"https:\/\/cieldeguinee.net\/wp-content\/uploads\/2025\/05\/kobikoro2.jpg","_links":{"self":[{"href":"https:\/\/cieldeguinee.net\/index.php\/wp-json\/wp\/v2\/posts\/2443","targetHints":{"allow":["GET"]}}],"collection":[{"href":"https:\/\/cieldeguinee.net\/index.php\/wp-json\/wp\/v2\/posts"}],"about":[{"href":"https:\/\/cieldeguinee.net\/index.php\/wp-json\/wp\/v2\/types\/post"}],"author":[{"embeddable":true,"href":"https:\/\/cieldeguinee.net\/index.php\/wp-json\/wp\/v2\/users\/2"}],"replies":[{"embeddable":true,"href":"https:\/\/cieldeguinee.net\/index.php\/wp-json\/wp\/v2\/comments?post=2443"}],"version-history":[{"count":0,"href":"https:\/\/cieldeguinee.net\/index.php\/wp-json\/wp\/v2\/posts\/2443\/revisions"}],"wp:featuredmedia":[{"embeddable":true,"href":"https:\/\/cieldeguinee.net\/index.php\/wp-json\/wp\/v2\/media\/2214"}],"wp:attachment":[{"href":"https:\/\/cieldeguinee.net\/index.php\/wp-json\/wp\/v2\/media?parent=2443"}],"wp:term":[{"taxonomy":"category","embeddable":true,"href":"https:\/\/cieldeguinee.net\/index.php\/wp-json\/wp\/v2\/categories?post=2443"},{"taxonomy":"post_tag","embeddable":true,"href":"https:\/\/cieldeguinee.net\/index.php\/wp-json\/wp\/v2\/tags?post=2443"}],"curies":[{"name":"wp","href":"https:\/\/api.w.org\/{rel}","templated":true}]}}