{"id":2471,"date":"2025-10-10T04:35:43","date_gmt":"2025-10-10T02:35:43","guid":{"rendered":"https:\/\/cieldeguinee.net\/?p=2471"},"modified":"2025-10-10T04:35:43","modified_gmt":"2025-10-10T02:35:43","slug":"la-candidature-de-mamadi-doumbouya-a-la-presidentielle-est-inevitable-revele-moussa-moise-sylla","status":"publish","type":"post","link":"https:\/\/cieldeguinee.net\/index.php\/la-candidature-de-mamadi-doumbouya-a-la-presidentielle-est-inevitable-revele-moussa-moise-sylla\/","title":{"rendered":"\u00ab La candidature de Mamadi Doumbouya \u00e0 la pr\u00e9sidentielle est in\u00e9vitable \u00bb, r\u00e9v\u00e8le Moussa Mo\u00efse Sylla"},"content":{"rendered":"<h3><strong>Le ministre de la Culture\u00a0 et de l\u2019Artisanat, Moussa Mo\u00efse Sylla, a cr\u00e9\u00e9 l\u2019\u00e9v\u00e9nement ce jeudi 9 octobre en d\u00e9clarant que la candidature du G\u00e9n\u00e9ral Mamadi Doumbouya \u00e0 la prochaine \u00e9lection pr\u00e9sidentielle est \u00ab\u00a0in\u00e9vitable\u00a0\u00bb. Le ministre s\u2019exprimait \u00e0 l\u2019occasion du lancement officiel des activit\u00e9s du mouvement Jeunesse Pr\u00e9sidentielle de Guin\u00e9e (JPG).<\/strong><\/h3>\n<h3>Malgr\u00e9 l\u2019absence de d\u00e9claration officielle, le ministre Moussa Mo\u00efse a affirm\u00e9 avec conviction que cette candidature \u00ab\u00a0se fera\u00a0\u00bb.<\/h3>\n<h3>Il a soutenu que la participation du chef de la transition au scrutin n\u2019est plus une simple hypoth\u00e8se, mais une \u00ab\u00a0exigence\u00a0\u00bb \u00e9manant d\u2019une part significative de la population guin\u00e9enne.<\/h3>\n<h3>\u00ab\u00a0<strong><em>Elle n\u2019est pas encore d\u00e9clar\u00e9e, mais elle est exig\u00e9e par une frange importante de la population guin\u00e9enne, par le peuple de Guin\u00e9e. Donc, c\u2019est une candidature qui se<\/em>\u00a0<em>fera<\/em><\/strong>,\u00a0\u00bb a-t-il d\u00e9clar\u00e9 devant l\u2019assembl\u00e9e.<\/h3>\n<h3>Moussa Mo\u00efse Sylla a par ailleurs soulign\u00e9 son \u00ab\u00a0intime conviction\u00a0\u00bb que le G\u00e9n\u00e9ral Doumbouya se pr\u00e9sentera, en s\u2019appuyant sur le soutien populaire qu\u2019il per\u00e7oit.<\/h3>\n<h3>\u00ab\u00a0<strong><em>Si les femmes de Guin\u00e9e se l\u00e8vent pour exiger sa candidature, la jeunesse exige sa candidature, les sages sont parmi nous, c\u2019est une candidature que Dieu m\u00eame appelle de tous ses v\u0153ux<\/em><\/strong>,\u00a0\u00bb a-t-il ajout\u00e9, faisant appel \u00e0 une dimension \u00e0 la fois populaire et spirituelle pour justifier sa position.<\/h3>\n<h3><strong>Minkael Barry\u00a0<\/strong><\/h3>\n","protected":false},"excerpt":{"rendered":"<p>Le ministre de la Culture\u00a0 et de l\u2019Artisanat, Moussa Mo\u00efse Sylla, a cr\u00e9\u00e9 l\u2019\u00e9v\u00e9nement ce jeudi 9 octobre en d\u00e9clarant que la candidature du G\u00e9n\u00e9ral Mamadi Doumbouya \u00e0 la prochaine \u00e9lection pr\u00e9sidentielle est \u00ab\u00a0in\u00e9vitable\u00a0\u00bb. Le ministre s\u2019exprimait \u00e0 l\u2019occasion du lancement officiel des activit\u00e9s du mouvement Jeunesse Pr\u00e9sidentielle de Guin\u00e9e (JPG). Malgr\u00e9 l\u2019absence de d\u00e9claration [&hellip;]<\/p>\n","protected":false},"author":2,"featured_media":2472,"comment_status":"closed","ping_status":"closed","sticky":false,"template":"","format":"standard","meta":{"footnotes":""},"categories":[3],"tags":[],"class_list":{"0":"post-2471","1":"post","2":"type-post","3":"status-publish","4":"format-standard","5":"has-post-thumbnail","7":"category-politique"},"jetpack_featured_media_url":"https:\/\/cieldeguinee.net\/wp-content\/uploads\/2025\/10\/images-1-1.webp","_links":{"self":[{"href":"https:\/\/cieldeguinee.net\/index.php\/wp-json\/wp\/v2\/posts\/2471","targetHints":{"allow":["GET"]}}],"collection":[{"href":"https:\/\/cieldeguinee.net\/index.php\/wp-json\/wp\/v2\/posts"}],"about":[{"href":"https:\/\/cieldeguinee.net\/index.php\/wp-json\/wp\/v2\/types\/post"}],"author":[{"embeddable":true,"href":"https:\/\/cieldeguinee.net\/index.php\/wp-json\/wp\/v2\/users\/2"}],"replies":[{"embeddable":true,"href":"https:\/\/cieldeguinee.net\/index.php\/wp-json\/wp\/v2\/comments?post=2471"}],"version-history":[{"count":0,"href":"https:\/\/cieldeguinee.net\/index.php\/wp-json\/wp\/v2\/posts\/2471\/revisions"}],"wp:featuredmedia":[{"embeddable":true,"href":"https:\/\/cieldeguinee.net\/index.php\/wp-json\/wp\/v2\/media\/2472"}],"wp:attachment":[{"href":"https:\/\/cieldeguinee.net\/index.php\/wp-json\/wp\/v2\/media?parent=2471"}],"wp:term":[{"taxonomy":"category","embeddable":true,"href":"https:\/\/cieldeguinee.net\/index.php\/wp-json\/wp\/v2\/categories?post=2471"},{"taxonomy":"post_tag","embeddable":true,"href":"https:\/\/cieldeguinee.net\/index.php\/wp-json\/wp\/v2\/tags?post=2471"}],"curies":[{"name":"wp","href":"https:\/\/api.w.org\/{rel}","templated":true}]}}