{"id":2494,"date":"2025-10-29T00:29:14","date_gmt":"2025-10-28T23:29:14","guid":{"rendered":"https:\/\/cieldeguinee.net\/?p=2494"},"modified":"2025-10-29T00:29:14","modified_gmt":"2025-10-28T23:29:14","slug":"candidature-obligatoire-et-destin-national-pour-une-decision-murie-dans-linteret-superieur-de-la-guinee-par-caleb-kolie","status":"publish","type":"post","link":"https:\/\/cieldeguinee.net\/index.php\/candidature-obligatoire-et-destin-national-pour-une-decision-murie-dans-linteret-superieur-de-la-guinee-par-caleb-kolie\/","title":{"rendered":"\u00ab Candidature obligatoire \u00bb et destin national : pour une d\u00e9cision m\u00fbrie dans l\u2019int\u00e9r\u00eat sup\u00e9rieur de la Guin\u00e9e (Par Caleb Koli\u00e9)"},"content":{"rendered":"<h3><strong>La sc\u00e8ne politique guin\u00e9enne est actuellement travers\u00e9e par des appels vibrants, \u00e9manant de diverses manifestations et meetings, r\u00e9clamant une candidature obligatoire du G\u00e9n\u00e9ral Mamadi Doumbouya \u00e0 la future \u00e9lection pr\u00e9sidentielle. S\u2019il est ind\u00e9niable que ces mouvements traduisent une forme d\u2019adh\u00e9sion populaire, il est peut-\u00eatre plus sage de consid\u00e9rer cette question sous un angle plus large : celui du leadership responsable, des r\u00e9alisations concr\u00e8tes et de la souverainet\u00e9 nationale qui caract\u00e9risent l\u2019action du Pr\u00e9sident de la Transition<\/strong>.<\/h3>\n<h3>Plut\u00f4t que de prescrire une voie unique, honorons la trajectoire du G\u00e9n\u00e9ral Doumbouya en lui faisant confiance pour prendre, en son \u00e2me et conscience, la d\u00e9cision qui servira le mieux le destin de la Guin\u00e9e.<\/h3>\n<h3>Depuis le d\u00e9but de la transition, la Guin\u00e9e avance sur des sentiers concrets trac\u00e9s par une vision claire. L\u2019accent a \u00e9t\u00e9 mis sur la r\u00e9conciliation nationale dans un pays o\u00f9 le tissu social \u00e9tait compl\u00e8tement fissur\u00e9, selon les mots du Pr\u00e9sident lui-m\u00eame . Cette priorit\u00e9 sociale a \u00e9t\u00e9 la premi\u00e8re pierre d\u2019un \u00e9difice qui inclut \u00e9galement :<\/h3>\n<h3>\u00c0 travers la diversification de l\u2019\u00e9conomie, les investissements dans l\u2019agriculture, l\u2019industrie et les infrastructures . La finalisation du projet Simandou, pr\u00e9sent\u00e9 comme le plus grand projet int\u00e9gr\u00e9 Mines-Infrastructures jamais r\u00e9alis\u00e9 au monde, en est une illustration phare. Ce projet est con\u00e7u comme un moteur de transformation structurelle de l\u2019\u00e9conomie guin\u00e9enne, cr\u00e9ateur d\u2019emplois et de valeur ajout\u00e9e local.<\/h3>\n<h3>L\u2019organisation du r\u00e9f\u00e9rendum constitutionnel de septembre 2025 s\u2019inscrit dans la feuille de route pour un retour \u00e0 l\u2019ordre constitutionnel . Parall\u00e8lement, des r\u00e9formes pratiques, comme la biom\u00e9trisation de la fonction publique ou une nouvelle r\u00e9glementation fonci\u00e8re, modernisent l\u2019administration et am\u00e9liore la gouvernance .<\/h3>\n<h3>La Guin\u00e9e a renforc\u00e9 sa pr\u00e9sence internationale, comme en t\u00e9moigne la r\u00e9cente accr\u00e9ditation de 16 nouveaux ambassadeurs, preuve d\u2019une diplomatie proactive et partenariale .<\/h3>\n<h3>Ces r\u00e9alisations, visibles sur le terrain, constituent une base solide bien plus \u00e9loquente que tout slogan politique. Elles d\u00e9montrent un sens du devoir et une capacit\u00e9 d\u2019ex\u00e9cution qui forcent le respect.<br \/>\nLa pression pour une \u00ab candidature obligatoire \u00bb pourrait, par inadvertance, obscurcir l\u2019essentiel : la d\u00e9cision du G\u00e9n\u00e9ral Doumbouya sera le fruit d\u2019une r\u00e9flexion profonde, \u00e9valuant l\u2019ensemble des param\u00e8tres nationaux et internationaux.<\/h3>\n<h3>Un leader doit croire en la justesse de son action pour l\u2019inspirer efficacement . Les r\u00e9formes engag\u00e9es montrent que le Pr\u00e9sident de la Transition est anim\u00e9 par une vision strat\u00e9gique pour la Guin\u00e9e.<\/h3>\n<h3>Face \u00e0 de multiples d\u00e9fis, un bon leader identifie les priorit\u00e9s et s\u2019attache \u00e0 les ex\u00e9cuter . C\u2019est pr\u00e9cis\u00e9ment la m\u00e9thode qui a \u00e9t\u00e9 appliqu\u00e9e, en abordant successivement les dossiers sociaux, \u00e9conomiques et politiques.<br \/>\nPrendre le temps de la r\u00e9flexion, \u00e9couter sans \u00eatre soumis aux pressions, est la marque d\u2019un homme d\u2019\u00c9tat qui place l\u2019int\u00e9r\u00eat national au-dessus des calculs personnels ou des clameurs imm\u00e9diates.<\/h3>\n<h3>Le plus grand hommage que les partisans comme les observateurs neutres puissent rendre au G\u00e9n\u00e9ral Mamadi Doumbouya n\u2019est donc pas une injonction \u00e0 se porter candidat. Il r\u00e9side dans une confiance sereine en sa sagesse et en son patriotisme.<\/h3>\n<h3>Faisons lui confiance pour son exp\u00e9rience unique, du militaire au dirigeant, lui donne une perspective incomparable sur les besoins et les capacit\u00e9s de la nation.<\/h3>\n<h3>En tant que fils de la Guin\u00e9e, son histoire personnelle est inextricablement li\u00e9e \u00e0 celle de son pays. Sa d\u00e9cision sera n\u00e9cessairement m\u00fbrie par cet attachement visc\u00e9ral.<br \/>\nL\u2019objectif ultime, partag\u00e9 par tous les Guin\u00e9ens, est une Guin\u00e9e pacifi\u00e9e, prosp\u00e8re et souveraine. C\u2019est \u00e0 cet aulne que le Pr\u00e9sident de la Transition \u00e9valuera la suite \u00e0 donner.<\/h3>\n<h3>Pour ma part, la trajectoire du G\u00e9n\u00e9ral Mamadi Doumbouya depuis 2021 lui a valu un capital de confiance consid\u00e9rable. Au lieu de le brusquer par des demandes cat\u00e9goriques, honorons son leadership en lui accordant l\u2019espace et la s\u00e9r\u00e9nit\u00e9 n\u00e9cessaires pour prendre sa d\u00e9cision. Que l\u2019on soit pour ou contre une candidature potentielle, nous pouvons tous nous accorder sur un point :<\/h3>\n<h3>l\u2019avenir de la Guin\u00e9e m\u00e9rite que cette question soit trait\u00e9e avec le plus grand sens des responsabilit\u00e9s, une qualit\u00e9 dont le Pr\u00e9sident de la transition a, jusqu\u2019\u00e0 pr\u00e9sent, fait ample d\u00e9monstration. Laissons-le donc regarder son destin et celui de la Guin\u00e9e, et d\u00e9cider en toute responsabilit\u00e9.<\/h3>\n<h3><strong>Caleb Koli\u00e9<\/strong><\/h3>\n","protected":false},"excerpt":{"rendered":"<p>La sc\u00e8ne politique guin\u00e9enne est actuellement travers\u00e9e par des appels vibrants, \u00e9manant de diverses manifestations et meetings, r\u00e9clamant une candidature obligatoire du G\u00e9n\u00e9ral Mamadi Doumbouya \u00e0 la future \u00e9lection pr\u00e9sidentielle. S\u2019il est ind\u00e9niable que ces mouvements traduisent une forme d\u2019adh\u00e9sion populaire, il est peut-\u00eatre plus sage de consid\u00e9rer cette question sous un angle plus large [&hellip;]<\/p>\n","protected":false},"author":2,"featured_media":2495,"comment_status":"closed","ping_status":"closed","sticky":false,"template":"","format":"standard","meta":{"footnotes":""},"categories":[1],"tags":[],"class_list":{"0":"post-2494","1":"post","2":"type-post","3":"status-publish","4":"format-standard","5":"has-post-thumbnail","7":"category-non-classe"},"jetpack_featured_media_url":"https:\/\/cieldeguinee.net\/wp-content\/uploads\/2025\/10\/1761668454455.webp","_links":{"self":[{"href":"https:\/\/cieldeguinee.net\/index.php\/wp-json\/wp\/v2\/posts\/2494","targetHints":{"allow":["GET"]}}],"collection":[{"href":"https:\/\/cieldeguinee.net\/index.php\/wp-json\/wp\/v2\/posts"}],"about":[{"href":"https:\/\/cieldeguinee.net\/index.php\/wp-json\/wp\/v2\/types\/post"}],"author":[{"embeddable":true,"href":"https:\/\/cieldeguinee.net\/index.php\/wp-json\/wp\/v2\/users\/2"}],"replies":[{"embeddable":true,"href":"https:\/\/cieldeguinee.net\/index.php\/wp-json\/wp\/v2\/comments?post=2494"}],"version-history":[{"count":0,"href":"https:\/\/cieldeguinee.net\/index.php\/wp-json\/wp\/v2\/posts\/2494\/revisions"}],"wp:featuredmedia":[{"embeddable":true,"href":"https:\/\/cieldeguinee.net\/index.php\/wp-json\/wp\/v2\/media\/2495"}],"wp:attachment":[{"href":"https:\/\/cieldeguinee.net\/index.php\/wp-json\/wp\/v2\/media?parent=2494"}],"wp:term":[{"taxonomy":"category","embeddable":true,"href":"https:\/\/cieldeguinee.net\/index.php\/wp-json\/wp\/v2\/categories?post=2494"},{"taxonomy":"post_tag","embeddable":true,"href":"https:\/\/cieldeguinee.net\/index.php\/wp-json\/wp\/v2\/tags?post=2494"}],"curies":[{"name":"wp","href":"https:\/\/api.w.org\/{rel}","templated":true}]}}