{"id":251,"date":"2023-10-30T20:39:54","date_gmt":"2023-10-30T19:39:54","guid":{"rendered":"https:\/\/cieldeguinee.net\/2023\/10\/30\/communique-n-03-relatif-au-concours-de-recrutement-a-la-fonction-publique-session-2023\/"},"modified":"2023-10-30T21:51:33","modified_gmt":"2023-10-30T20:51:33","slug":"communique-n-03-relatif-au-concours-de-recrutement-a-la-fonction-publique-session-2023","status":"publish","type":"post","link":"https:\/\/cieldeguinee.net\/index.php\/communique-n-03-relatif-au-concours-de-recrutement-a-la-fonction-publique-session-2023\/","title":{"rendered":"COMMUNIQUE N 03 RELATIF AU CONCOURS DE RECRUTEMENT A LA FONCTION PUBLIQUE, SESSION 2023"},"content":{"rendered":"<p><\/p>\n<div>\n<div class=\"td-post-featured-image\"><a href=\"https:\/\/leverificateur.net\/wp-content\/uploads\/2023\/10\/Julien-Yombouno-ministre-de-la-Fonction-publique-777x437-1.jpg\" data-caption=\"\"><\/a><\/div>\n<p>Dans sa volont\u00e9 de faciliter le processus d\u2019inscription au concours de recrutement \u00e0 la Fonction publique pour la session 2023, le Minist\u00e8re du Travail et de la Fonction Publique informe tous les candidats des pi\u00e8ces n\u00e9cessaires pour la constitution de leur dossier de candidature. Ces pi\u00e8ces sont les suivantes :<\/p>\n<p><img alt=\"*\" width=\"40\" height=\"20\"\/>\u00a0\u00a0\u00a0\u00a0\u00a0\u00a0\u00a0\u00a0\u00a0\u00a0\u00a0\u00a0\u00a0\u00a0\u00a0Une copie de la pi\u00e8ce d\u2019identification biom\u00e9trique (carte nationale d\u2019identit\u00e9, passeport ou extrait d\u2019acte de naissance)\u00a0;<\/p>\n<p><img alt=\"*\" width=\"40\" height=\"20\"\/>\u00a0\u00a0\u00a0\u00a0\u00a0\u00a0\u00a0\u00a0\u00a0\u00a0\u00a0\u00a0\u00a0\u00a0\u00a0Une copie du dipl\u00f4me pertinent pour le poste sollicit\u00e9 ou de l\u2019attestation de fin de cycle ;<\/p>\n<p><img alt=\"*\" width=\"40\" height=\"20\"\/>\u00a0\u00a0\u00a0\u00a0\u00a0\u00a0\u00a0\u00a0\u00a0\u00a0\u00a0\u00a0\u00a0\u00a0\u00a0Une photo d\u2019identit\u00e9 r\u00e9cente (datant de moins de 3 mois) ;<\/p>\n<p><img alt=\"*\" width=\"40\" height=\"20\"\/>\u00a0\u00a0\u00a0\u00a0\u00a0\u00a0\u00a0\u00a0\u00a0\u00a0\u00a0\u00a0\u00a0\u00a0\u00a0Un certificat de r\u00e9sidence datant de moins de trois (3) mois ,<\/p>\n<p><b>NB\u00a0<\/b>: Des frais d\u2019inscription d\u2019un montant de\u00a0<b>100 000 GNF<\/b>, non remboursable, sont requis pour participer au concours. Ces frais doivent \u00eatre r\u00e9gl\u00e9s en ligne via la plateforme d\u00e9di\u00e9e au concours.<\/p>\n<p>Les candidats qui seront admis \u00e0 ce concours de recrutement devront fournir les pi\u00e8ces compl\u00e9mentaires suivantes, avant leur int\u00e9gration au sein de la Fonction Publique, en vue des proc\u00e9dures de biom\u00e9trie :<\/p>\n<p><img alt=\"*\" width=\"40\" height=\"20\"\/>\u00a0\u00a0\u00a0\u00a0\u00a0\u00a0\u00a0\u00a0\u00a0\u00a0\u00a0\u00a0\u00a0\u00a0\u00a0\u00a0Un certificat de visite et contre visite datant de moins de trois (03) mois ;<\/p>\n<p><img alt=\"*\" width=\"40\" height=\"20\"\/>\u00a0\u00a0\u00a0\u00a0\u00a0\u00a0\u00a0\u00a0\u00a0\u00a0\u00a0\u00a0\u00a0\u00a0\u00a0\u00a0Un extrait du casier judiciaire ou un certificat de non-poursuite judiciaire ;<\/p>\n<p><img alt=\"*\" width=\"40\" height=\"20\"\/>\u00a0\u00a0\u00a0\u00a0\u00a0\u00a0\u00a0\u00a0\u00a0\u00a0\u00a0\u00a0\u00a0\u00a0\u00a0\u00a0\u00a0Une copie du certificat de nationalit\u00e9 ;<\/p>\n<p>Le Ministre du Travail et de la Fonction Publique compte sur la compr\u00e9hension et le sens civique de tous les candidats pour le respect des dispositions du pr\u00e9sent communiqu\u00e9.<\/p>\n<p>\u00a0<\/p>\n<p><b>Julien YOMBOUNO<\/b><\/p>\n<p><b>Ministre du Travail et de la Fonction Publique<\/b><\/p>\n<\/p><\/div>\n<p><a href=\"https:\/\/leverificateur.net\/index.php\/communique-n-03-relatif-au-concours-de-recrutement-a-la-fonction-publique-session-2023\/\">Source link <\/a><\/p>\n","protected":false},"excerpt":{"rendered":"<p>Dans sa volont\u00e9 de faciliter le processus d\u2019inscription au concours de recrutement \u00e0 la Fonction publique pour la session 2023, le Minist\u00e8re du Travail et de la Fonction Publique informe tous les candidats des pi\u00e8ces n\u00e9cessaires pour la constitution de leur dossier de candidature. Ces pi\u00e8ces sont les suivantes : \u00a0\u00a0\u00a0\u00a0\u00a0\u00a0\u00a0\u00a0\u00a0\u00a0\u00a0\u00a0\u00a0\u00a0\u00a0Une copie de la pi\u00e8ce [&hellip;]<\/p>\n","protected":false},"author":2,"featured_media":252,"comment_status":"open","ping_status":"open","sticky":false,"template":"","format":"standard","meta":{"footnotes":""},"categories":[2,9,4,5,6,7,8,3,10],"tags":[],"class_list":{"0":"post-251","1":"post","2":"type-post","3":"status-publish","4":"format-standard","5":"has-post-thumbnail","7":"category-a-la-une","8":"category-culture","9":"category-economie","10":"category-environnement","11":"category-international","12":"category-interview","13":"category-opinion","14":"category-politique","15":"category-sante"},"jetpack_featured_media_url":"https:\/\/cieldeguinee.net\/wp-content\/uploads\/2023\/10\/Julien-Yombouno-ministre-de-la-Fonction-publique-777x437-1.jpg","_links":{"self":[{"href":"https:\/\/cieldeguinee.net\/index.php\/wp-json\/wp\/v2\/posts\/251","targetHints":{"allow":["GET"]}}],"collection":[{"href":"https:\/\/cieldeguinee.net\/index.php\/wp-json\/wp\/v2\/posts"}],"about":[{"href":"https:\/\/cieldeguinee.net\/index.php\/wp-json\/wp\/v2\/types\/post"}],"author":[{"embeddable":true,"href":"https:\/\/cieldeguinee.net\/index.php\/wp-json\/wp\/v2\/users\/2"}],"replies":[{"embeddable":true,"href":"https:\/\/cieldeguinee.net\/index.php\/wp-json\/wp\/v2\/comments?post=251"}],"version-history":[{"count":0,"href":"https:\/\/cieldeguinee.net\/index.php\/wp-json\/wp\/v2\/posts\/251\/revisions"}],"wp:featuredmedia":[{"embeddable":true,"href":"https:\/\/cieldeguinee.net\/index.php\/wp-json\/wp\/v2\/media\/252"}],"wp:attachment":[{"href":"https:\/\/cieldeguinee.net\/index.php\/wp-json\/wp\/v2\/media?parent=251"}],"wp:term":[{"taxonomy":"category","embeddable":true,"href":"https:\/\/cieldeguinee.net\/index.php\/wp-json\/wp\/v2\/categories?post=251"},{"taxonomy":"post_tag","embeddable":true,"href":"https:\/\/cieldeguinee.net\/index.php\/wp-json\/wp\/v2\/tags?post=251"}],"curies":[{"name":"wp","href":"https:\/\/api.w.org\/{rel}","templated":true}]}}