{"id":2515,"date":"2025-11-04T16:17:16","date_gmt":"2025-11-04T15:17:16","guid":{"rendered":"https:\/\/cieldeguinee.net\/?p=2515"},"modified":"2025-11-04T16:20:49","modified_gmt":"2025-11-04T15:20:49","slug":"candidature-de-doumbouya-daniel-kolie-repond-les-fvg-il-beneficie-pleinement-du-droit-constitutionnel-de-solliciter-le-suffrage-du-peuple","status":"publish","type":"post","link":"https:\/\/cieldeguinee.net\/index.php\/candidature-de-doumbouya-daniel-kolie-repond-les-fvg-il-beneficie-pleinement-du-droit-constitutionnel-de-solliciter-le-suffrage-du-peuple\/","title":{"rendered":"Candidature de Doumbouya: La r\u00e9plique de Daniel Koli\u00e9 aux FVG de Guin\u00e9e : \u201cIl b\u00e9n\u00e9ficie pleinement du droit constitutionnel de solliciter le suffrage du peuple\u201d"},"content":{"rendered":"<div dir=\"auto\">Chers membres des Forces Vives,<\/div>\n<div dir=\"auto\"><\/div>\n<div dir=\"auto\">En notre qualit\u00e9 de candidats \u00e0 l\u2019\u00e9lection pr\u00e9sidentielle du 28 d\u00e9cembre 2025, nous tenons \u00e0 rappeler que la candidature du Pr\u00e9sident Mamadi Doumbouya ne saurait constituer un sujet de controverse. En tant que citoyen guin\u00e9en, il b\u00e9n\u00e9ficie pleinement du droit constitutionnel de solliciter le suffrage du peuple.<\/div>\n<div dir=\"auto\"><\/div>\n<div dir=\"auto\">Nous appelons \u00e0 ce que cette \u00e9ch\u00e9ance \u00e9lectorale se d\u00e9roule dans la paix, la dignit\u00e9 et le strict respect des principes r\u00e9publicains. Apr\u00e8s plus de quatre ann\u00e9es de transition, le peuple de Guin\u00e9e est l\u00e9gitimement impatient d\u2019exercer sa souverainet\u00e9 et de choisir librement son prochain Pr\u00e9sident. Nul ne doit entraver cette aspiration, encore moins ceux qui portent une responsabilit\u00e9 dans les retards accumul\u00e9s par notre Nation.<\/div>\n<div dir=\"auto\"><\/div>\n<div dir=\"auto\">Nous lan\u00e7ons un appel solennel \u00e0 l\u2019ensemble des citoyens\u00a0 en particulier \u00e0 la jeunesse, aux femmes, aux forces sociales et aux diasporas \u00e0 se mobiliser massivement, pacifiquement et dans le respect de la loi, afin de faire de ce scrutin un moment de maturit\u00e9 d\u00e9mocratique et d\u2019unit\u00e9 nationale.<\/div>\n<div dir=\"auto\">Voter, c\u2019est choisir l\u2019avenir de notre pays. S\u2019abstenir, c\u2019est laisser d\u2019autres d\u00e9cider \u00e0 sa place.<\/div>\n<div dir=\"auto\"><\/div>\n<div dir=\"auto\">Nous r\u00e9affirmons notre engagement \u00e0 participer \u00e0 une comp\u00e9tition \u00e9lectorale responsable, transparente et respectueuse des institutions de la R\u00e9publique et de la volont\u00e9 du peuple souverain.<\/div>\n<div dir=\"auto\"><\/div>\n<div dir=\"auto\">Daniel KOLI\u00c9<\/div>\n<div dir=\"auto\">Candidat \u00e0 l\u2019\u00e9lection pr\u00e9sidentielle du 28 d\u00e9cembre 2025<\/div>\n","protected":false},"excerpt":{"rendered":"<p>Chers membres des Forces Vives, En notre qualit\u00e9 de candidats \u00e0 l\u2019\u00e9lection pr\u00e9sidentielle du 28 d\u00e9cembre 2025, nous tenons \u00e0 rappeler que la candidature du Pr\u00e9sident Mamadi Doumbouya ne saurait constituer un sujet de controverse. En tant que citoyen guin\u00e9en, il b\u00e9n\u00e9ficie pleinement du droit constitutionnel de solliciter le suffrage du peuple. Nous appelons \u00e0 [&hellip;]<\/p>\n","protected":false},"author":2,"featured_media":2516,"comment_status":"closed","ping_status":"closed","sticky":false,"template":"","format":"standard","meta":{"footnotes":""},"categories":[3],"tags":[],"class_list":{"0":"post-2515","1":"post","2":"type-post","3":"status-publish","4":"format-standard","5":"has-post-thumbnail","7":"category-politique"},"jetpack_featured_media_url":"https:\/\/cieldeguinee.net\/wp-content\/uploads\/2025\/11\/c1fd11e6-df23-416b-a5b7-c1a3255c6c54.jpeg","_links":{"self":[{"href":"https:\/\/cieldeguinee.net\/index.php\/wp-json\/wp\/v2\/posts\/2515","targetHints":{"allow":["GET"]}}],"collection":[{"href":"https:\/\/cieldeguinee.net\/index.php\/wp-json\/wp\/v2\/posts"}],"about":[{"href":"https:\/\/cieldeguinee.net\/index.php\/wp-json\/wp\/v2\/types\/post"}],"author":[{"embeddable":true,"href":"https:\/\/cieldeguinee.net\/index.php\/wp-json\/wp\/v2\/users\/2"}],"replies":[{"embeddable":true,"href":"https:\/\/cieldeguinee.net\/index.php\/wp-json\/wp\/v2\/comments?post=2515"}],"version-history":[{"count":0,"href":"https:\/\/cieldeguinee.net\/index.php\/wp-json\/wp\/v2\/posts\/2515\/revisions"}],"wp:featuredmedia":[{"embeddable":true,"href":"https:\/\/cieldeguinee.net\/index.php\/wp-json\/wp\/v2\/media\/2516"}],"wp:attachment":[{"href":"https:\/\/cieldeguinee.net\/index.php\/wp-json\/wp\/v2\/media?parent=2515"}],"wp:term":[{"taxonomy":"category","embeddable":true,"href":"https:\/\/cieldeguinee.net\/index.php\/wp-json\/wp\/v2\/categories?post=2515"},{"taxonomy":"post_tag","embeddable":true,"href":"https:\/\/cieldeguinee.net\/index.php\/wp-json\/wp\/v2\/tags?post=2515"}],"curies":[{"name":"wp","href":"https:\/\/api.w.org\/{rel}","templated":true}]}}