{"id":2548,"date":"2025-11-12T15:14:33","date_gmt":"2025-11-12T14:14:33","guid":{"rendered":"https:\/\/cieldeguinee.net\/?p=2548"},"modified":"2025-11-13T12:06:38","modified_gmt":"2025-11-13T11:06:38","slug":"aravane-reliefh-en-guinee-le-ministre-de-lenseignement-pre-universitaire-et-de-lalphabetisation-preside-la-ceremonie-du-lancement-officiel-a-conakry","status":"publish","type":"post","link":"https:\/\/cieldeguinee.net\/index.php\/aravane-reliefh-en-guinee-le-ministre-de-lenseignement-pre-universitaire-et-de-lalphabetisation-preside-la-ceremonie-du-lancement-officiel-a-conakry\/","title":{"rendered":"Caravane RELIEFH en Guin\u00e9e, le Ministre de l\u2019Enseignement Pr\u00e9-Universitaire et de l&rsquo;Alphab\u00e9tisation pr\u00e9side la c\u00e9r\u00e9monie du lancement officiel \u00e0 Conakry."},"content":{"rendered":"<p>C&rsquo;est au Lyc\u00e9e\/Coll\u00e8ge Dr. Facinet B\u00c9AVOGUI situ\u00e9 dans la Commune urbaine de TOMBOLIA , que le Ministre Jean Paul C\u00c9DY a officiellement lanc\u00e9 ce lundi 10 novembre 2025, la Caravane RELIEFH Guin\u00e9e.<\/p>\n<p>L&rsquo;\u00e9v\u00e8nement a connu la pr\u00e9sence effective de toute la d\u00e9l\u00e9gation de l&rsquo;Institut Francophone pour l&rsquo;Education et la Formation IFEF conduite par sa Directrice.<\/p>\n<p>Les Ambassadeurs de la caravane \ud835\udddb\ud835\uddee\ud835\uddf1\ud835\uddf7\ud835\uddee \ud835\udddc\ud835\uddf1\ud835\uddff\ud835\uddf6\ud835\ude00\ud835\ude00\ud835\uddee \ud835\uddd5\ud835\uddd4\ud835\udddb \ud835\uddf2\ud835\ude01 \ud835\uddf9&rsquo;\ud835\uddee\ud835\uddff\ud835\ude01\ud835\uddf6\ud835\ude00\ud835\ude01\ud835\uddf2 \ud835\udde6\ud835\uddfc\ud835\ude02\ud835\uddf9 \ud835\uddd5\ud835\uddee\ud835\uddfb\ud835\uddf4&rsquo;\ud835\ude00 ont aussi marqu\u00e9 leur pr\u00e9sence ainsi des responsables locaux et nombreux cadres de l&rsquo;\u00e9ducation nationale.<\/p>\n<p>Autour du th\u00e8me : \u00ab\u00a0\ud835\uddf7\ud835\uddf2 \ud835\uddff\ud835\uddfc\ud835\ude02\ud835\uddf9\ud835\uddf2 \ud835\uddfd\ud835\uddfc\ud835\ude02\ud835\uddff \ud835\uddfd\ud835\uddf9\ud835\ude02\ud835\ude00 \ud835\uddf1\ud835\uddf2 \ud835\uddf3\ud835\uddf6\ud835\uddf9\ud835\uddf9\ud835\uddf2\ud835\ude00 \ud835\uddee\u0300 \ud835\uddf9\u2019\ud835\uddf2\u0301\ud835\uddf0\ud835\uddfc\ud835\uddf9\ud835\uddf2\u00a0\u00bb, des messages forts soutenant la scolarisation et le maintien des enfants \u00e0 l\u2019\u00e9cole notamment les jeunes filles ont \u00e9t\u00e9 envoy\u00e9s aux enseignants et \u00e9l\u00e8ves.<\/p>\n<p>La caravane RELIEFH officiellement lanc\u00e9e ce lundi , se poursuivra jusqu&rsquo;au 14 novembre \u00e0 l&rsquo;int\u00e9rieur du pays notamment dans les Pr\u00e9fectures de DUBREKA, COYAH, KINDIA et MAMOU.<\/p>\n<p>\ud835\udddf\ud835\uddf2 \ud835\udde6\ud835\uddf2\ud835\uddff\ud835\ude03\ud835\uddf6\ud835\uddf0\ud835\uddf2 \ud835\uddf1\ud835\uddf2 \ud835\uddd6\ud835\uddfc\ud835\uddfa\ud835\uddfa\ud835\ude02\ud835\uddfb\ud835\uddf6\ud835\uddf0\ud835\uddee\ud835\ude01\ud835\uddf6\ud835\uddfc\ud835\uddfb \ud835\uddf2\ud835\ude01 \ud835\udde5\ud835\uddf2\ud835\uddf9\ud835\uddee\ud835\ude01\ud835\uddf6\ud835\uddfc\ud835\uddfb\ud835\ude00 \ud835\uddfd\ud835\ude02\ud835\uddef\ud835\uddf9\ud835\uddf6\ud835\uddfe\ud835\ude02\ud835\uddf2\ud835\ude00 .<\/p>\n<p>&nbsp;<\/p>\n","protected":false},"excerpt":{"rendered":"<p>C&rsquo;est au Lyc\u00e9e\/Coll\u00e8ge Dr. Facinet B\u00c9AVOGUI situ\u00e9 dans la Commune urbaine de TOMBOLIA , que le Ministre Jean Paul C\u00c9DY a officiellement lanc\u00e9 ce lundi 10 novembre 2025, la Caravane RELIEFH Guin\u00e9e. L&rsquo;\u00e9v\u00e8nement a connu la pr\u00e9sence effective de toute la d\u00e9l\u00e9gation de l&rsquo;Institut Francophone pour l&rsquo;Education et la Formation IFEF conduite par sa Directrice. [&hellip;]<\/p>\n","protected":false},"author":2,"featured_media":2549,"comment_status":"closed","ping_status":"closed","sticky":false,"template":"","format":"standard","meta":{"footnotes":""},"categories":[23],"tags":[],"class_list":{"0":"post-2548","1":"post","2":"type-post","3":"status-publish","4":"format-standard","5":"has-post-thumbnail","7":"category-societe"},"jetpack_featured_media_url":"https:\/\/cieldeguinee.net\/wp-content\/uploads\/2025\/11\/JPC.jpg","_links":{"self":[{"href":"https:\/\/cieldeguinee.net\/index.php\/wp-json\/wp\/v2\/posts\/2548","targetHints":{"allow":["GET"]}}],"collection":[{"href":"https:\/\/cieldeguinee.net\/index.php\/wp-json\/wp\/v2\/posts"}],"about":[{"href":"https:\/\/cieldeguinee.net\/index.php\/wp-json\/wp\/v2\/types\/post"}],"author":[{"embeddable":true,"href":"https:\/\/cieldeguinee.net\/index.php\/wp-json\/wp\/v2\/users\/2"}],"replies":[{"embeddable":true,"href":"https:\/\/cieldeguinee.net\/index.php\/wp-json\/wp\/v2\/comments?post=2548"}],"version-history":[{"count":3,"href":"https:\/\/cieldeguinee.net\/index.php\/wp-json\/wp\/v2\/posts\/2548\/revisions"}],"predecessor-version":[{"id":2559,"href":"https:\/\/cieldeguinee.net\/index.php\/wp-json\/wp\/v2\/posts\/2548\/revisions\/2559"}],"wp:featuredmedia":[{"embeddable":true,"href":"https:\/\/cieldeguinee.net\/index.php\/wp-json\/wp\/v2\/media\/2549"}],"wp:attachment":[{"href":"https:\/\/cieldeguinee.net\/index.php\/wp-json\/wp\/v2\/media?parent=2548"}],"wp:term":[{"taxonomy":"category","embeddable":true,"href":"https:\/\/cieldeguinee.net\/index.php\/wp-json\/wp\/v2\/categories?post=2548"},{"taxonomy":"post_tag","embeddable":true,"href":"https:\/\/cieldeguinee.net\/index.php\/wp-json\/wp\/v2\/tags?post=2548"}],"curies":[{"name":"wp","href":"https:\/\/api.w.org\/{rel}","templated":true}]}}