{"id":2561,"date":"2025-11-13T15:15:07","date_gmt":"2025-11-13T14:15:07","guid":{"rendered":"https:\/\/cieldeguinee.net\/?p=2561"},"modified":"2025-11-13T15:15:07","modified_gmt":"2025-11-13T14:15:07","slug":"diffamation-en-ligne-le-bceip-denonce-une-campagne-de-desinformation","status":"publish","type":"post","link":"https:\/\/cieldeguinee.net\/index.php\/diffamation-en-ligne-le-bceip-denonce-une-campagne-de-desinformation\/","title":{"rendered":"Diffamation en ligne : le BCEIP d\u00e9nonce une campagne de d\u00e9sinformation"},"content":{"rendered":"<h3><strong>A la suite de la diffusion d\u2019une vid\u00e9o devenue virale sur les r\u00e9seaux sociaux, dans laquelle un individu parlant au nom des\u00a0 travailleurs de MOTA ENGIL accuse le Bureau de Consultation, d\u2019Enqu\u00eate Interne et de Perfectionnement (BCEIP) d\u2019avoir rompu des contrats \u00e0 Beyla et d\u2019agir contre le Pr\u00e9sident de la Transition, le PDG de l\u2019institution, Elhadj Mansa Moussa Sidib\u00e9, a apport\u00e9, mercredi 12 novembre 2025, un d\u00e9menti formel<\/strong>.<\/h3>\n<h3>Le responsable qualifie ces propos de \u00ab campagne de d\u00e9sinformation \u00bb visant \u00e0 porter atteinte \u00e0 l\u2019image du BCEIP, une structure qu\u2019il d\u00e9crit comme un acteur engag\u00e9 pour l\u2019emploi et la formation des jeunes Guin\u00e9ens.<\/h3>\n<h3>\u00ab Il n\u2019a jamais \u00e9t\u00e9 dans notre intention de saboter ou d\u2019exploiter la jeunesse. Nous \u0153uvrons pour leur insertion professionnelle et leur perfectionnement \u00bb, a d\u00e9clar\u00e9 M. Sidib\u00e9.<\/h3>\n<h3>Selon lui, les accusations portant sur une pr\u00e9tendue rupture abusive de contrats dans la pr\u00e9fecture de Beyla reposent sur une mauvaise interpr\u00e9tation du fonctionnement des soci\u00e9t\u00e9s sous-traitantes impliqu\u00e9es dans le projet Simandou.<\/h3>\n<h3>\u00ab Les recrutements sont li\u00e9s \u00e0 des phases de travaux bien pr\u00e9cises. Quand une \u00e9tape prend fin, le contrat correspondant arrive \u00e0 son terme. Ce n\u2019est pas une rupture, mais une fin normale de mission \u00bb, a-t-il pr\u00e9cis\u00e9.<\/h3>\n<h3>Le PDG souligne que le BCEIP applique des contrats \u00e0 dur\u00e9e d\u00e9termin\u00e9e, ind\u00e9termin\u00e9e ou \u00e0 temps impr\u00e9cis, conform\u00e9ment aux normes en vigueur.<\/h3>\n<h3>Il indique \u00e9galement que certaines personnes mentionn\u00e9es dans la vid\u00e9o n\u2019ont \u00ab jamais figur\u00e9 parmi les employ\u00e9s du BCEIP \u00bb, \u00e9voquant une \u00ab manipulation orchestr\u00e9e sur les r\u00e9seaux sociaux \u00bb.<\/h3>\n<h3>Cr\u00e9\u00e9 en 1996, le BCEIP se pr\u00e9sente comme un partenaire du d\u00e9veloppement, sp\u00e9cialis\u00e9 dans la gestion des ressources humaines, la formation professionnelle et l\u2019accompagnement des entreprises.<\/h3>\n<h3>Sous l\u2019impulsion de son fondateur, l\u2019institution a r\u00e9cemment lanc\u00e9 le BCEIP Academy, une structure d\u00e9di\u00e9e \u00e0 la formation pratique des jeunes dipl\u00f4m\u00e9s afin de mieux les pr\u00e9parer au monde du travail.<\/h3>\n<h3>\u00ab Beaucoup de jeunes ont la th\u00e9orie, mais manquent de pratique. L\u2019Acad\u00e9mie leur permet de combler ce d\u00e9ficit pour \u00eatre op\u00e9rationnels sur le terrain \u00bb, explique M. Sidib\u00e9.<\/h3>\n<h3>Le bureau affirme \u00e9galement contribuer \u00e0 l\u2019am\u00e9lioration des conditions de vie de ses travailleurs, notamment par l\u2019acc\u00e8s au logement et \u00e0 la formation continue.<\/h3>\n<h3>\u00ab Ce bureau n\u2019a pas \u00e9t\u00e9 cr\u00e9\u00e9 pour s\u2019enrichir, mais pour offrir des opportunit\u00e9s. Nous payons nos taxes et accompagnons des centaines de jeunes chaque ann\u00e9e \u00bb, souligne le PDG.<\/h3>\n<h3>R\u00e9agissant aux all\u00e9gations selon lesquelles le BCEIP chercherait \u00e0 nuire au Chef de l\u2019\u00c9tat, Mansa Moussa Sidib\u00e9 se dit \u00ab profond\u00e9ment choqu\u00e9 \u00bb par de telles insinuations.<\/h3>\n<h3>\u00ab Il est inconcevable de dire que le BCEIP agit contre le Pr\u00e9sident Mamadi Doumbouya. C\u2019est gr\u00e2ce \u00e0 lui que la Guin\u00e9e conna\u00eet aujourd\u2019hui stabilit\u00e9 et progr\u00e8s. Nous soutenons pleinement ses actions pour le d\u00e9veloppement national \u00bb, a-t-il d\u00e9clar\u00e9.<\/h3>\n<h3>Pour l\u2019ancien ministre et inspecteur g\u00e9n\u00e9ral du Travail, les progr\u00e8s observ\u00e9s dans les domaines des infrastructures, de la s\u00e9curit\u00e9 et de la gouvernance t\u00e9moignent de l\u2019efficacit\u00e9 de la Transition.<\/h3>\n<h3>\u00ab On peut aujourd\u2019hui voyager librement \u00e0 travers le pays sans crainte. C\u2019est un acquis que nous devons tous prot\u00e9ger \u00bb, a-t-il insist\u00e9.<\/h3>\n<h3><strong>Des poursuites envisag\u00e9es contre les auteurs de la vid\u00e9o<\/strong><\/h3>\n<h3>Estimant que la r\u00e9putation du BCEIP a \u00e9t\u00e9 injustement mise en cause, M. Sidib\u00e9 annonce avoir mandat\u00e9 un avocat afin d\u2019examiner les propos diffus\u00e9s en ligne et d\u2019engager les actions n\u00e9cessaires.<\/h3>\n<h3>\u00ab Nous avons saisi notre conseil pour que la v\u00e9rit\u00e9 soit r\u00e9tablie. Il ne s\u2019agit pas d\u2019un simple d\u00e9bat, mais d\u2019une question d\u2019honneur et de cr\u00e9dibilit\u00e9 \u00bb, a-t-il affirm\u00e9.<\/h3>\n<p>Source: www.leverificateur.net, site partenaire<\/p>\n","protected":false},"excerpt":{"rendered":"<p>A la suite de la diffusion d\u2019une vid\u00e9o devenue virale sur les r\u00e9seaux sociaux, dans laquelle un individu parlant au nom des\u00a0 travailleurs de MOTA ENGIL accuse le Bureau de Consultation, d\u2019Enqu\u00eate Interne et de Perfectionnement (BCEIP) d\u2019avoir rompu des contrats \u00e0 Beyla et d\u2019agir contre le Pr\u00e9sident de la Transition, le PDG de l\u2019institution, [&hellip;]<\/p>\n","protected":false},"author":2,"featured_media":2563,"comment_status":"closed","ping_status":"closed","sticky":false,"template":"","format":"standard","meta":{"footnotes":""},"categories":[23],"tags":[],"class_list":{"0":"post-2561","1":"post","2":"type-post","3":"status-publish","4":"format-standard","5":"has-post-thumbnail","7":"category-societe"},"jetpack_featured_media_url":"https:\/\/cieldeguinee.net\/wp-content\/uploads\/2025\/11\/IMG-20251113-WA0002.webp","_links":{"self":[{"href":"https:\/\/cieldeguinee.net\/index.php\/wp-json\/wp\/v2\/posts\/2561","targetHints":{"allow":["GET"]}}],"collection":[{"href":"https:\/\/cieldeguinee.net\/index.php\/wp-json\/wp\/v2\/posts"}],"about":[{"href":"https:\/\/cieldeguinee.net\/index.php\/wp-json\/wp\/v2\/types\/post"}],"author":[{"embeddable":true,"href":"https:\/\/cieldeguinee.net\/index.php\/wp-json\/wp\/v2\/users\/2"}],"replies":[{"embeddable":true,"href":"https:\/\/cieldeguinee.net\/index.php\/wp-json\/wp\/v2\/comments?post=2561"}],"version-history":[{"count":1,"href":"https:\/\/cieldeguinee.net\/index.php\/wp-json\/wp\/v2\/posts\/2561\/revisions"}],"predecessor-version":[{"id":2564,"href":"https:\/\/cieldeguinee.net\/index.php\/wp-json\/wp\/v2\/posts\/2561\/revisions\/2564"}],"wp:featuredmedia":[{"embeddable":true,"href":"https:\/\/cieldeguinee.net\/index.php\/wp-json\/wp\/v2\/media\/2563"}],"wp:attachment":[{"href":"https:\/\/cieldeguinee.net\/index.php\/wp-json\/wp\/v2\/media?parent=2561"}],"wp:term":[{"taxonomy":"category","embeddable":true,"href":"https:\/\/cieldeguinee.net\/index.php\/wp-json\/wp\/v2\/categories?post=2561"},{"taxonomy":"post_tag","embeddable":true,"href":"https:\/\/cieldeguinee.net\/index.php\/wp-json\/wp\/v2\/tags?post=2561"}],"curies":[{"name":"wp","href":"https:\/\/api.w.org\/{rel}","templated":true}]}}