{"id":2570,"date":"2025-11-15T12:34:40","date_gmt":"2025-11-15T11:34:40","guid":{"rendered":"https:\/\/cieldeguinee.net\/?p=2570"},"modified":"2025-11-15T12:34:40","modified_gmt":"2025-11-15T11:34:40","slug":"premier-affrontement-diomaye-faye-contre-sonko-au-senegal","status":"publish","type":"post","link":"https:\/\/cieldeguinee.net\/index.php\/premier-affrontement-diomaye-faye-contre-sonko-au-senegal\/","title":{"rendered":"Premier affrontement Diomaye Faye contre Sonko au S\u00e9n\u00e9gal ?"},"content":{"rendered":"<p><strong>D\u00e9saveu.<\/strong>\u00a0Dans un courrier dat\u00e9 du 11\u00a0novembre, Bassirou Diomaye Faye a remis en cause une d\u00e9cision de son Premier ministre, Ousmane Sonko,\u00a0<a href=\"https:\/\/www.jeuneafrique.com\/1739492\/politique\/au-senegal-entre-bassirou-diomaye-faye-et-ousmane-sonko-un-affrontement-inevitable\/?utm_source=microsoft&amp;utm_medium=feeds&amp;utm_campaign=feeds-microsoft-v1\">raconte Mawunyo Hermann Boko<\/a>. Le pr\u00e9sident s\u00e9n\u00e9galais a annonc\u00e9 mettre fin aux fonctions d\u2019A\u00efda Mbodj \u00e0 la t\u00eate de la coalition \u00ab\u00a0Diomaye Pr\u00e9sident \u00bb, d\u00e9signant \u00e0 sa place Aminata Tour\u00e9, ancienne Premi\u00e8re ministre de Macky Sall.<\/p>\n<p>Ce changement \u00e0 la t\u00eate de l\u2019alliance de partis cr\u00e9\u00e9e en amont de la pr\u00e9sidentielle d\u2019avril 2024 pour mener campagne aux c\u00f4t\u00e9s des Patriotes africains du S\u00e9n\u00e9gal pour le travail, l\u2019\u00e9thique et la fraternit\u00e9 (Pastef), le parti sur lequel Ousmane Sonko r\u00e8gne en ma\u00eetre, sonne comme un d\u00e9saveu pour le chef du gouvernement. Trois jours plus t\u00f4t, lors de son \u00ab\u00a0t\u00e9rameeting\u00a0\u00bb, ce dernier avait affich\u00e9 son soutien \u00e0 A\u00efda Mbodj.<\/p>\n<p><strong>Violence.<\/strong>\u00a0Sauf que, sans la nommer, Ousmane Sonko avait critiqu\u00e9 Aminata Tour\u00e9 auparavant. \u00ab\u00a0Ceux qui appellent au pardon sont ceux qui nous combattaient hier et qui, aujourd\u2019hui, sont avec nous au pouvoir. Ils tentent d\u2019isoler le pr\u00e9sident Bassirou Diomaye Faye, lui disant que je suis violent. Ce ne sont pas des alli\u00e9s sinc\u00e8res, ni loyaux\u00a0\u00bb, avait notamment tonn\u00e9 le Premier ministre.<\/p>\n<p><strong>C\u2019est la guerre.<\/strong>\u00a0C\u2019est sans surprise, donc, que la d\u00e9cision de nommer \u00e0 la t\u00eate de la coalition \u00ab Diomaye Pr\u00e9sident \u00bb l\u2019ancienne Premi\u00e8re ministre Aminata Tour\u00e9, qui occupe d\u00e9j\u00e0 les fonctions de haute repr\u00e9sentante du pr\u00e9sident s\u00e9n\u00e9galais, a \u00e9t\u00e9 rejet\u00e9e par le parti pr\u00e9sid\u00e9 par Ousmane Sonko. \u00ab Le Pastef et ses alli\u00e9s ne se reconnaissent dans aucune initiative coordonn\u00e9e par Mme Aminata Tour\u00e9, avec qui nous ne partageons ni les m\u00eames valeurs ni les m\u00eames principes \u00bb, a affirm\u00e9 le bureau politique du Pastef dans un communiqu\u00e9 publi\u00e9 le 12 novembre, dans lequel le parti renouvelle sa confiance \u00e0 A\u00efda Mbodj. D\u00e9sormais, les deux camps se regardent en chiens de fa\u00efence.<\/p>\n<p>Source\u00a0: <a href=\"http:\/\/www.jeuneafrique.com\">www.jeuneafrique.com<\/a><\/p>\n","protected":false},"excerpt":{"rendered":"<p>D\u00e9saveu.\u00a0Dans un courrier dat\u00e9 du 11\u00a0novembre, Bassirou Diomaye Faye a remis en cause une d\u00e9cision de son Premier ministre, Ousmane Sonko,\u00a0raconte Mawunyo Hermann Boko. Le pr\u00e9sident s\u00e9n\u00e9galais a annonc\u00e9 mettre fin aux fonctions d\u2019A\u00efda Mbodj \u00e0 la t\u00eate de la coalition \u00ab\u00a0Diomaye Pr\u00e9sident \u00bb, d\u00e9signant \u00e0 sa place Aminata Tour\u00e9, ancienne Premi\u00e8re ministre de Macky [&hellip;]<\/p>\n","protected":false},"author":2,"featured_media":2571,"comment_status":"closed","ping_status":"closed","sticky":false,"template":"","format":"standard","meta":{"footnotes":""},"categories":[6],"tags":[],"class_list":{"0":"post-2570","1":"post","2":"type-post","3":"status-publish","4":"format-standard","5":"has-post-thumbnail","7":"category-international"},"jetpack_featured_media_url":"https:\/\/cieldeguinee.net\/wp-content\/uploads\/2025\/11\/Image1-1.jpg","_links":{"self":[{"href":"https:\/\/cieldeguinee.net\/index.php\/wp-json\/wp\/v2\/posts\/2570","targetHints":{"allow":["GET"]}}],"collection":[{"href":"https:\/\/cieldeguinee.net\/index.php\/wp-json\/wp\/v2\/posts"}],"about":[{"href":"https:\/\/cieldeguinee.net\/index.php\/wp-json\/wp\/v2\/types\/post"}],"author":[{"embeddable":true,"href":"https:\/\/cieldeguinee.net\/index.php\/wp-json\/wp\/v2\/users\/2"}],"replies":[{"embeddable":true,"href":"https:\/\/cieldeguinee.net\/index.php\/wp-json\/wp\/v2\/comments?post=2570"}],"version-history":[{"count":1,"href":"https:\/\/cieldeguinee.net\/index.php\/wp-json\/wp\/v2\/posts\/2570\/revisions"}],"predecessor-version":[{"id":2572,"href":"https:\/\/cieldeguinee.net\/index.php\/wp-json\/wp\/v2\/posts\/2570\/revisions\/2572"}],"wp:featuredmedia":[{"embeddable":true,"href":"https:\/\/cieldeguinee.net\/index.php\/wp-json\/wp\/v2\/media\/2571"}],"wp:attachment":[{"href":"https:\/\/cieldeguinee.net\/index.php\/wp-json\/wp\/v2\/media?parent=2570"}],"wp:term":[{"taxonomy":"category","embeddable":true,"href":"https:\/\/cieldeguinee.net\/index.php\/wp-json\/wp\/v2\/categories?post=2570"},{"taxonomy":"post_tag","embeddable":true,"href":"https:\/\/cieldeguinee.net\/index.php\/wp-json\/wp\/v2\/tags?post=2570"}],"curies":[{"name":"wp","href":"https:\/\/api.w.org\/{rel}","templated":true}]}}