{"id":2573,"date":"2025-11-15T13:30:58","date_gmt":"2025-11-15T12:30:58","guid":{"rendered":"https:\/\/cieldeguinee.net\/?p=2573"},"modified":"2025-11-15T13:30:58","modified_gmt":"2025-11-15T12:30:58","slug":"amadou-thierno-diallo-clarifie-son-passe-ministeriel-apres-linvalidation-de-sa-candidature","status":"publish","type":"post","link":"https:\/\/cieldeguinee.net\/index.php\/amadou-thierno-diallo-clarifie-son-passe-ministeriel-apres-linvalidation-de-sa-candidature\/","title":{"rendered":"Amadou Thierno Diallo clarifie son pass\u00e9 minist\u00e9riel apr\u00e8s l\u2019invalidation de sa candidature"},"content":{"rendered":"<p style=\"text-align: justify;background: white;margin: 0cm 0cm 7.5pt 0cm\"><span style=\"font-family: 'Helvetica',sans-serif;color: #404040\">Amadou Thierno Diallo, ancien ministre de la Coop\u00e9ration internationale et candidat recal\u00e9 \u00e0 la pr\u00e9sidentielle de 2025, a r\u00e9agi aux rumeurs le liant au gouvernement renvers\u00e9 le 5 septembre 2021. Selon certaines sp\u00e9culations, son exclusion pourrait \u00eatre li\u00e9e aux poursuites engag\u00e9es \u00e0 l\u2019\u00e9poque contre\u00a0<strong><span style=\"font-family: 'Helvetica',sans-serif\">187 anciens dignitaires<\/span><\/strong>\u00a0par le minist\u00e8re de la Justice.<\/span><\/p>\n<p style=\"text-align: start;background: white;margin: 0cm 0cm 7.5pt 0cm\"><span style=\"font-family: 'Helvetica',sans-serif;color: #404040\">Interrog\u00e9 sur la question, il invite chacun \u00e0 v\u00e9rifier les faits :<br \/><strong><span style=\"font-family: 'Helvetica',sans-serif\">\u00ab Allez regarder la liste des 187. V\u00e9rifiez si mon nom y figure \u00bb<\/span><\/strong>, lance-t-il.<\/span><\/p>\n<p style=\"text-align: start;background: white;margin: 0cm 0cm 7.5pt 0cm\"><span style=\"font-family: 'Helvetica',sans-serif;color: #404040\">L\u2019ancien ministre confirme avoir \u00e9t\u00e9 convoqu\u00e9 \u00e0 la gendarmerie, comme la plupart des membres du gouvernement d\u2019alors. Mais il pr\u00e9cise que cette convocation est arriv\u00e9e alors qu\u2019il \u00e9tait en mission \u00e0 l\u2019\u00e9tranger.<\/span><\/p>\n<p style=\"margin: 0cm;margin-bottom: .0001pt;text-align: justify;background: white\"><span style=\"font-size: 13.0pt;font-family: 'Helvetica',sans-serif;color: #404040\">\u00ab Un mois apr\u00e8s le coup d\u2019\u00c9tat, j\u2019ai \u00e9t\u00e9 recrut\u00e9 comme consultant par la BAD. On voulait que je retourne dans les institutions, j\u2019ai refus\u00e9. Pendant que j\u2019\u00e9tais en mission, la convocation est arriv\u00e9e. Beaucoup m\u2019ont conseill\u00e9 de ne pas revenir en Guin\u00e9e, mais j\u2019ai dit : pourquoi pas ? Je suis revenu, j\u2019ai fait le rapport de mission de l\u2019\u00c9tat \u00bb, explique-t-il.<\/span><\/p>\n<p style=\"text-align: start;background: white;margin: 0cm 0cm 7.5pt 0cm\"><span style=\"font-family: 'Helvetica',sans-serif;color: #404040\">\u00c0 son retour, l\u2019audition \u00e0 la gendarmerie aurait dur\u00e9 pr\u00e8s de quatre heures. Elle se serait interrompue lorsqu\u2019on lui a demand\u00e9 ses revenus avant son entr\u00e9e au gouvernement :<\/span><\/p>\n<p style=\"margin: 0cm;margin-bottom: .0001pt;text-align: justify;background: white\"><span style=\"font-size: 13.0pt;font-family: 'Helvetica',sans-serif;color: #404040\">\u00ab Je n\u2019ai pas dit combien je gagnais. Quand j\u2019\u00e9tais ministre , je touchais dix millions( 1000 euros) . En venant au minist\u00e8re, j\u2019ai perdu trente fois ce que je gagnais. Mon revenu annuel d\u00e9passait m\u00eame le budget du minist\u00e8re de la Coop\u00e9ration \u00bb, affirme-t-il.<\/span><\/p>\n<p style=\"text-align: start;background: white;margin: 0cm 0cm 7.5pt 0cm\"><span style=\"font-family: 'Helvetica',sans-serif;color: #404040\">Il assure \u00e9galement que l\u2019\u00c9tat lui doit encore d\u2019importantes sommes :<\/span><\/p>\n<p style=\"margin: 0cm;margin-bottom: .0001pt;text-align: justify;background: white\"><span style=\"font-size: 13.0pt;font-family: 'Helvetica',sans-serif;color: #404040\">\u00ab L\u2019\u00c9tat me doit 300 millions en tant que ministre. J\u2019ai financ\u00e9 mes propres missions et m\u00eame l\u2019h\u00e9bergement du site internet du minist\u00e8re. Moi, c\u2019est l\u2019\u00c9tat qui me doit, je ne dois rien \u00e0 l\u2019\u00c9tat. Je n\u2019ose pas imaginer que c\u2019est pour cela que mon nom a \u00e9t\u00e9 retir\u00e9. \u00bb<\/span><\/p>\n<p style=\"text-align: start;background: white;margin: 0cm 0cm 7.5pt 0cm\"><span style=\"font-family: 'Helvetica',sans-serif;color: #404040\">Amadou Thierno Diallo, pr\u00e9sident du mouvement\u00a0<strong><span style=\"font-family: 'Helvetica',sans-serif\">Synth\u00e8se<\/span><\/strong>\u00a0et de l\u2019<strong><span style=\"font-family: 'Helvetica',sans-serif\">Union Guin\u00e9enne pour le D\u00e9veloppement (UGD)<\/span><\/strong>, d\u00e9plore ainsi une d\u00e9cision qu\u2019il juge incompr\u00e9hensible.<\/span><\/p>\n<p style=\"text-align: start;background: white;margin: 0cm 0cm 7.5pt 0cm\"><span style=\"font-family: 'Helvetica',sans-serif;color: #404040\">Pour rappel,\u00a0<strong><span style=\"font-family: 'Helvetica',sans-serif\">neuf candidats<\/span><\/strong>, dont le favori\u00a0<strong><span style=\"font-family: 'Helvetica',sans-serif\">Mamadi Doumbouya<\/span><\/strong>, sont officiellement retenus pour l\u2019\u00e9lection pr\u00e9sidentielle du\u00a0<strong><span style=\"font-family: 'Helvetica',sans-serif\">28 d\u00e9cembre 2025<\/span><\/strong>.<\/span><\/p>\n<p>Source: www.guinee3.net, site partenaire<\/p>\n","protected":false},"excerpt":{"rendered":"<p>Amadou Thierno Diallo, ancien ministre de la Coop\u00e9ration internationale et candidat recal\u00e9 \u00e0 la pr\u00e9sidentielle de 2025, a r\u00e9agi aux rumeurs le liant au gouvernement renvers\u00e9 le 5 septembre 2021. Selon certaines sp\u00e9culations, son exclusion pourrait \u00eatre li\u00e9e aux poursuites engag\u00e9es \u00e0 l\u2019\u00e9poque contre\u00a0187 anciens dignitaires\u00a0par le minist\u00e8re de la Justice. Interrog\u00e9 sur la question, [&hellip;]<\/p>\n","protected":false},"author":2,"featured_media":2574,"comment_status":"closed","ping_status":"closed","sticky":false,"template":"","format":"standard","meta":{"footnotes":""},"categories":[3],"tags":[],"class_list":{"0":"post-2573","1":"post","2":"type-post","3":"status-publish","4":"format-standard","5":"has-post-thumbnail","7":"category-politique"},"jetpack_featured_media_url":"https:\/\/cieldeguinee.net\/wp-content\/uploads\/2025\/11\/Screenshot_20251114_161333_Lite.jpg","_links":{"self":[{"href":"https:\/\/cieldeguinee.net\/index.php\/wp-json\/wp\/v2\/posts\/2573","targetHints":{"allow":["GET"]}}],"collection":[{"href":"https:\/\/cieldeguinee.net\/index.php\/wp-json\/wp\/v2\/posts"}],"about":[{"href":"https:\/\/cieldeguinee.net\/index.php\/wp-json\/wp\/v2\/types\/post"}],"author":[{"embeddable":true,"href":"https:\/\/cieldeguinee.net\/index.php\/wp-json\/wp\/v2\/users\/2"}],"replies":[{"embeddable":true,"href":"https:\/\/cieldeguinee.net\/index.php\/wp-json\/wp\/v2\/comments?post=2573"}],"version-history":[{"count":1,"href":"https:\/\/cieldeguinee.net\/index.php\/wp-json\/wp\/v2\/posts\/2573\/revisions"}],"predecessor-version":[{"id":2575,"href":"https:\/\/cieldeguinee.net\/index.php\/wp-json\/wp\/v2\/posts\/2573\/revisions\/2575"}],"wp:featuredmedia":[{"embeddable":true,"href":"https:\/\/cieldeguinee.net\/index.php\/wp-json\/wp\/v2\/media\/2574"}],"wp:attachment":[{"href":"https:\/\/cieldeguinee.net\/index.php\/wp-json\/wp\/v2\/media?parent=2573"}],"wp:term":[{"taxonomy":"category","embeddable":true,"href":"https:\/\/cieldeguinee.net\/index.php\/wp-json\/wp\/v2\/categories?post=2573"},{"taxonomy":"post_tag","embeddable":true,"href":"https:\/\/cieldeguinee.net\/index.php\/wp-json\/wp\/v2\/tags?post=2573"}],"curies":[{"name":"wp","href":"https:\/\/api.w.org\/{rel}","templated":true}]}}