{"id":2577,"date":"2025-11-15T14:37:45","date_gmt":"2025-11-15T13:37:45","guid":{"rendered":"https:\/\/cieldeguinee.net\/?p=2577"},"modified":"2025-11-15T14:37:45","modified_gmt":"2025-11-15T13:37:45","slug":"echangeur-de-bambeto-le-general-doumbouya-rend-hommage-aux-martyrs-de-la-democratie","status":"publish","type":"post","link":"https:\/\/cieldeguinee.net\/index.php\/echangeur-de-bambeto-le-general-doumbouya-rend-hommage-aux-martyrs-de-la-democratie\/","title":{"rendered":"\u00c9changeur de Bamb\u00e9to : le G\u00e9n\u00e9ral Doumbouya rend hommage aux \u00ab\u00a0martyrs\u00a0\u00bb de la d\u00e9mocratie"},"content":{"rendered":"<p>Ce samedi 15 novembre 2025, le pr\u00e9sident de la transition guin\u00e9enne, le <strong>G\u00e9n\u00e9ral Mamadi Doumbouya<\/strong>, a marqu\u00e9 un moment fort en proc\u00e9dant \u00e0 l&rsquo;inauguration officielle de l&rsquo;\u00e9changeur de Bamb\u00e9to, une infrastructure majeure de la capitale, Conakry.<\/p>\n<p>L&rsquo;\u00e9changeur portera d\u00e9sormais le nom de <strong>\u00ab\u00a0\u00c9changeur de Bamb\u00e9to\u00a0\u00bb<\/strong>, en l&rsquo;honneur des victimes des r\u00e9pressions politiques qui ont \u00e9maill\u00e9 l&rsquo;histoire r\u00e9cente du pays. Avant de prononcer son discours inaugural, le G\u00e9n\u00e9ral Doumbouya a solennellement invit\u00e9 l&rsquo;assistance \u00e0 observer une <strong>minute de silence<\/strong> \u00e0 la m\u00e9moire de ces citoyens.<\/p>\n<p>Ces victimes sont d\u00e9sormais reconnues et consid\u00e9r\u00e9es comme des <strong>\u00ab\u00a0martyrs des luttes politiques\u00a0\u00bb<\/strong> qui ont contribu\u00e9 \u00e0 la consolidation des acquis d\u00e9mocratiques en Guin\u00e9e.<\/p>\n<p>Cette d\u00e9cision symbolique du chef de l&rsquo;\u00c9tat vise \u00e0 honorer la m\u00e9moire des disparus et \u00e0 ancrer leur sacrifice dans le paysage et la conscience collective nationale, faisant de cet axe routier n\u00e9vralgique un lieu de souvenir et de reconnaissance pour les efforts en faveur de la d\u00e9mocratie.<\/p>\n","protected":false},"excerpt":{"rendered":"<p>Ce samedi 15 novembre 2025, le pr\u00e9sident de la transition guin\u00e9enne, le G\u00e9n\u00e9ral Mamadi Doumbouya, a marqu\u00e9 un moment fort en proc\u00e9dant \u00e0 l&rsquo;inauguration officielle de l&rsquo;\u00e9changeur de Bamb\u00e9to, une infrastructure majeure de la capitale, Conakry. L&rsquo;\u00e9changeur portera d\u00e9sormais le nom de \u00ab\u00a0\u00c9changeur de Bamb\u00e9to\u00a0\u00bb, en l&rsquo;honneur des victimes des r\u00e9pressions politiques qui ont \u00e9maill\u00e9 [&hellip;]<\/p>\n","protected":false},"author":2,"featured_media":2578,"comment_status":"closed","ping_status":"closed","sticky":false,"template":"","format":"standard","meta":{"footnotes":""},"categories":[3],"tags":[],"class_list":{"0":"post-2577","1":"post","2":"type-post","3":"status-publish","4":"format-standard","5":"has-post-thumbnail","7":"category-politique"},"jetpack_featured_media_url":"https:\/\/cieldeguinee.net\/wp-content\/uploads\/2025\/11\/Image2.jpg","_links":{"self":[{"href":"https:\/\/cieldeguinee.net\/index.php\/wp-json\/wp\/v2\/posts\/2577","targetHints":{"allow":["GET"]}}],"collection":[{"href":"https:\/\/cieldeguinee.net\/index.php\/wp-json\/wp\/v2\/posts"}],"about":[{"href":"https:\/\/cieldeguinee.net\/index.php\/wp-json\/wp\/v2\/types\/post"}],"author":[{"embeddable":true,"href":"https:\/\/cieldeguinee.net\/index.php\/wp-json\/wp\/v2\/users\/2"}],"replies":[{"embeddable":true,"href":"https:\/\/cieldeguinee.net\/index.php\/wp-json\/wp\/v2\/comments?post=2577"}],"version-history":[{"count":2,"href":"https:\/\/cieldeguinee.net\/index.php\/wp-json\/wp\/v2\/posts\/2577\/revisions"}],"predecessor-version":[{"id":2580,"href":"https:\/\/cieldeguinee.net\/index.php\/wp-json\/wp\/v2\/posts\/2577\/revisions\/2580"}],"wp:featuredmedia":[{"embeddable":true,"href":"https:\/\/cieldeguinee.net\/index.php\/wp-json\/wp\/v2\/media\/2578"}],"wp:attachment":[{"href":"https:\/\/cieldeguinee.net\/index.php\/wp-json\/wp\/v2\/media?parent=2577"}],"wp:term":[{"taxonomy":"category","embeddable":true,"href":"https:\/\/cieldeguinee.net\/index.php\/wp-json\/wp\/v2\/categories?post=2577"},{"taxonomy":"post_tag","embeddable":true,"href":"https:\/\/cieldeguinee.net\/index.php\/wp-json\/wp\/v2\/tags?post=2577"}],"curies":[{"name":"wp","href":"https:\/\/api.w.org\/{rel}","templated":true}]}}