{"id":2618,"date":"2025-11-27T10:51:50","date_gmt":"2025-11-27T09:51:50","guid":{"rendered":"https:\/\/cieldeguinee.net\/?p=2618"},"modified":"2025-11-27T10:51:50","modified_gmt":"2025-11-27T09:51:50","slug":"le-vatican-demande-aux-catholiques-de-ne-plus-considerer-marie-comme-co-redemptrice-avec-le-christ","status":"publish","type":"post","link":"https:\/\/cieldeguinee.net\/index.php\/le-vatican-demande-aux-catholiques-de-ne-plus-considerer-marie-comme-co-redemptrice-avec-le-christ\/","title":{"rendered":"Le Vatican demande aux catholiques de ne plus consid\u00e9rer Marie comme co-r\u00e9demptrice avec le Christ"},"content":{"rendered":"<p><span dir=\"auto\">Le pape L\u00e9on XIII a enjoint aux catholiques de ne plus consid\u00e9rer Marie comme cor\u00e9demptrice avec son fils J\u00e9sus-Christ.\u00a0<\/span><\/p>\n<p><span dir=\"auto\">Un d\u00e9cret du dicast\u00e8re pour la doctrine de la religion catholique, approuv\u00e9 par le pontife, affirme que J\u00e9sus seul a sauv\u00e9 l\u2019humanit\u00e9 des flammes de l\u2019enfer et que, par cons\u00e9quent, les catholiques ne doivent plus appeler Marie \u00ab\u00a0cor\u00e9demptrice\u00a0\u00bb, mettant ainsi fin \u00e0 un long d\u00e9bat parmi les th\u00e9ologiens qui avait m\u00eame divis\u00e9 les papes.\u00a0<\/span><\/p>\n<p><span dir=\"auto\">Le d\u00e9cret pr\u00e9cise que J\u00e9sus a sauv\u00e9 le monde par son sacrifice sur la croix et que, si Marie a ouvert la voie \u00e0 la r\u00e9demption en lui donnant naissance, elle n\u2019\u00e9tait pas une \u00ab\u00a0cor\u00e9demptrice\u00a0\u00bb.\u00a0<\/span><\/p>\n<p><span dir=\"auto\">Le pape Fran\u00e7ois s\u2019\u00e9tait fermement oppos\u00e9 \u00e0 cette appellation, la qualifiant de \u00ab\u00a0sabsurde\u00a0\u00bb en 2019, car \u00ab\u00a0elle n\u2019a jamais voulu prendre quoi que ce soit \u00e0 son Fils\u00a0\u00bb.\u00a0<\/span><\/p>\n<p><span dir=\"auto\">Son pr\u00e9d\u00e9cesseur, Beno\u00eet XVI, s\u2019y \u00e9tait \u00e9galement oppos\u00e9.\u00a0<\/span><\/p>\n<p><span dir=\"auto\">Jean-Paul II, pape de 1978 \u00e0 sa mort en 2005, en \u00e9tait un partisan, mais il cessa d\u2019utiliser publiquement ce titre au milieu des ann\u00e9es 1990 face \u00e0 un scepticisme croissant.\u00a0<\/span><\/p>\n<p><span dir=\"auto\">Selon le d\u00e9cret, ce titre \u00ab cr\u00e9e la confusion et un d\u00e9s\u00e9quilibre dans l\u2019harmonie des v\u00e9rit\u00e9s de la foi chr\u00e9tienne \u00bb et \u00ab risque d\u2019\u00e9clipser le r\u00f4le exclusif de J\u00e9sus-Christ \u00bb.\u00a0<\/span><\/p>\n<p><span dir=\"auto\">Le cardinal V\u00edctor Manuel Fern\u00e1ndez, pr\u00e9fet de la Congr\u00e9gation pour la Doctrine de la Foi, a \u00e9crit dans la pr\u00e9face du d\u00e9cret qu\u2019il r\u00e9pondait aux questions pos\u00e9es ces derni\u00e8res ann\u00e9es concernant la d\u00e9votion mariale et visait \u00e0 clarifier ce qui est acceptable.\u00a0<\/span><\/p>\n<p><span dir=\"auto\">\u00ab Il existe des groupes de r\u00e9flexion mariale, des publications, de nouvelles d\u00e9votions, et m\u00eame des demandes de dogmes mariaux qui ne partagent pas les m\u00eames caract\u00e9ristiques que la d\u00e9votion populaire \u00bb, a-t-il \u00e9crit, ajoutant que certaines pratiques d\u00e9votionnelles exprim\u00e9es \u00ab intens\u00e9ment sur les r\u00e9seaux sociaux \u00bb pouvaient semer la confusion parmi les catholiques.\u00a0<\/span><\/p>\n<p><span dir=\"auto\">Iacopo Scaramuzzi, correspondant du journal La Repubblica aupr\u00e8s du Vatican, a d\u00e9clar\u00e9 que le d\u00e9cret visait \u00e0 freiner le culte de la Vierge Marie.\u00a0<\/span><\/p>\n<p><span dir=\"auto\">\u00ab Le Vatican s\u2019attaque \u00e0 une d\u00e9votion qui se propage sur les r\u00e9seaux sociaux et qui est particuli\u00e8rement r\u00e9pandue chez les catholiques conservateurs \u00bb, a-t-il affirm\u00e9.\u00a0<\/span><\/p>\n<p><span dir=\"auto\">L\u2019ann\u00e9e derni\u00e8re, le Vatican a durci les r\u00e8gles encadrant les ph\u00e9nom\u00e8nes surnaturels tels que les apparitions de la Vierge Marie, dans le cadre d\u2019une lutte contre les escroqueries et les canulars qui se sont multipli\u00e9s \u00e0 l\u2019\u00e8re des r\u00e9seaux sociaux.\u00a0<\/span><\/p>\n<p><span dir=\"auto\">En 2023, le pape Fran\u00e7ois avait averti que les apparitions de Marie \u00ab ne sont pas toujours r\u00e9elles \u00bb, faisant ainsi une allusion indirecte \u00e0 une femme qui avait attir\u00e9 des milliers de p\u00e8lerins dans une ville proche de Rome pour prier devant une statue qui, selon elle, avait vers\u00e9 des larmes de sang.\u00a0<\/span><\/p>\n<p><span dir=\"auto\">\u00ab Lorsque la d\u00e9votion mariale est trop \u00e9gocentrique, elle n\u2019est pas bonne \u00bb, avait d\u00e9clar\u00e9 le pape Fran\u00e7ois.\u00a0<\/span><\/p>\n<p><span dir=\"auto\">Robert Mickens, expert du Vatican bas\u00e9 \u00e0 Rome, a estim\u00e9 que cette derni\u00e8re mesure satisferait les catholiques progressistes.\u00a0<\/span><\/p>\n<p><span dir=\"auto\">\u00ab Marie est consid\u00e9r\u00e9e comme la plus exalt\u00e9e de toutes les cr\u00e9atures humaines, mais elle n\u2019est pas semi-divine \u00bb, a-t-il d\u00e9clar\u00e9.<\/span><\/p>\n<p>Source: www.afrikmag.com<\/p>\n","protected":false},"excerpt":{"rendered":"<p>Le pape L\u00e9on XIII a enjoint aux catholiques de ne plus consid\u00e9rer Marie comme cor\u00e9demptrice avec son fils J\u00e9sus-Christ.\u00a0 Un d\u00e9cret du dicast\u00e8re pour la doctrine de la religion catholique, approuv\u00e9 par le pontife, affirme que J\u00e9sus seul a sauv\u00e9 l\u2019humanit\u00e9 des flammes de l\u2019enfer et que, par cons\u00e9quent, les catholiques ne doivent plus appeler [&hellip;]<\/p>\n","protected":false},"author":2,"featured_media":2619,"comment_status":"closed","ping_status":"closed","sticky":false,"template":"","format":"standard","meta":{"footnotes":""},"categories":[6],"tags":[],"class_list":{"0":"post-2618","1":"post","2":"type-post","3":"status-publish","4":"format-standard","5":"has-post-thumbnail","7":"category-international"},"jetpack_featured_media_url":"https:\/\/cieldeguinee.net\/wp-content\/uploads\/2025\/11\/vatican.jpg","_links":{"self":[{"href":"https:\/\/cieldeguinee.net\/index.php\/wp-json\/wp\/v2\/posts\/2618","targetHints":{"allow":["GET"]}}],"collection":[{"href":"https:\/\/cieldeguinee.net\/index.php\/wp-json\/wp\/v2\/posts"}],"about":[{"href":"https:\/\/cieldeguinee.net\/index.php\/wp-json\/wp\/v2\/types\/post"}],"author":[{"embeddable":true,"href":"https:\/\/cieldeguinee.net\/index.php\/wp-json\/wp\/v2\/users\/2"}],"replies":[{"embeddable":true,"href":"https:\/\/cieldeguinee.net\/index.php\/wp-json\/wp\/v2\/comments?post=2618"}],"version-history":[{"count":1,"href":"https:\/\/cieldeguinee.net\/index.php\/wp-json\/wp\/v2\/posts\/2618\/revisions"}],"predecessor-version":[{"id":2620,"href":"https:\/\/cieldeguinee.net\/index.php\/wp-json\/wp\/v2\/posts\/2618\/revisions\/2620"}],"wp:featuredmedia":[{"embeddable":true,"href":"https:\/\/cieldeguinee.net\/index.php\/wp-json\/wp\/v2\/media\/2619"}],"wp:attachment":[{"href":"https:\/\/cieldeguinee.net\/index.php\/wp-json\/wp\/v2\/media?parent=2618"}],"wp:term":[{"taxonomy":"category","embeddable":true,"href":"https:\/\/cieldeguinee.net\/index.php\/wp-json\/wp\/v2\/categories?post=2618"},{"taxonomy":"post_tag","embeddable":true,"href":"https:\/\/cieldeguinee.net\/index.php\/wp-json\/wp\/v2\/tags?post=2618"}],"curies":[{"name":"wp","href":"https:\/\/api.w.org\/{rel}","templated":true}]}}