{"id":2621,"date":"2025-11-27T12:26:13","date_gmt":"2025-11-27T11:26:13","guid":{"rendered":"https:\/\/cieldeguinee.net\/?p=2621"},"modified":"2025-11-27T12:26:13","modified_gmt":"2025-11-27T11:26:13","slug":"la-tension-entre-sonko-et-diomaye-divise-pastef-france-un-ministre-mis-en-cause","status":"publish","type":"post","link":"https:\/\/cieldeguinee.net\/index.php\/la-tension-entre-sonko-et-diomaye-divise-pastef-france-un-ministre-mis-en-cause\/","title":{"rendered":"La tension entre Sonko et Diomaye divise Pastef-France, un ministre mis en cause"},"content":{"rendered":"<p>La crise qui secoue actuellement le parti Pastef au S\u00e9n\u00e9gal trouve un \u00e9cho direct au sein de sa coordination fran\u00e7aise. R\u00e9unis en Assembl\u00e9e g\u00e9n\u00e9rale le 24 novembre 2025, les membres de Pastef-France ont expos\u00e9 au grand jour leurs divergences, r\u00e9v\u00e9lant une fracture interne aliment\u00e9e par les tensions entre Ousmane Sonko et le pr\u00e9sident Bassirou Diomaye Faye.<\/p>\n<p>Selon le compte rendu, l\u2019AG \u2014 compos\u00e9e de 52 membres dont 39 pr\u00e9sents \u2014 s\u2019est tenue en visioconf\u00e9rence, sans pouvoir revendiquer un r\u00f4le d\u00e9cisionnaire. Le seul organe habilit\u00e9 \u00e0 prendre des d\u00e9cisions, le bureau national de Pastef-France, dirig\u00e9 par le coordinateur Alioune Sall et son adjointe Seynabou Beye, \u00e9tait \u00e9galement pr\u00e9sent. Depuis plus d\u2019une semaine, une proposition de r\u00e9union avait \u00e9t\u00e9 formul\u00e9e afin d\u2019apaiser les tensions et rassurer les militants. Mais tr\u00e8s vite, la diffusion d\u2019un communiqu\u00e9 interne a mis le feu aux poudres : Seynabou Beye avait exprim\u00e9 son opposition \u00e0 ce texte, accusant certaines sections d\u2019\u00ab op\u00e9rations clandestines \u00bb et les qualifiant de \u00ab seytan\u00e9 ak nafex \u00bb, des propos jug\u00e9s d\u00e9plac\u00e9s par une grande partie des membres.<\/p>\n<p>La r\u00e9union du 24 novembre a finalement permis d\u2019aborder ces griefs. Toutefois, les militants ont appris avec \u00e9tonnement que le bureau national s\u2019\u00e9tait d\u00e9j\u00e0 r\u00e9uni deux jours plus t\u00f4t et avait d\u00e9cid\u00e9 de ne pas communiquer officiellement sur la crise. Une d\u00e9cision jamais annonc\u00e9e formellement aux membres de l\u2019Assembl\u00e9e g\u00e9n\u00e9rale, nourrissant un sentiment de mise \u00e0 l\u2019\u00e9cart.<\/p>\n<p>&nbsp;<\/p>\n<p>Sur le fond, la majorit\u00e9 des participants ont fermement condamn\u00e9 ce qu\u2019ils consid\u00e8rent comme un \u00ab acte politique pos\u00e9 par Diomaye \u00e0 l\u2019encontre de\u00a0<a href=\"https:\/\/www.senenews.com\/actualites\/secousses-au-pastef-ce-que-vous-ne-saviez-pas-de-la-dechirure-interne_567136.html\">Pastef<\/a>\u00a0\u00bb, signe que le malaise \u00e0 Dakar diffuse jusqu\u2019aux antennes \u00e9trang\u00e8res du parti. Alioune Sall et Seynabou Beye, eux, ne partagent pas cette analyse. Le coordinateur a insist\u00e9 sur le fait que Pastef-France ne devait subir aucun \u00ab diktat \u00bb et a appel\u00e9 \u00e0 la discipline et au respect des instances du parti.<\/p>\n<p>Source: www.senenews.com<\/p>\n","protected":false},"excerpt":{"rendered":"<p>La crise qui secoue actuellement le parti Pastef au S\u00e9n\u00e9gal trouve un \u00e9cho direct au sein de sa coordination fran\u00e7aise. R\u00e9unis en Assembl\u00e9e g\u00e9n\u00e9rale le 24 novembre 2025, les membres de Pastef-France ont expos\u00e9 au grand jour leurs divergences, r\u00e9v\u00e9lant une fracture interne aliment\u00e9e par les tensions entre Ousmane Sonko et le pr\u00e9sident Bassirou Diomaye [&hellip;]<\/p>\n","protected":false},"author":2,"featured_media":2571,"comment_status":"closed","ping_status":"closed","sticky":false,"template":"","format":"standard","meta":{"footnotes":""},"categories":[6],"tags":[],"class_list":{"0":"post-2621","1":"post","2":"type-post","3":"status-publish","4":"format-standard","5":"has-post-thumbnail","7":"category-international"},"jetpack_featured_media_url":"https:\/\/cieldeguinee.net\/wp-content\/uploads\/2025\/11\/Image1-1.jpg","_links":{"self":[{"href":"https:\/\/cieldeguinee.net\/index.php\/wp-json\/wp\/v2\/posts\/2621","targetHints":{"allow":["GET"]}}],"collection":[{"href":"https:\/\/cieldeguinee.net\/index.php\/wp-json\/wp\/v2\/posts"}],"about":[{"href":"https:\/\/cieldeguinee.net\/index.php\/wp-json\/wp\/v2\/types\/post"}],"author":[{"embeddable":true,"href":"https:\/\/cieldeguinee.net\/index.php\/wp-json\/wp\/v2\/users\/2"}],"replies":[{"embeddable":true,"href":"https:\/\/cieldeguinee.net\/index.php\/wp-json\/wp\/v2\/comments?post=2621"}],"version-history":[{"count":2,"href":"https:\/\/cieldeguinee.net\/index.php\/wp-json\/wp\/v2\/posts\/2621\/revisions"}],"predecessor-version":[{"id":2624,"href":"https:\/\/cieldeguinee.net\/index.php\/wp-json\/wp\/v2\/posts\/2621\/revisions\/2624"}],"wp:featuredmedia":[{"embeddable":true,"href":"https:\/\/cieldeguinee.net\/index.php\/wp-json\/wp\/v2\/media\/2571"}],"wp:attachment":[{"href":"https:\/\/cieldeguinee.net\/index.php\/wp-json\/wp\/v2\/media?parent=2621"}],"wp:term":[{"taxonomy":"category","embeddable":true,"href":"https:\/\/cieldeguinee.net\/index.php\/wp-json\/wp\/v2\/categories?post=2621"},{"taxonomy":"post_tag","embeddable":true,"href":"https:\/\/cieldeguinee.net\/index.php\/wp-json\/wp\/v2\/tags?post=2621"}],"curies":[{"name":"wp","href":"https:\/\/api.w.org\/{rel}","templated":true}]}}