{"id":2657,"date":"2025-12-15T12:53:19","date_gmt":"2025-12-15T11:53:19","guid":{"rendered":"https:\/\/cieldeguinee.net\/?p=2657"},"modified":"2025-12-15T12:53:19","modified_gmt":"2025-12-15T11:53:19","slug":"presidentielle-du-28-decembre-la-dge-remet-un-appui-financier-a-lurtelgui-pour-la-couverture-mediatique","status":"publish","type":"post","link":"https:\/\/cieldeguinee.net\/index.php\/presidentielle-du-28-decembre-la-dge-remet-un-appui-financier-a-lurtelgui-pour-la-couverture-mediatique\/","title":{"rendered":"Pr\u00e9sidentielle du 28 d\u00e9cembre : la DGE remet un appui financier \u00e0 l\u2019URTELGUI pour la couverture m\u00e9diatique"},"content":{"rendered":"<p><strong><em>Dans le cadre de la couverture m\u00e9diatique de l\u2019\u00e9lection pr\u00e9sidentielle pr\u00e9vue le 28 d\u00e9cembre 2025, la Direction G\u00e9n\u00e9rale des \u00c9lections (DGE) a proc\u00e9d\u00e9, ce samedi 13 d\u00e9cembre 2025, \u00e0 la remise d\u2019un important ch\u00e8que aux responsables de l\u2019Union des T\u00e9l\u00e9visions et Radios Libres de Guin\u00e9e (URTELGUI).<\/em><\/strong><\/p>\n<p>La c\u00e9r\u00e9monie a \u00e9t\u00e9 pr\u00e9sid\u00e9e par la Directrice g\u00e9n\u00e9rale des \u00c9lections.<br \/>\nDans sa communication, la Directrice g\u00e9n\u00e9rale de la DGE, Mme Zenabou Tour\u00e9, a expliqu\u00e9 le sens et l\u2019objectif de cette rencontre.<br \/>\n\u00ab Le premier tour de l\u2019\u00e9lection pr\u00e9sidentielle se tiendra le 28 et, comme \u00e0 l\u2019accoutum\u00e9e, nous essayons de travailler avec l\u2019Union des radios libres, de t\u00e9l\u00e9vision et radio libre de Guin\u00e9e, l\u2019UTERGUI, dans le cadre de notre synergie. La synergie permet de mettre en synchro l\u2019ensemble des radios priv\u00e9es et publiques, les t\u00e9l\u00e9visions publiques et priv\u00e9es \u00e9galement, et c\u2019est le m\u00eame message qui passe \u00bb, a-t-elle expliqu\u00e9.<\/p>\n<p>Poursuivant, la Directrice g\u00e9n\u00e9rale a indiqu\u00e9 que cette collaboration vise \u00e0 renforcer l\u2019encadrement et la couverture du scrutin.<br \/>\n\u00ab Donc c\u2019est un bon exemple que nous faisons, mais \u00e7a permet aussi d\u2019encadrer et de couvrir le scrutin la veille, le jour J, jusqu\u2019\u00e0 la proclamation des r\u00e9sultats provisoires et d\u00e9finitifs. Nous avons eu trois jours de synergie, \u00e7a n\u2019a pas suffit, nous passons \u00e0 quatre jours de synergie. Nous savons que ce que nous donnons est peu, parce que l\u2019UTERGUI d\u00e9ploie assez de journalistes sur le terrain et il participe aussi \u00e0 donner des r\u00e9sultats qui sont d\u00e9j\u00e0 affich\u00e9s devant les bureaux de vote, parce que seul l\u2019organe de gestion a le droit de publier les r\u00e9sultats. Mais dans notre convention, il y a un encadrement qui est fait de telle sorte que ce qui se dit est pris sur la base du proc\u00e8s-verbal affich\u00e9 devant un bureau de vote. \u00bb<\/p>\n<p>Mme Zenabou Tour\u00e9 a \u00e9galement exprim\u00e9 sa reconnaissance envers les responsables de l\u2019UTERGUI pour leur accompagnement constant.<br \/>\n\u00ab Nous ne pouvons que remercier le bureau et l\u2019ensemble des membres de l\u2019UTERGUI pour l\u2019accompagnement dont b\u00e9n\u00e9ficie le minist\u00e8re de l\u2019Administration du territoire, l\u2019organe de gestion des \u00e9lections, la Direction g\u00e9n\u00e9rale des \u00e9lections que nous sommes, dans le cadre de la couverture m\u00e9diatique de toutes les activit\u00e9s. Si les m\u00e9dias v\u00e9hiculent les bons messages, s\u2019ils ne sont pas incendiaires dans les messages, je pense que cela apaise les citoyens. \u00bb<\/p>\n<p>Selon elle, une collaboration \u00e9troite avec les m\u00e9dias est essentielle pour la compr\u00e9hension et l\u2019appropriation du processus \u00e9lectoral par les citoyens.<br \/>\n\u00ab Pour que les citoyens soient apais\u00e9s et comprennent le processus en cours, il faut que nous travaillions avec les m\u00e9dias main dans la main. Et je pense que depuis le d\u00e9marrage de ce processus de retour \u00e0 l\u2019ordre constitutionnel, c\u2019est ce que nous avons fait. Nous sommes toujours avec vous, du recensement jusqu\u2019\u00e0 l\u2019organisation du r\u00e9f\u00e9rendum et jusqu\u2019au processus d\u2019organisation du premier tour de l\u2019\u00e9lection pr\u00e9sidentielle. En tout cas, merci \u00e0 toute la presse guin\u00e9enne, publique comme priv\u00e9e, pour le travail que vous faites pour notre pays. Et nous comprenons que nous pouvons v\u00e9hiculer, sensibiliser et informer \u00e0 travers les m\u00e9dias sans que cela ne puisse porter atteinte \u00e0 la dignit\u00e9 ni \u00e0 la cr\u00e9dibilit\u00e9 du processus \u00bb, a-t-elle conclu.<\/p>\n<p>UPLG<\/p>\n","protected":false},"excerpt":{"rendered":"<p>Dans le cadre de la couverture m\u00e9diatique de l\u2019\u00e9lection pr\u00e9sidentielle pr\u00e9vue le 28 d\u00e9cembre 2025, la Direction G\u00e9n\u00e9rale des \u00c9lections (DGE) a proc\u00e9d\u00e9, ce samedi 13 d\u00e9cembre 2025, \u00e0 la remise d\u2019un important ch\u00e8que aux responsables de l\u2019Union des T\u00e9l\u00e9visions et Radios Libres de Guin\u00e9e (URTELGUI). La c\u00e9r\u00e9monie a \u00e9t\u00e9 pr\u00e9sid\u00e9e par la Directrice g\u00e9n\u00e9rale [&hellip;]<\/p>\n","protected":false},"author":2,"featured_media":2655,"comment_status":"closed","ping_status":"closed","sticky":false,"template":"","format":"standard","meta":{"footnotes":""},"categories":[3],"tags":[],"class_list":{"0":"post-2657","1":"post","2":"type-post","3":"status-publish","4":"format-standard","5":"has-post-thumbnail","7":"category-politique"},"jetpack_featured_media_url":"https:\/\/cieldeguinee.net\/wp-content\/uploads\/2025\/12\/1765796518411-1080x641-1.jpg","_links":{"self":[{"href":"https:\/\/cieldeguinee.net\/index.php\/wp-json\/wp\/v2\/posts\/2657","targetHints":{"allow":["GET"]}}],"collection":[{"href":"https:\/\/cieldeguinee.net\/index.php\/wp-json\/wp\/v2\/posts"}],"about":[{"href":"https:\/\/cieldeguinee.net\/index.php\/wp-json\/wp\/v2\/types\/post"}],"author":[{"embeddable":true,"href":"https:\/\/cieldeguinee.net\/index.php\/wp-json\/wp\/v2\/users\/2"}],"replies":[{"embeddable":true,"href":"https:\/\/cieldeguinee.net\/index.php\/wp-json\/wp\/v2\/comments?post=2657"}],"version-history":[{"count":1,"href":"https:\/\/cieldeguinee.net\/index.php\/wp-json\/wp\/v2\/posts\/2657\/revisions"}],"predecessor-version":[{"id":2658,"href":"https:\/\/cieldeguinee.net\/index.php\/wp-json\/wp\/v2\/posts\/2657\/revisions\/2658"}],"wp:featuredmedia":[{"embeddable":true,"href":"https:\/\/cieldeguinee.net\/index.php\/wp-json\/wp\/v2\/media\/2655"}],"wp:attachment":[{"href":"https:\/\/cieldeguinee.net\/index.php\/wp-json\/wp\/v2\/media?parent=2657"}],"wp:term":[{"taxonomy":"category","embeddable":true,"href":"https:\/\/cieldeguinee.net\/index.php\/wp-json\/wp\/v2\/categories?post=2657"},{"taxonomy":"post_tag","embeddable":true,"href":"https:\/\/cieldeguinee.net\/index.php\/wp-json\/wp\/v2\/tags?post=2657"}],"curies":[{"name":"wp","href":"https:\/\/api.w.org\/{rel}","templated":true}]}}