{"id":2659,"date":"2025-12-15T16:19:54","date_gmt":"2025-12-15T15:19:54","guid":{"rendered":"https:\/\/cieldeguinee.net\/?p=2659"},"modified":"2025-12-15T16:19:54","modified_gmt":"2025-12-15T15:19:54","slug":"la-cedeao-menace-la-guinee-bissau-de-sanctions-ciblees-apres-le-coup-detat","status":"publish","type":"post","link":"https:\/\/cieldeguinee.net\/index.php\/la-cedeao-menace-la-guinee-bissau-de-sanctions-ciblees-apres-le-coup-detat\/","title":{"rendered":"La Cedeao menace la Guin\u00e9e-Bissau de \u00ab sanctions cibl\u00e9es \u00bb apr\u00e8s le coup d\u2019\u00c9tat"},"content":{"rendered":"<p><strong>R\u00e9unis en sommet \u00e0 Abuja le 14 d\u00e9cembre, les chefs d\u2019\u00c9tat ont examin\u00e9 la situation politique en Guin\u00e9e-Bissau et au B\u00e9nin. L\u2019\u00e9lection pr\u00e9sidentielle en Guin\u00e9e s\u2019est \u00e9galement impos\u00e9e comme sujet majeur, qualifi\u00e9e par le pr\u00e9sident de la Commission de \u00ab progr\u00e8s significatif \u00bb dans le \u00ab processus de transition \u00bb.<\/strong><\/p>\n<p class=\"continue-read-break\" data-t=\"{&quot;n&quot;:&quot;blueLinks&quot;,&quot;t&quot;:13,&quot;a&quot;:&quot;click&quot;,&quot;b&quot;:76}\">La Communaut\u00e9 \u00e9conomique des \u00c9tats d\u2019Afrique de l\u2019Ouest (<a href=\"https:\/\/www.jeuneafrique.com\/institutions\/cedeao\/?utm_source=microsoft&amp;utm_medium=feeds&amp;utm_campaign=feeds-microsoft-v1\" target=\"_blank\" rel=\"noopener\" data-t=\"{&quot;n&quot;:&quot;destination&quot;,&quot;t&quot;:13,&quot;a&quot;:&quot;click&quot;,&quot;b&quot;:1,&quot;c.t&quot;:7}\">Cedeao<\/a>) a menac\u00e9 d\u2019imposer \u00ab\u00a0des sanctions cibl\u00e9es\u00a0\u00bb \u00e0 toute personne qui tenterait d\u2019entraver le retour \u00e0 un r\u00e9gime civil en Guin\u00e9e-Bissau \u00e0 la suite du coup d\u2019\u00c9tat du mois dernier. Cette d\u00e9cision intervient apr\u00e8s un sommet ordinaire des chefs d\u2019\u00c9tat du bloc r\u00e9gional \u00e0 Abuja, au Nigeria, dont l\u2019ordre du jour a \u00e9t\u00e9 domin\u00e9 par le putsch en\u00a0<a href=\"https:\/\/www.jeuneafrique.com\/pays\/guinee-bissau\/?utm_source=microsoft&amp;utm_medium=feeds&amp;utm_campaign=feeds-microsoft-v1\" target=\"_blank\" rel=\"noopener\" data-t=\"{&quot;n&quot;:&quot;destination&quot;,&quot;t&quot;:13,&quot;a&quot;:&quot;click&quot;,&quot;b&quot;:1,&quot;c.t&quot;:7}\">Guin\u00e9e-Bissau<\/a>\u00a0et un autre avort\u00e9 au\u00a0<a href=\"https:\/\/www.jeuneafrique.com\/pays\/benin\/?utm_source=microsoft&amp;utm_medium=feeds&amp;utm_campaign=feeds-microsoft-v1\" target=\"_blank\" rel=\"noopener\" data-t=\"{&quot;n&quot;:&quot;destination&quot;,&quot;t&quot;:13,&quot;a&quot;:&quot;click&quot;,&quot;b&quot;:1,&quot;c.t&quot;:7}\">B\u00e9nin<\/a>\u00a0il y a une semaine.<\/p>\n<p class=\"\" data-t=\"{&quot;n&quot;:&quot;blueLinks&quot;,&quot;t&quot;:13,&quot;a&quot;:&quot;click&quot;,&quot;b&quot;:76}\">\u00ab\u00a0Les autorit\u00e9s imposeront des sanctions cibl\u00e9es aux individus ou groupes de personnes qui entravent le processus de transition\u00a0\u00bb, a d\u00e9clar\u00e9 le pr\u00e9sident de la Commission de la Cedeao,\u00a0<a href=\"https:\/\/www.jeuneafrique.com\/1359257\/economie-entreprises\/cedeao-dix-choses-a-savoir-sur-omar-alieu-touray-le-successeur-de-jean-claude-brou-a-la-cedeao\/?utm_source=microsoft&amp;utm_medium=feeds&amp;utm_campaign=feeds-microsoft-v1\" target=\"_blank\" rel=\"noopener\" data-t=\"{&quot;n&quot;:&quot;destination&quot;,&quot;t&quot;:13,&quot;a&quot;:&quot;click&quot;,&quot;b&quot;:1,&quot;c.t&quot;:7}\">Omar Alieu Touray<\/a>.<\/p>\n<p data-t=\"{&quot;n&quot;:&quot;blueLinks&quot;,&quot;t&quot;:13,&quot;a&quot;:&quot;click&quot;,&quot;b&quot;:76}\">Il a \u00e9galement pr\u00e9cis\u00e9 que la force de maintien de la paix de la Cedeao, d\u00e9ploy\u00e9e depuis 2022 en Guin\u00e9e-Bissau, \u00e9tait \u00ab\u00a0autoris\u00e9e \u00e0 assurer la protection de tous les dirigeants politiques et des institutions nationales\u00a0\u00bb.<\/p>\n<h2 class=\"article-sub-heading\">Au nom de la \u00ab\u00a0solidarit\u00e9 r\u00e9gionale\u00a0\u00bb<\/h2>\n<p data-t=\"{&quot;n&quot;:&quot;blueLinks&quot;,&quot;t&quot;:13,&quot;a&quot;:&quot;click&quot;,&quot;b&quot;:76}\">La Cedeao a \u00e9galement condamn\u00e9 le coup d\u2019\u00c9tat avort\u00e9 au B\u00e9nin, qui a conduit le Nigeria \u00e0 d\u00e9ployer des avions de chasse et des troupes, pour soutenir le gouvernement. L\u2019organisation r\u00e9gionale a indiqu\u00e9 que d\u2019autres soldats arriveraient prochainement depuis le Ghana et la Sierra Leone. Le bloc r\u00e9gional avait d\u00e9j\u00e0 \u00e9t\u00e9 secou\u00e9 par une s\u00e9rie de putschs entre 2020 et 2023 au Burkina Faso, en Guin\u00e9e, au Mali et au Niger, pays toujours dirig\u00e9s par des juntes militaires.<\/p>\n<p data-t=\"{&quot;n&quot;:&quot;blueLinks&quot;,&quot;t&quot;:13,&quot;a&quot;:&quot;click&quot;,&quot;b&quot;:76}\">\u00ab\u00a0Les \u00e9v\u00e9nements de ces derni\u00e8res semaines ont montr\u00e9 concr\u00e8tement ce que signifie la solidarit\u00e9 r\u00e9gionale\u00a0\u00bb, avait soulign\u00e9 Touray lors de la c\u00e9r\u00e9monie d\u2019ouverture du sommet \u00e0 Abuja, qui avait \u00e9t\u00e9 planifi\u00e9 avant le coup d\u2019\u00c9tat en Guin\u00e9e-Bissau et la tentative de prise de pouvoir militaire d\u00e9jou\u00e9e au B\u00e9nin.<\/p>\n<h2 class=\"article-sub-heading\">\u00ab\u00a0Progr\u00e8s significatif\u00a0\u00bb en Guin\u00e9e<\/h2>\n<p data-t=\"{&quot;n&quot;:&quot;blueLinks&quot;,&quot;t&quot;:13,&quot;a&quot;:&quot;click&quot;,&quot;b&quot;:76}\">Mais ceux-ci se sont impos\u00e9s comme des sujets majeurs \u00e0 l\u2019ordre du jour, tout comme l\u2019\u00e9lection pr\u00e9sidentielle du 28\u00a0d\u00e9cembre en Guin\u00e9e, que le pr\u00e9sident de la Commission a qualifi\u00e9e de \u00ab\u00a0progr\u00e8s significatif\u00a0\u00bb dans le \u00ab\u00a0processus de transition\u00a0\u00bb.<\/p>\n<p data-t=\"{&quot;n&quot;:&quot;blueLinks&quot;,&quot;t&quot;:13,&quot;a&quot;:&quot;click&quot;,&quot;b&quot;:76}\">Des d\u00e9clarations qui interviennent alors que le chef de la junte en\u00a0<a href=\"https:\/\/www.jeuneafrique.com\/pays\/guinee\/?utm_source=microsoft&amp;utm_medium=feeds&amp;utm_campaign=feeds-microsoft-v1\" target=\"_blank\" rel=\"noopener\" data-t=\"{&quot;n&quot;:&quot;destination&quot;,&quot;t&quot;:13,&quot;a&quot;:&quot;click&quot;,&quot;b&quot;:1,&quot;c.t&quot;:7}\">Guin\u00e9e,<\/a>\u00a0Mamadi Doumbouya, brigue la pr\u00e9sidence malgr\u00e9 une promesse ant\u00e9rieure de ne pas se pr\u00e9senter, et que l\u2019opposant exil\u00e9 et ancien Premier ministre Cellou Dalein Diallo a \u00e9t\u00e9 exclu du scrutin.<\/p>\n<p data-t=\"{&quot;n&quot;:&quot;blueLinks&quot;,&quot;t&quot;:13,&quot;a&quot;:&quot;click&quot;,&quot;b&quot;:76}\">Interrog\u00e9 sur la cr\u00e9dibilit\u00e9 du vote en Guin\u00e9e, Omar Alieu Touray a d\u00e9clar\u00e9 : \u00ab\u00a0Nous esp\u00e9rons que les \u00e9lections seront cr\u00e9dibles, transparentes et \u00e9quitables.\u00a0\u00bb<\/p>\n<h2 class=\"article-sub-heading\">L\u2019AES et la s\u00e9curit\u00e9 commune<\/h2>\n<p data-t=\"{&quot;n&quot;:&quot;blueLinks&quot;,&quot;t&quot;:13,&quot;a&quot;:&quot;click&quot;,&quot;b&quot;:76}\">La s\u00e9curit\u00e9 dans la r\u00e9gion du Sahel, o\u00f9 des groupes jihadistes m\u00e8nent des insurrections dans plusieurs pays, a \u00e9galement \u00e9t\u00e9 abord\u00e9e. Le Burkina Faso, le Mali et le Niger ont quitt\u00e9 la Cedeao et form\u00e9 leur propre organisation, l\u2019<a href=\"https:\/\/www.jeuneafrique.com\/institutions\/alliance-etats-du-sahel-mali-burkina-faso-niger\/?utm_source=microsoft&amp;utm_medium=feeds&amp;utm_campaign=feeds-microsoft-v1\" target=\"_blank\" rel=\"noopener\" data-t=\"{&quot;n&quot;:&quot;destination&quot;,&quot;t&quot;:13,&quot;a&quot;:&quot;click&quot;,&quot;b&quot;:1,&quot;c.t&quot;:7}\">Alliance des \u00c9tats du Sahel<\/a>\u00a0(AES).<\/p>\n<p data-t=\"{&quot;n&quot;:&quot;blueLinks&quot;,&quot;t&quot;:13,&quot;a&quot;:&quot;click&quot;,&quot;b&quot;:76}\">La semaine derni\u00e8re, Touray a appel\u00e9 \u00e0 des n\u00e9gociations avec l\u2019AES sur les questions s\u00e9curitaires communes, alors que le conflit continue de s\u2019\u00e9tendre vers le sud. \u00ab\u00a0Aucune fronti\u00e8re ne peut nous prot\u00e9ger de la violence\u00a0\u00bb, a pr\u00e9venu le pr\u00e9sident sierra-l\u00e9onais Julius Maada Bio, qui assure la pr\u00e9sidence tournante de la Cedeao.<\/p>\n<p data-t=\"{&quot;n&quot;:&quot;blueLinks&quot;,&quot;t&quot;:13,&quot;a&quot;:&quot;click&quot;,&quot;b&quot;:76}\"><strong>(Avec AFP)<\/strong><\/p>\n","protected":false},"excerpt":{"rendered":"<p>R\u00e9unis en sommet \u00e0 Abuja le 14 d\u00e9cembre, les chefs d\u2019\u00c9tat ont examin\u00e9 la situation politique en Guin\u00e9e-Bissau et au B\u00e9nin. L\u2019\u00e9lection pr\u00e9sidentielle en Guin\u00e9e s\u2019est \u00e9galement impos\u00e9e comme sujet majeur, qualifi\u00e9e par le pr\u00e9sident de la Commission de \u00ab progr\u00e8s significatif \u00bb dans le \u00ab processus de transition \u00bb. La Communaut\u00e9 \u00e9conomique des \u00c9tats [&hellip;]<\/p>\n","protected":false},"author":2,"featured_media":2660,"comment_status":"closed","ping_status":"closed","sticky":false,"template":"","format":"standard","meta":{"footnotes":""},"categories":[6],"tags":[],"class_list":{"0":"post-2659","1":"post","2":"type-post","3":"status-publish","4":"format-standard","5":"has-post-thumbnail","7":"category-international"},"jetpack_featured_media_url":"https:\/\/cieldeguinee.net\/wp-content\/uploads\/2025\/12\/AA1SnpBO.jpg","_links":{"self":[{"href":"https:\/\/cieldeguinee.net\/index.php\/wp-json\/wp\/v2\/posts\/2659","targetHints":{"allow":["GET"]}}],"collection":[{"href":"https:\/\/cieldeguinee.net\/index.php\/wp-json\/wp\/v2\/posts"}],"about":[{"href":"https:\/\/cieldeguinee.net\/index.php\/wp-json\/wp\/v2\/types\/post"}],"author":[{"embeddable":true,"href":"https:\/\/cieldeguinee.net\/index.php\/wp-json\/wp\/v2\/users\/2"}],"replies":[{"embeddable":true,"href":"https:\/\/cieldeguinee.net\/index.php\/wp-json\/wp\/v2\/comments?post=2659"}],"version-history":[{"count":1,"href":"https:\/\/cieldeguinee.net\/index.php\/wp-json\/wp\/v2\/posts\/2659\/revisions"}],"predecessor-version":[{"id":2661,"href":"https:\/\/cieldeguinee.net\/index.php\/wp-json\/wp\/v2\/posts\/2659\/revisions\/2661"}],"wp:featuredmedia":[{"embeddable":true,"href":"https:\/\/cieldeguinee.net\/index.php\/wp-json\/wp\/v2\/media\/2660"}],"wp:attachment":[{"href":"https:\/\/cieldeguinee.net\/index.php\/wp-json\/wp\/v2\/media?parent=2659"}],"wp:term":[{"taxonomy":"category","embeddable":true,"href":"https:\/\/cieldeguinee.net\/index.php\/wp-json\/wp\/v2\/categories?post=2659"},{"taxonomy":"post_tag","embeddable":true,"href":"https:\/\/cieldeguinee.net\/index.php\/wp-json\/wp\/v2\/tags?post=2659"}],"curies":[{"name":"wp","href":"https:\/\/api.w.org\/{rel}","templated":true}]}}