{"id":2672,"date":"2025-12-17T14:24:24","date_gmt":"2025-12-17T13:24:24","guid":{"rendered":"https:\/\/cieldeguinee.net\/?p=2672"},"modified":"2025-12-17T16:18:30","modified_gmt":"2025-12-17T15:18:30","slug":"la-position-de-lufdg-une-ligne-politique-difficile-a-lireopinion","status":"publish","type":"post","link":"https:\/\/cieldeguinee.net\/index.php\/la-position-de-lufdg-une-ligne-politique-difficile-a-lireopinion\/","title":{"rendered":"La position de l\u2019UFDG : une ligne politique difficile \u00e0 lire(Opinion)"},"content":{"rendered":"<p>Il y a quelque chose que je peine encore \u00e0 comprendre dans la posture actuelle de l\u2019Union des forces d\u00e9mocratiques de Guin\u00e9e (UFDG). Depuis la lev\u00e9e des sanctions qui pesaient sur le parti, ses responsables s\u2019emploient \u00e0 le remettre pleinement sur pied, comme un parti politique ordinaire, \u00e9voluant dans un pays dirig\u00e9 par un Pr\u00e9sident qu\u2019ils disent pourtant ne pas reconna\u00eetre.<\/p>\n<p>La confusion devient plus visible \u00e0 l\u2019approche des \u00e9ch\u00e9ances politiques. Apr\u00e8s le 28 d\u00e9cembre, il est pr\u00e9visible que les dirigeants de l\u2019UFDG r\u00e9p\u00e9teront qu\u2019ils ne reconnaissent ni les r\u00e9sultats ni le Pr\u00e9sident issu d\u2019\u00e9lections qu\u2019ils jugent non cr\u00e9dibles. Pourtant, dans le m\u00eame temps, tout indique qu\u2019ils se pr\u00e9pareront activement aux \u00e9lections l\u00e9gislatives, communales, voire s\u00e9natoriales, organis\u00e9es sous le mandat de ce m\u00eame Pr\u00e9sident qu\u2019ils rejettent. Cette double posture interroge.<\/p>\n<p>D\u00e8s lors, une question centrale se pose : si le Pr\u00e9sident Doumbouya avait laiss\u00e9 la porte ouverte, Cellou Dalein Diallo se serait-il pr\u00e9sent\u00e9 ? Si la r\u00e9ponse est oui, alors le probl\u00e8me n\u2019est peut-\u00eatre pas tant la mani\u00e8re d\u2019organiser les \u00e9lections que la non-participation du leader de l\u2019UFDG \u00e0 la pr\u00e9sidentielle. Autrement dit, le rejet du processus serait moins institutionnel que personnel. Dans ce contexte, on peut aussi se demander pourquoi l\u2019UFDG n\u2019a pas choisi une strat\u00e9gie comparable \u00e0 celle d\u2019Alpha Cond\u00e9 ou du RPG, qui ont opt\u00e9, \u00e0 des degr\u00e9s divers, pour le retrait et la mise en r\u00e9serve politique. Pourquoi maintenir une pr\u00e9sence active dans le jeu institutionnel tout en contestant sa l\u00e9gitimit\u00e9 fondamentale ?<\/p>\n<p>La sortie m\u00e9diatique de Cellou Dalein Diallo, affirmant clairement que ni de pr\u00e8s ni de loin il n\u2019est int\u00e9ress\u00e9 par la pr\u00e9sidentielle, ajoute \u00e0 l\u2019interrogation. Qui l\u2019a pouss\u00e9 \u00e0 se prononcer ainsi, l\u00e0 o\u00f9 un silence strat\u00e9gique aurait peut-\u00eatre \u00e9t\u00e9 plus coh\u00e9rent avec la posture de contestation ? Personnellement, je n\u2019aurais ni soutenu ni rejet\u00e9 publiquement : j\u2019aurais choisi le silence, ce \u00ab gboudou silence \u00bb qui laisse planer l\u2019incertitude et \u00e9vite de figer les positions.<\/p>\n<p>Au fond, ce questionnement ne vise pas \u00e0 trancher, mais \u00e0 mettre en lumi\u00e8re une ligne politique qui semble h\u00e9siter entre la contestation radicale et l\u2019adaptation pragmatique. Une posture qui, pour beaucoup, demeure difficile \u00e0 lire et m\u00e9rite, au minimum, d\u2019\u00eatre clairement expliqu\u00e9e \u00e0 l\u2019opinion publique.<\/p>\n<p><strong>Amadou K\u00e9ita (Analyste politique, Coach formateur et auteur)<\/strong><\/p>\n","protected":false},"excerpt":{"rendered":"<p>Il y a quelque chose que je peine encore \u00e0 comprendre dans la posture actuelle de l\u2019Union des forces d\u00e9mocratiques de Guin\u00e9e (UFDG). Depuis la lev\u00e9e des sanctions qui pesaient sur le parti, ses responsables s\u2019emploient \u00e0 le remettre pleinement sur pied, comme un parti politique ordinaire, \u00e9voluant dans un pays dirig\u00e9 par un Pr\u00e9sident [&hellip;]<\/p>\n","protected":false},"author":2,"featured_media":2679,"comment_status":"closed","ping_status":"closed","sticky":false,"template":"","format":"standard","meta":{"footnotes":""},"categories":[3],"tags":[],"class_list":{"0":"post-2672","1":"post","2":"type-post","3":"status-publish","4":"format-standard","5":"has-post-thumbnail","7":"category-politique"},"jetpack_featured_media_url":"https:\/\/cieldeguinee.net\/wp-content\/uploads\/2025\/12\/Image2.jpg","_links":{"self":[{"href":"https:\/\/cieldeguinee.net\/index.php\/wp-json\/wp\/v2\/posts\/2672","targetHints":{"allow":["GET"]}}],"collection":[{"href":"https:\/\/cieldeguinee.net\/index.php\/wp-json\/wp\/v2\/posts"}],"about":[{"href":"https:\/\/cieldeguinee.net\/index.php\/wp-json\/wp\/v2\/types\/post"}],"author":[{"embeddable":true,"href":"https:\/\/cieldeguinee.net\/index.php\/wp-json\/wp\/v2\/users\/2"}],"replies":[{"embeddable":true,"href":"https:\/\/cieldeguinee.net\/index.php\/wp-json\/wp\/v2\/comments?post=2672"}],"version-history":[{"count":1,"href":"https:\/\/cieldeguinee.net\/index.php\/wp-json\/wp\/v2\/posts\/2672\/revisions"}],"predecessor-version":[{"id":2674,"href":"https:\/\/cieldeguinee.net\/index.php\/wp-json\/wp\/v2\/posts\/2672\/revisions\/2674"}],"wp:featuredmedia":[{"embeddable":true,"href":"https:\/\/cieldeguinee.net\/index.php\/wp-json\/wp\/v2\/media\/2679"}],"wp:attachment":[{"href":"https:\/\/cieldeguinee.net\/index.php\/wp-json\/wp\/v2\/media?parent=2672"}],"wp:term":[{"taxonomy":"category","embeddable":true,"href":"https:\/\/cieldeguinee.net\/index.php\/wp-json\/wp\/v2\/categories?post=2672"},{"taxonomy":"post_tag","embeddable":true,"href":"https:\/\/cieldeguinee.net\/index.php\/wp-json\/wp\/v2\/tags?post=2672"}],"curies":[{"name":"wp","href":"https:\/\/api.w.org\/{rel}","templated":true}]}}