{"id":269,"date":"2023-10-30T20:51:50","date_gmt":"2023-10-30T19:51:50","guid":{"rendered":"https:\/\/cieldeguinee.net\/2023\/10\/30\/au-senegal-des-manifestants-reclament-la-liberation-des-detenus-politiques\/"},"modified":"2023-10-30T21:51:33","modified_gmt":"2023-10-30T20:51:33","slug":"au-senegal-des-manifestants-reclament-la-liberation-des-detenus-politiques","status":"publish","type":"post","link":"https:\/\/cieldeguinee.net\/index.php\/au-senegal-des-manifestants-reclament-la-liberation-des-detenus-politiques\/","title":{"rendered":"Au S\u00e9n\u00e9gal, des manifestants r\u00e9clament la lib\u00e9ration des \u201cd\u00e9tenus politiques\u201d"},"content":{"rendered":"<p><\/p>\n<div data-type=\"text\">\n<p><strong>\u201cLib\u00e9rez Sonko\u201d, \u201cLib\u00e9rez les otages\u201d, \u201c\u00e0 bas la dictature\u201d, scandaient des manifestants, dont quelques uns \u00e9taient munis de drapeaux russes, au milieu d\u2019une foule rassembl\u00e9e dans la banlieue dakaroise dans le bruit des vuvuzelas, sifflets et klaxons.\u00a0<\/strong><\/p>\n<div class=\"article__text\">\n<p>\u00a0<\/p>\n<p>Cette manifestation \u00e0 l\u2019appel du \u201cMouvement des forces vives du S\u00e9n\u00e9gal F24\u201d, collectif qui regroupe des dizaines d\u2019organisations politiques et de d\u00e9fense des droits, est l\u2019une des rares autoris\u00e9es par les autorit\u00e9s depuis les troubles d\u00e9but juin li\u00e9s \u00e0 la condamnation de l\u2019opposant Ousmane Sonko dans une affaire de moeurs, les pires qu\u2019ait connu le pays depuis des ann\u00e9es.<\/p>\n<\/div>\n<\/div>\n<div data-type=\"text\">\n<div class=\"article__text\">Le ministre de la Justice avait chiffr\u00e9 \u00e0 \u201cenviron 500\u201d le nombre de personnes d\u00e9tenues en lien avec les troubles survenus en 2023, le parti de\u00a0<a href=\"https:\/\/fr.sputniknews.africa\/20230926\/ces-personnalites-inspirent-le-plus-confiance-en-afrique-selon-un-nouveau-classement-1062375746.html\" target=\"_blank\" rel=\"noopener\">l\u2019opposant Sonko<\/a>\u00a0\u00e9valuant \u00e0 plus de 1.000 le nombre de ces \u201cprisonniers politiques\u201d.<\/div>\n<\/div>\n<div data-type=\"quote\">\n<div class=\"article__quote\">\n<p>\u201cJe suis venu pour exiger la lib\u00e9ration de tous les d\u00e9tenus politiques. On ne veut plus d\u2019une justice \u00e0 deux vitesses\u201d, a affirm\u00e9 Birame Gueye, 61 ans, propri\u00e9taire d\u2019une entreprise de location de voiture.<\/p>\n<\/div>\n<\/div>\n<div data-type=\"text\">\n<div class=\"article__text\">Certains brandissaient des pancartes \u00e0 l\u2019effigie de M. Sonko, d\u00e9tenu depuis fin juillet sous diff\u00e9rents motifs dont \u201cappel \u00e0 l\u2019insurrection\u201d. Celui-ci a repris r\u00e9cemment sa gr\u00e8ve de la faim et est\u00a0<a href=\"https:\/\/fr.sputniknews.africa\/20231026\/lopposant-senegalais-sonko-en-service-de-reanimation-dans-un-etat-tres-faible-1063093601.html\" target=\"_blank\" rel=\"noopener\">dans un \u00e9tat \u201ctr\u00e8s faible\u201d<\/a>\u00a0dans un service de r\u00e9animation d\u2019un h\u00f4pital de Dakar, selon l\u2019un de ses avocats.<\/div>\n<\/div>\n<div data-type=\"quote\">\n<div class=\"article__quote\">\n<p>\u201cIl y a un gouvernement qui donne l\u2019air de vouloir la mort de Sonko, qui ne montre aucune humanit\u00e9 par rapport \u00e0 sa souffrance. Faire d\u2019Ousmane Sonko un martyr ne leur servira \u00e0 rien\u201d, a d\u00e9clar\u00e9 \u00e0 l\u2019AFP Mamadou Mbodj, le coordonnateur de F24.<\/p>\n<\/div>\n<\/div>\n<div data-type=\"text\">\n<p>Candidat \u00e0 la pr\u00e9sidentielle de f\u00e9vrier 2024, M. Sonko, 49 ans, troisi\u00e8me de la pr\u00e9sidentielle de 2019, accuse le pr\u00e9sident Macky Sall, qui s\u2019en d\u00e9fend, de vouloir l\u2019\u00e9carter du scrutin par des proc\u00e9dures judiciaires. M. Sall, \u00e9lu en 2012 pour sept ans et r\u00e9\u00e9lu en 2019 pour cinq ans, a annonc\u00e9 d\u00e9but juillet ne pas se repr\u00e9senter.<\/p>\n<\/div>\n<p><a href=\"https:\/\/leverificateur.net\/index.php\/au-senegal-des-manifestants-reclament-la-liberation-des-detenus-politiques\/\">Source link <\/a><\/p>\n","protected":false},"excerpt":{"rendered":"<p>\u201cLib\u00e9rez Sonko\u201d, \u201cLib\u00e9rez les otages\u201d, \u201c\u00e0 bas la dictature\u201d, scandaient des manifestants, dont quelques uns \u00e9taient munis de drapeaux russes, au milieu d\u2019une foule rassembl\u00e9e dans la banlieue dakaroise dans le bruit des vuvuzelas, sifflets et klaxons.\u00a0 \u00a0 Cette manifestation \u00e0 l\u2019appel du \u201cMouvement des forces vives du S\u00e9n\u00e9gal F24\u201d, collectif qui regroupe des dizaines [&hellip;]<\/p>\n","protected":false},"author":2,"featured_media":270,"comment_status":"open","ping_status":"open","sticky":false,"template":"","format":"standard","meta":{"footnotes":""},"categories":[2,9,4,5,6,7,8,3,10],"tags":[],"class_list":{"0":"post-269","1":"post","2":"type-post","3":"status-publish","4":"format-standard","5":"has-post-thumbnail","7":"category-a-la-une","8":"category-culture","9":"category-economie","10":"category-environnement","11":"category-international","12":"category-interview","13":"category-opinion","14":"category-politique","15":"category-sante"},"jetpack_featured_media_url":"https:\/\/cieldeguinee.net\/wp-content\/uploads\/2023\/10\/manifestants-pro-Sonko-696x392-1.webp","_links":{"self":[{"href":"https:\/\/cieldeguinee.net\/index.php\/wp-json\/wp\/v2\/posts\/269","targetHints":{"allow":["GET"]}}],"collection":[{"href":"https:\/\/cieldeguinee.net\/index.php\/wp-json\/wp\/v2\/posts"}],"about":[{"href":"https:\/\/cieldeguinee.net\/index.php\/wp-json\/wp\/v2\/types\/post"}],"author":[{"embeddable":true,"href":"https:\/\/cieldeguinee.net\/index.php\/wp-json\/wp\/v2\/users\/2"}],"replies":[{"embeddable":true,"href":"https:\/\/cieldeguinee.net\/index.php\/wp-json\/wp\/v2\/comments?post=269"}],"version-history":[{"count":0,"href":"https:\/\/cieldeguinee.net\/index.php\/wp-json\/wp\/v2\/posts\/269\/revisions"}],"wp:featuredmedia":[{"embeddable":true,"href":"https:\/\/cieldeguinee.net\/index.php\/wp-json\/wp\/v2\/media\/270"}],"wp:attachment":[{"href":"https:\/\/cieldeguinee.net\/index.php\/wp-json\/wp\/v2\/media?parent=269"}],"wp:term":[{"taxonomy":"category","embeddable":true,"href":"https:\/\/cieldeguinee.net\/index.php\/wp-json\/wp\/v2\/categories?post=269"},{"taxonomy":"post_tag","embeddable":true,"href":"https:\/\/cieldeguinee.net\/index.php\/wp-json\/wp\/v2\/tags?post=269"}],"curies":[{"name":"wp","href":"https:\/\/api.w.org\/{rel}","templated":true}]}}