{"id":2733,"date":"2026-01-27T12:52:44","date_gmt":"2026-01-27T11:52:44","guid":{"rendered":"https:\/\/cieldeguinee.net\/?p=2733"},"modified":"2026-01-27T12:52:44","modified_gmt":"2026-01-27T11:52:44","slug":"le-premier-premier-ministre-de-la-5e-republique-bah-oury-sexprime","status":"publish","type":"post","link":"https:\/\/cieldeguinee.net\/index.php\/le-premier-premier-ministre-de-la-5e-republique-bah-oury-sexprime\/","title":{"rendered":"Le premier Premier ministre de la 5\u00e8 R\u00e9publique, Bah Oury, s\u2019exprime"},"content":{"rendered":"<p>Le pr\u00e9sident de la R\u00e9publique Mamadi Doumbouya a reconduit au poste de Premier ministre Amadou Oury Bah le lundi 26 janvier, vous le savez d\u00e9j\u00e0.<\/p>\n<p>Dans un entretien accord\u00e9 \u00e0 la Cellule de Communication du Gouvernement, le Chef du Gouvernement a exprim\u00e9 son \u00e9motion et sa gratitude pour la confiance renouvel\u00e9e du Pr\u00e9sident de la R\u00e9publique, Mamadi Doumbouya, tout en soulignant l\u2019ampleur des responsabilit\u00e9s et des attentes li\u00e9es \u00e0 cette mission.<\/p>\n<p>\u00ab Je suis particuli\u00e8rement \u00e9mu, d\u2019abord, par le renouvellement de la confiance que le Pr\u00e9sident de la R\u00e9publique, Mamadi Doumbouya, m\u2019a une nouvelle fois accord\u00e9e. On prie Dieu qu\u2019Il nous donne la force, avec le Pr\u00e9sident Doumbouya, de parvenir \u00e0 mettre en \u0153uvre les attentes et les besoins que la population guin\u00e9enne exprime de tous ses v\u0153ux.<\/p>\n<p>Nous avons besoin de tout le monde. La t\u00e2che n\u2019est pas facile. Le pays a besoin de coh\u00e9sion et de stabilit\u00e9.<\/p>\n<p>Je ferai de mon mieux pour \u00eatre \u00e0 la hauteur de cette charge, dans l\u2019int\u00e9r\u00eat du programme incarn\u00e9 par le Pr\u00e9sident de la R\u00e9publique et pour r\u00e9pondre aux attentes des populations guin\u00e9ennes et, plus largement, ouest-africaines \u00bb, a-t-il livr\u00e9 ses premiers mots.<\/p>\n<p><strong>La Cellule de Communication du Gouvernement<\/strong><\/p>\n","protected":false},"excerpt":{"rendered":"<p>Le pr\u00e9sident de la R\u00e9publique Mamadi Doumbouya a reconduit au poste de Premier ministre Amadou Oury Bah le lundi 26 janvier, vous le savez d\u00e9j\u00e0. Dans un entretien accord\u00e9 \u00e0 la Cellule de Communication du Gouvernement, le Chef du Gouvernement a exprim\u00e9 son \u00e9motion et sa gratitude pour la confiance renouvel\u00e9e du Pr\u00e9sident de la [&hellip;]<\/p>\n","protected":false},"author":2,"featured_media":2736,"comment_status":"closed","ping_status":"closed","sticky":false,"template":"","format":"standard","meta":{"footnotes":""},"categories":[3],"tags":[],"class_list":{"0":"post-2733","1":"post","2":"type-post","3":"status-publish","4":"format-standard","5":"has-post-thumbnail","7":"category-politique"},"jetpack_featured_media_url":"https:\/\/cieldeguinee.net\/wp-content\/uploads\/2026\/01\/Bah_Oury.jpg","_links":{"self":[{"href":"https:\/\/cieldeguinee.net\/index.php\/wp-json\/wp\/v2\/posts\/2733","targetHints":{"allow":["GET"]}}],"collection":[{"href":"https:\/\/cieldeguinee.net\/index.php\/wp-json\/wp\/v2\/posts"}],"about":[{"href":"https:\/\/cieldeguinee.net\/index.php\/wp-json\/wp\/v2\/types\/post"}],"author":[{"embeddable":true,"href":"https:\/\/cieldeguinee.net\/index.php\/wp-json\/wp\/v2\/users\/2"}],"replies":[{"embeddable":true,"href":"https:\/\/cieldeguinee.net\/index.php\/wp-json\/wp\/v2\/comments?post=2733"}],"version-history":[{"count":1,"href":"https:\/\/cieldeguinee.net\/index.php\/wp-json\/wp\/v2\/posts\/2733\/revisions"}],"predecessor-version":[{"id":2735,"href":"https:\/\/cieldeguinee.net\/index.php\/wp-json\/wp\/v2\/posts\/2733\/revisions\/2735"}],"wp:featuredmedia":[{"embeddable":true,"href":"https:\/\/cieldeguinee.net\/index.php\/wp-json\/wp\/v2\/media\/2736"}],"wp:attachment":[{"href":"https:\/\/cieldeguinee.net\/index.php\/wp-json\/wp\/v2\/media?parent=2733"}],"wp:term":[{"taxonomy":"category","embeddable":true,"href":"https:\/\/cieldeguinee.net\/index.php\/wp-json\/wp\/v2\/categories?post=2733"},{"taxonomy":"post_tag","embeddable":true,"href":"https:\/\/cieldeguinee.net\/index.php\/wp-json\/wp\/v2\/tags?post=2733"}],"curies":[{"name":"wp","href":"https:\/\/api.w.org\/{rel}","templated":true}]}}