{"id":2737,"date":"2026-01-28T13:03:55","date_gmt":"2026-01-28T12:03:55","guid":{"rendered":"https:\/\/cieldeguinee.net\/?p=2737"},"modified":"2026-01-28T13:03:55","modified_gmt":"2026-01-28T12:03:55","slug":"dix-ans-apres-la-profession-rend-hommage-au-journaliste-mohamed-koula-diallo","status":"publish","type":"post","link":"https:\/\/cieldeguinee.net\/index.php\/dix-ans-apres-la-profession-rend-hommage-au-journaliste-mohamed-koula-diallo\/","title":{"rendered":"Dix ans apr\u00e8s, la profession rend hommage au journaliste Mohamed Koula Diallo"},"content":{"rendered":"<h3 class=\"font-claude-response-body break-words whitespace-normal leading-[1.7]\"><strong>Le Collectif des Journalistes Amis de Koula (COJAK) et la Maison de la Presse de Guin\u00e9e organisent une c\u00e9r\u00e9monie comm\u00e9morative en m\u00e9moire de Mohamed Koula Diallo, journaliste de Guinee7.com d\u00e9c\u00e9d\u00e9 le 5 f\u00e9vrier 2016 dans l\u2019exercice de ses fonctions<\/strong>.<\/h3>\n<h3 class=\"font-claude-response-body break-words whitespace-normal leading-[1.7]\">Le journaliste, \u00e2g\u00e9 de 42 ans, a perdu la vie alors qu\u2019il couvrait des affrontements entre militants d\u2019un parti politique \u00e0 Conakry. Reporter de terrain r\u00e9put\u00e9 pour son int\u00e9grit\u00e9, Mohamed Koula Diallo se d\u00e9pla\u00e7ait r\u00e9guli\u00e8rement dans les zones recul\u00e9es du pays pour donner la parole aux populations marginalis\u00e9es. Ses enqu\u00eates portaient sur des th\u00e9matiques sensibles telles que les libert\u00e9s publiques, la gouvernance, la sant\u00e9 et les droits fondamentaux.<\/h3>\n<h3 class=\"font-claude-response-body break-words whitespace-normal leading-[1.7]\">\u00ab Nous devons perp\u00e9tuer l\u2019h\u00e9ritage de notre confr\u00e8re \u00bb, d\u00e9clare Minkailou Barry, coordinateur g\u00e9n\u00e9ral du COJAK. \u00ab La presse guin\u00e9enne forme une famille indivisible. Cet hommage transcende toutes les appartenances et r\u00e9affirme notre attachement aux principes fondamentaux du m\u00e9tier : rigueur, transparence et bravoure. \u00bb<\/h3>\n<h3 class=\"font-claude-response-body break-words whitespace-normal leading-[1.7]\">Deux \u00e9v\u00e9nements marqueront cette d\u00e9cennie. Le 3 f\u00e9vrier, une lecture du Coran sera organis\u00e9e \u00e0 la m\u00e9moire du d\u00e9funt. Le 5 f\u00e9vrier, la c\u00e9r\u00e9monie principale se tiendra \u00e0 la Maison de la Presse d\u00e8s 10 heures, r\u00e9unissant la famille du journaliste, ses confr\u00e8res, les autorit\u00e9s guin\u00e9ennes et les partenaires. Au programme : t\u00e9moignages, exposition photographique, projections vid\u00e9o et pr\u00e9sentation des travaux journalistiques de Mohamed Koula Diallo.<\/h3>\n<h3 class=\"font-claude-response-body break-words whitespace-normal leading-[1.7]\">L\u2019ensemble des m\u00e9dias et associations de presse sont invit\u00e9s \u00e0 participer \u00e0 cet hommage qui vise \u00e9galement \u00e0 transmettre aux jeunes journalistes l\u2019exemple d\u2019un professionnel tomb\u00e9 dans l\u2019exercice de sa mission d\u2019information.<\/h3>\n<h3 class=\"font-claude-response-body break-words whitespace-normal leading-[1.7]\">Minkailou Barry, coordinateur g\u00e9n\u00e9ral du COJAK.<\/h3>\n","protected":false},"excerpt":{"rendered":"<p>Le Collectif des Journalistes Amis de Koula (COJAK) et la Maison de la Presse de Guin\u00e9e organisent une c\u00e9r\u00e9monie comm\u00e9morative en m\u00e9moire de Mohamed Koula Diallo, journaliste de Guinee7.com d\u00e9c\u00e9d\u00e9 le 5 f\u00e9vrier 2016 dans l\u2019exercice de ses fonctions. Le journaliste, \u00e2g\u00e9 de 42 ans, a perdu la vie alors qu\u2019il couvrait des affrontements entre [&hellip;]<\/p>\n","protected":false},"author":2,"featured_media":2738,"comment_status":"closed","ping_status":"closed","sticky":false,"template":"","format":"standard","meta":{"footnotes":""},"categories":[23],"tags":[],"class_list":{"0":"post-2737","1":"post","2":"type-post","3":"status-publish","4":"format-standard","5":"has-post-thumbnail","7":"category-societe"},"jetpack_featured_media_url":"https:\/\/cieldeguinee.net\/wp-content\/uploads\/2026\/01\/Screenshot_20260128_105630_Google.webp","_links":{"self":[{"href":"https:\/\/cieldeguinee.net\/index.php\/wp-json\/wp\/v2\/posts\/2737","targetHints":{"allow":["GET"]}}],"collection":[{"href":"https:\/\/cieldeguinee.net\/index.php\/wp-json\/wp\/v2\/posts"}],"about":[{"href":"https:\/\/cieldeguinee.net\/index.php\/wp-json\/wp\/v2\/types\/post"}],"author":[{"embeddable":true,"href":"https:\/\/cieldeguinee.net\/index.php\/wp-json\/wp\/v2\/users\/2"}],"replies":[{"embeddable":true,"href":"https:\/\/cieldeguinee.net\/index.php\/wp-json\/wp\/v2\/comments?post=2737"}],"version-history":[{"count":1,"href":"https:\/\/cieldeguinee.net\/index.php\/wp-json\/wp\/v2\/posts\/2737\/revisions"}],"predecessor-version":[{"id":2739,"href":"https:\/\/cieldeguinee.net\/index.php\/wp-json\/wp\/v2\/posts\/2737\/revisions\/2739"}],"wp:featuredmedia":[{"embeddable":true,"href":"https:\/\/cieldeguinee.net\/index.php\/wp-json\/wp\/v2\/media\/2738"}],"wp:attachment":[{"href":"https:\/\/cieldeguinee.net\/index.php\/wp-json\/wp\/v2\/media?parent=2737"}],"wp:term":[{"taxonomy":"category","embeddable":true,"href":"https:\/\/cieldeguinee.net\/index.php\/wp-json\/wp\/v2\/categories?post=2737"},{"taxonomy":"post_tag","embeddable":true,"href":"https:\/\/cieldeguinee.net\/index.php\/wp-json\/wp\/v2\/tags?post=2737"}],"curies":[{"name":"wp","href":"https:\/\/api.w.org\/{rel}","templated":true}]}}