{"id":2780,"date":"2026-03-17T11:40:51","date_gmt":"2026-03-17T10:40:51","guid":{"rendered":"https:\/\/cieldeguinee.net\/?p=2780"},"modified":"2026-03-17T11:40:51","modified_gmt":"2026-03-17T10:40:51","slug":"sommet-tripartite-a-conakry-trois-chefs-detat-pour-un-seul-objectif-la-paix","status":"publish","type":"post","link":"https:\/\/cieldeguinee.net\/index.php\/sommet-tripartite-a-conakry-trois-chefs-detat-pour-un-seul-objectif-la-paix\/","title":{"rendered":"Sommet tripartite \u00e0 Conakry : trois chefs d\u2019\u00c9tat pour un seul objectif, la paix"},"content":{"rendered":"<h3><strong>Le Palais Mohammed V a accueilli ce lundi un sommet tripartite de haut niveau d\u00e9di\u00e9 au r\u00e8glement des diff\u00e9rends frontaliers opposant la Guin\u00e9e \u00e0 ses voisins sierra-l\u00e9onais et lib\u00e9rien.<\/strong><\/h3>\n<h3>Pr\u00e9sid\u00e9e par Son Excellence le G\u00e9n\u00e9ral Mamadi Doumbouya, Chef de l\u2019\u00c9tat guin\u00e9en, cette rencontre diplomatique s\u2019est tenue dans un esprit de dialogue constructif et de coop\u00e9ration r\u00e9gionale, dans le cadre de l\u2019Union du Fleuve Mano.<\/h3>\n<h3>Le sommet a r\u00e9uni autour de la m\u00eame table Son Excellence Joseph Nyumah Boakai, Pr\u00e9sident de la R\u00e9publique du Lib\u00e9ria, et Son Excellence Julius Maada Bio, Pr\u00e9sident de la R\u00e9publique de Sierra Leone. La C\u00f4te d\u2019Ivoire y \u00e9tait repr\u00e9sent\u00e9e en qualit\u00e9 de pays t\u00e9moin par Mme Nial\u00e9 Kaba, ministre des Affaires \u00e9trang\u00e8res, de l\u2019Int\u00e9gration africaine et de la Coop\u00e9ration internationale, d\u00e9p\u00each\u00e9e \u00e0 Conakry en tant qu\u2019envoy\u00e9e sp\u00e9ciale du Pr\u00e9sident Alassane Ouattara.<\/h3>\n<h3>Cette initiative diplomatique t\u00e9moigne de la volont\u00e9 commune des trois \u00c9tats de privil\u00e9gier la voie du dialogue pour la r\u00e9solution pacifique de leurs contentieux territoriaux, et s\u2019inscrit dans une dynamique plus large de consolidation de la stabilit\u00e9 et de la paix dans la sous-r\u00e9gion ouest-africaine.<\/h3>\n<p>Source: www.leverificateur.net, site partenaire<\/p>\n","protected":false},"excerpt":{"rendered":"<p>Le Palais Mohammed V a accueilli ce lundi un sommet tripartite de haut niveau d\u00e9di\u00e9 au r\u00e8glement des diff\u00e9rends frontaliers opposant la Guin\u00e9e \u00e0 ses voisins sierra-l\u00e9onais et lib\u00e9rien. Pr\u00e9sid\u00e9e par Son Excellence le G\u00e9n\u00e9ral Mamadi Doumbouya, Chef de l\u2019\u00c9tat guin\u00e9en, cette rencontre diplomatique s\u2019est tenue dans un esprit de dialogue constructif et de coop\u00e9ration [&hellip;]<\/p>\n","protected":false},"author":2,"featured_media":2781,"comment_status":"closed","ping_status":"closed","sticky":false,"template":"","format":"standard","meta":{"footnotes":""},"categories":[3],"tags":[],"class_list":{"0":"post-2780","1":"post","2":"type-post","3":"status-publish","4":"format-standard","5":"has-post-thumbnail","7":"category-politique"},"jetpack_featured_media_url":"https:\/\/cieldeguinee.net\/wp-content\/uploads\/2026\/03\/1773703270503-1.webp","_links":{"self":[{"href":"https:\/\/cieldeguinee.net\/index.php\/wp-json\/wp\/v2\/posts\/2780","targetHints":{"allow":["GET"]}}],"collection":[{"href":"https:\/\/cieldeguinee.net\/index.php\/wp-json\/wp\/v2\/posts"}],"about":[{"href":"https:\/\/cieldeguinee.net\/index.php\/wp-json\/wp\/v2\/types\/post"}],"author":[{"embeddable":true,"href":"https:\/\/cieldeguinee.net\/index.php\/wp-json\/wp\/v2\/users\/2"}],"replies":[{"embeddable":true,"href":"https:\/\/cieldeguinee.net\/index.php\/wp-json\/wp\/v2\/comments?post=2780"}],"version-history":[{"count":1,"href":"https:\/\/cieldeguinee.net\/index.php\/wp-json\/wp\/v2\/posts\/2780\/revisions"}],"predecessor-version":[{"id":2782,"href":"https:\/\/cieldeguinee.net\/index.php\/wp-json\/wp\/v2\/posts\/2780\/revisions\/2782"}],"wp:featuredmedia":[{"embeddable":true,"href":"https:\/\/cieldeguinee.net\/index.php\/wp-json\/wp\/v2\/media\/2781"}],"wp:attachment":[{"href":"https:\/\/cieldeguinee.net\/index.php\/wp-json\/wp\/v2\/media?parent=2780"}],"wp:term":[{"taxonomy":"category","embeddable":true,"href":"https:\/\/cieldeguinee.net\/index.php\/wp-json\/wp\/v2\/categories?post=2780"},{"taxonomy":"post_tag","embeddable":true,"href":"https:\/\/cieldeguinee.net\/index.php\/wp-json\/wp\/v2\/tags?post=2780"}],"curies":[{"name":"wp","href":"https:\/\/api.w.org\/{rel}","templated":true}]}}