{"id":2935,"date":"2026-09-04T16:56:59","date_gmt":"2026-09-04T14:56:59","guid":{"rendered":"https:\/\/cieldeguinee.net\/?p=2935"},"modified":"2026-09-04T17:01:43","modified_gmt":"2026-09-04T15:01:43","slug":"lacpe-a-accra-trois-jours-pour-repenser-la-place-de-lafrique-dans-son-propre-destin","status":"publish","type":"post","link":"https:\/\/cieldeguinee.net\/index.php\/lacpe-a-accra-trois-jours-pour-repenser-la-place-de-lafrique-dans-son-propre-destin\/","title":{"rendered":"L&rsquo;ACPE \u00e0 Accra : trois jours pour repenser la place de l&rsquo;Afrique dans son propre destin"},"content":{"rendered":"<p><strong><em>Du 1er au 3 septembre 2026, une d\u00e9l\u00e9gu\u00e9e\u00a0 de l&rsquo;organisation Action Citoyenne pour la Protection de l\u2019Environnement (ACPE) a pris part, \u00e0 Accra, \u00e0 la conf\u00e9rence internationale \u00ab L&rsquo;Afrique au centre : conduire le changement, transf\u00e9rer le pouvoir \u00bb, organis\u00e9e par le WACSI et de ses partenaires. Trois journ\u00e9es d&rsquo;\u00e9changes qui ont interrog\u00e9 la place r\u00e9elle du continent dans la d\u00e9finition de ses propres priorit\u00e9s, la gouvernance de son d\u00e9veloppement et le financement de son avenir.<\/em><\/strong><\/p>\n<p>Du 1er au 3 septembre 2026, chercheurs, responsables d&rsquo;organisations de la soci\u00e9t\u00e9 civile et acteurs du d\u00e9veloppement venus de tout le continent se sont retrouv\u00e9s \u00e0 Accra pour une conf\u00e9rence internationale au titre sans d\u00e9tour : \u00ab L&rsquo;Afrique au centre : conduire le changement, transf\u00e9rer le pouvoir \u00bb (\u00ab Africa at the Centre: Leading Change, Shifting Power \u00bb). Organis\u00e9e par le West Africa Civil Society Institute (WACSI), la rencontre a r\u00e9uni pendant trois jours des voix venues d&rsquo;horizons multiples autour d&rsquo;une m\u00eame conviction : le continent doit cesser d&rsquo;\u00eatre un simple spectateur de son propre d\u00e9veloppement.<\/p>\n<p><img loading=\"lazy\" decoding=\"async\" class=\"wp-image-2937 alignleft\" src=\"https:\/\/cieldeguinee.net\/wp-content\/uploads\/2026\/09\/11-169x300.jpeg\" alt=\"\" width=\"231\" height=\"410\" srcset=\"https:\/\/cieldeguinee.net\/wp-content\/uploads\/2026\/09\/11-169x300.jpeg 169w, https:\/\/cieldeguinee.net\/wp-content\/uploads\/2026\/09\/11-576x1024.jpeg 576w, https:\/\/cieldeguinee.net\/wp-content\/uploads\/2026\/09\/11-150x266.jpeg 150w, https:\/\/cieldeguinee.net\/wp-content\/uploads\/2026\/09\/11-300x533.jpeg 300w, https:\/\/cieldeguinee.net\/wp-content\/uploads\/2026\/09\/11-236x420.jpeg 236w, https:\/\/cieldeguinee.net\/wp-content\/uploads\/2026\/09\/11.jpeg 608w\" sizes=\"auto, (max-width: 231px) 100vw, 231px\" \/>L&rsquo;ACPE y \u00e9tait repr\u00e9sent\u00e9e gr\u00e2ce \u00e0 l&rsquo;appui de WACSI et de ses partenaires par l&rsquo;un de ses membres en l\u2019occurrence Mme Barry, n\u00e9e Odette Kamano, Responsable de Formation, Sensibilisation et Education Environnementale.<\/p>\n<p>D\u00e8s la premi\u00e8re journ\u00e9e, le 1er septembre, le ton est donn\u00e9. Les \u00e9changes portent sur la n\u00e9cessit\u00e9 de placer l&rsquo;Afrique au centre de ses propres choix, et les intervenants s&rsquo;accordent sur un constat : la transformation du continent ne se d\u00e9cr\u00e9tera pas de l&rsquo;ext\u00e9rieur. Elle doit d&rsquo;abord passer par une \u00e9volution des mentalit\u00e9s, une valorisation de l&rsquo;identit\u00e9 africaine et une meilleure ma\u00eetrise de ses priorit\u00e9s par les Africains eux-m\u00eames.<\/p>\n<p>Pour approfondir la r\u00e9flexion, les participants se r\u00e9partissent en quatre groupes de travail, chacun charg\u00e9 d&rsquo;explorer un axe de la transformation attendue : repenser les partenariats et la gouvernance mondiale, financer l&rsquo;avenir de l&rsquo;Afrique, b\u00e2tir des institutions fortes, et repenser le d\u00e9veloppement, les mentalit\u00e9s et la r\u00e9ussite. De ces discussions crois\u00e9es \u00e9mergent des constats convergents : des initiatives qui fonctionnent d\u00e9j\u00e0 sur le terrain, des obstacles persistants qui freinent le changement, des transformations jug\u00e9es indispensables et des opportunit\u00e9s encore largement inexploit\u00e9es.<\/p>\n<p>Le message qui domine \u00e0 l&rsquo;issue de cette premi\u00e8re journ\u00e9e est celui d&rsquo;un continent qui n&rsquo;est pas d\u00e9muni. L&rsquo;Afrique dispose d\u00e9j\u00e0 de ressources, de connaissances et d&rsquo;initiatives prometteuses, rappellent les participants. Mais pour transformer cet essai, elle doit renforcer ses institutions, mobiliser davantage de financements locaux et construire des partenariats plus \u00e9quitables. Autre exigence soulign\u00e9e avec force : les communaut\u00e9s africaines elles-m\u00eames doivent participer directement \u00e0 la d\u00e9finition des priorit\u00e9s et des solutions qui les concernent, plut\u00f4t que de se les voir imposer.<\/p>\n<p>La deuxi\u00e8me journ\u00e9e, le 2 septembre, resserre le d\u00e9bat autour de deux questions structurantes : la gouvernance et le financement de l&rsquo;avenir du continent. Les \u00e9changes insistent sur la n\u00e9cessit\u00e9 de placer r\u00e9ellement l&rsquo;Afrique au c\u0153ur des d\u00e9cisions relatives \u00e0 son propre d\u00e9veloppement, \u00e0 travers des interrogations simples mais souvent \u00e9lud\u00e9es : qui d\u00e9finit les priorit\u00e9s et les programmes ? Qui d\u00e9cide de l&rsquo;affectation des financements ? Qui, en d\u00e9finitive, dispose du pouvoir de refuser ou de r\u00e9orienter certaines d\u00e9cisions ?<\/p>\n<p><img loading=\"lazy\" decoding=\"async\" class=\"wp-image-2938 aligncenter\" src=\"https:\/\/cieldeguinee.net\/wp-content\/uploads\/2026\/09\/6-300x169.jpeg\" alt=\"\" width=\"549\" height=\"309\" srcset=\"https:\/\/cieldeguinee.net\/wp-content\/uploads\/2026\/09\/6-300x169.jpeg 300w, https:\/\/cieldeguinee.net\/wp-content\/uploads\/2026\/09\/6-1024x576.jpeg 1024w, https:\/\/cieldeguinee.net\/wp-content\/uploads\/2026\/09\/6-768x432.jpeg 768w, https:\/\/cieldeguinee.net\/wp-content\/uploads\/2026\/09\/6-150x84.jpeg 150w, https:\/\/cieldeguinee.net\/wp-content\/uploads\/2026\/09\/6-696x392.jpeg 696w, https:\/\/cieldeguinee.net\/wp-content\/uploads\/2026\/09\/6-1068x601.jpeg 1068w, https:\/\/cieldeguinee.net\/wp-content\/uploads\/2026\/09\/6-746x420.jpeg 746w, https:\/\/cieldeguinee.net\/wp-content\/uploads\/2026\/09\/6.jpeg 1080w\" sizes=\"auto, (max-width: 549px) 100vw, 549px\" \/>Une conviction s&rsquo;impose au fil des d\u00e9bats : la participation des acteurs africains ne peut plus se limiter \u00e0 une pr\u00e9sence symbolique. Les organisations africaines, et les Africains eux-m\u00eames, doivent pouvoir influencer r\u00e9ellement les d\u00e9cisions, d\u00e9finir les priorit\u00e9s et contribuer pleinement \u00e0 la conception des initiatives qui ont une incidence sur le continent.<\/p>\n<p>La question du financement du d\u00e9veloppement occupe \u00e9galement une large place dans les discussions de cette deuxi\u00e8me journ\u00e9e. Plusieurs intervenants font part de leur pr\u00e9occupation face \u00e0 la forte d\u00e9pendance de certaines organisations vis-\u00e0-vis des financements ext\u00e9rieurs, une d\u00e9pendance susceptible d&rsquo;influencer les priorit\u00e9s, d&rsquo;orienter les programmes et de conditionner les approches mises en \u0153uvre sur le terrain. Face \u00e0 ce constat, les participants r\u00e9fl\u00e9chissent ensemble aux changements \u00e0 op\u00e9rer dans plusieurs domaines cl\u00e9s : les m\u00e9canismes de prise de d\u00e9cision, la mobilisation et la gestion des ressources financi\u00e8res, la production, le partage et la valorisation des connaissances africaines, les mod\u00e8les de partenariat, ainsi que la r\u00e9partition des risques entre les diff\u00e9rents acteurs.<\/p>\n<p>Les d\u00e9bats mettent aussi en lumi\u00e8re l&rsquo;importance, pour l&rsquo;Afrique, de mieux capitaliser ses propres exp\u00e9riences, ses r\u00e9ussites et ses solutions locales. Les organisations de la soci\u00e9t\u00e9 civile disposent, \u00e0 cet \u00e9gard, d&rsquo;atouts consid\u00e9rables : une forte capacit\u00e9 de r\u00e9action, une connaissance approfondie des r\u00e9alit\u00e9s du terrain et une richesse de donn\u00e9es qualitatives. Leurs actions demeurent cependant parfois fragment\u00e9es, d&rsquo;o\u00f9 la n\u00e9cessit\u00e9, soulign\u00e9e par plusieurs participants, de d\u00e9velopper davantage de plateformes de collaboration, de renforcer le partage des connaissances et de favoriser les synergies entre secteurs.<\/p>\n<p>La troisi\u00e8me et derni\u00e8re journ\u00e9e, le 3 septembre, a \u00e9t\u00e9 consacr\u00e9e \u00e0 la synth\u00e8se des travaux et \u00e0 la formulation de perspectives communes. Un m\u00eame appel a travers\u00e9 l&rsquo;ensemble des \u00e9changes de ces trois jours : celui de d\u00e9passer le simple constat des d\u00e9fis auxquels le continent est confront\u00e9. L&rsquo;Afrique doit pouvoir mieux mobiliser ses propres ressources, valoriser ses exp\u00e9riences, porter son propre r\u00e9cit et d\u00e9velopper des solutions adapt\u00e9es \u00e0 ses r\u00e9alit\u00e9s. Le changement durable, ont conclu les participants, passe avant tout par une plus grande capacit\u00e9 des acteurs africains \u00e0 d\u00e9finir leurs priorit\u00e9s et \u00e0 participer pleinement aux d\u00e9cisions qui fa\u00e7onneront l&rsquo;avenir du continent.<\/p>\n<p>L&rsquo;ACPE exprime toute sa gratitude \u00e0 son partenaire le WACSI, ainsi qu&rsquo;\u00e0 l&rsquo;ensemble de ses partenaires, pour avoir soutenu et facilit\u00e9 sa participation \u00e0 cette rencontre de trois jours. \u00c9v\u00e9nement porteur d&rsquo;une dynamique forte, il incarne l&rsquo;ambition d&rsquo;une soci\u00e9t\u00e9 civile africaine qui s&rsquo;informe, \u00e9change et s&rsquo;outille pour peser davantage sur les d\u00e9cisions engageant l&rsquo;avenir du continent. Une exp\u00e9rience enrichissante que l&rsquo;organisation entend d\u00e9sormais partager et faire fructifier au sein de son r\u00e9seau et \u00e0 travers ses actions futures.<\/p>\n<p>Cellule de Communication<\/p>\n<p>Quelques images<\/p>\n<p><img loading=\"lazy\" decoding=\"async\" class=\"wp-image-2939 aligncenter\" src=\"https:\/\/cieldeguinee.net\/wp-content\/uploads\/2026\/09\/3-300x225.jpeg\" alt=\"\" width=\"375\" height=\"281\" srcset=\"https:\/\/cieldeguinee.net\/wp-content\/uploads\/2026\/09\/3-300x225.jpeg 300w, https:\/\/cieldeguinee.net\/wp-content\/uploads\/2026\/09\/3-1024x768.jpeg 1024w, https:\/\/cieldeguinee.net\/wp-content\/uploads\/2026\/09\/3-768x576.jpeg 768w, https:\/\/cieldeguinee.net\/wp-content\/uploads\/2026\/09\/3-150x113.jpeg 150w, https:\/\/cieldeguinee.net\/wp-content\/uploads\/2026\/09\/3-696x522.jpeg 696w, https:\/\/cieldeguinee.net\/wp-content\/uploads\/2026\/09\/3-1068x801.jpeg 1068w, https:\/\/cieldeguinee.net\/wp-content\/uploads\/2026\/09\/3-560x420.jpeg 560w, https:\/\/cieldeguinee.net\/wp-content\/uploads\/2026\/09\/3-80x60.jpeg 80w, https:\/\/cieldeguinee.net\/wp-content\/uploads\/2026\/09\/3-265x198.jpeg 265w, https:\/\/cieldeguinee.net\/wp-content\/uploads\/2026\/09\/3.jpeg 1280w\" sizes=\"auto, (max-width: 375px) 100vw, 375px\" \/><\/p>\n<p><img loading=\"lazy\" decoding=\"async\" class=\"wp-image-2940 aligncenter\" src=\"https:\/\/cieldeguinee.net\/wp-content\/uploads\/2026\/09\/5-300x169.jpeg\" alt=\"\" width=\"375\" height=\"211\" srcset=\"https:\/\/cieldeguinee.net\/wp-content\/uploads\/2026\/09\/5-300x169.jpeg 300w, https:\/\/cieldeguinee.net\/wp-content\/uploads\/2026\/09\/5-1024x576.jpeg 1024w, https:\/\/cieldeguinee.net\/wp-content\/uploads\/2026\/09\/5-768x432.jpeg 768w, https:\/\/cieldeguinee.net\/wp-content\/uploads\/2026\/09\/5-150x84.jpeg 150w, https:\/\/cieldeguinee.net\/wp-content\/uploads\/2026\/09\/5-696x392.jpeg 696w, https:\/\/cieldeguinee.net\/wp-content\/uploads\/2026\/09\/5-1068x601.jpeg 1068w, https:\/\/cieldeguinee.net\/wp-content\/uploads\/2026\/09\/5-746x420.jpeg 746w, https:\/\/cieldeguinee.net\/wp-content\/uploads\/2026\/09\/5.jpeg 1080w\" sizes=\"auto, (max-width: 375px) 100vw, 375px\" \/><\/p>\n<p><img loading=\"lazy\" decoding=\"async\" class=\" wp-image-2941 aligncenter\" src=\"https:\/\/cieldeguinee.net\/wp-content\/uploads\/2026\/09\/2-300x225.jpeg\" alt=\"\" width=\"372\" height=\"279\" srcset=\"https:\/\/cieldeguinee.net\/wp-content\/uploads\/2026\/09\/2-300x225.jpeg 300w, https:\/\/cieldeguinee.net\/wp-content\/uploads\/2026\/09\/2-1024x768.jpeg 1024w, https:\/\/cieldeguinee.net\/wp-content\/uploads\/2026\/09\/2-768x576.jpeg 768w, https:\/\/cieldeguinee.net\/wp-content\/uploads\/2026\/09\/2-150x113.jpeg 150w, https:\/\/cieldeguinee.net\/wp-content\/uploads\/2026\/09\/2-696x522.jpeg 696w, https:\/\/cieldeguinee.net\/wp-content\/uploads\/2026\/09\/2-1068x801.jpeg 1068w, https:\/\/cieldeguinee.net\/wp-content\/uploads\/2026\/09\/2-560x420.jpeg 560w, https:\/\/cieldeguinee.net\/wp-content\/uploads\/2026\/09\/2-80x60.jpeg 80w, https:\/\/cieldeguinee.net\/wp-content\/uploads\/2026\/09\/2-265x198.jpeg 265w, https:\/\/cieldeguinee.net\/wp-content\/uploads\/2026\/09\/2.jpeg 1280w\" sizes=\"auto, (max-width: 372px) 100vw, 372px\" \/><\/p>\n","protected":false},"excerpt":{"rendered":"<p>Du 1er au 3 septembre 2026, une d\u00e9l\u00e9gu\u00e9e\u00a0 de l&rsquo;organisation Action Citoyenne pour la Protection de l\u2019Environnement (ACPE) a pris part, \u00e0 Accra, \u00e0 la conf\u00e9rence internationale \u00ab L&rsquo;Afrique au centre : conduire le changement, transf\u00e9rer le pouvoir \u00bb, organis\u00e9e par le WACSI et de ses partenaires. Trois journ\u00e9es d&rsquo;\u00e9changes qui ont interrog\u00e9 la place [&hellip;]<\/p>\n","protected":false},"author":2,"featured_media":2936,"comment_status":"closed","ping_status":"closed","sticky":false,"template":"","format":"standard","meta":{"footnotes":""},"categories":[5,6],"tags":[],"class_list":["post-2935","post","type-post","status-publish","format-standard","has-post-thumbnail","category-environnement","category-international"],"jetpack_featured_media_url":"https:\/\/cieldeguinee.net\/wp-content\/uploads\/2026\/09\/1.jpeg","_links":{"self":[{"href":"https:\/\/cieldeguinee.net\/index.php\/wp-json\/wp\/v2\/posts\/2935","targetHints":{"allow":["GET"]}}],"collection":[{"href":"https:\/\/cieldeguinee.net\/index.php\/wp-json\/wp\/v2\/posts"}],"about":[{"href":"https:\/\/cieldeguinee.net\/index.php\/wp-json\/wp\/v2\/types\/post"}],"author":[{"embeddable":true,"href":"https:\/\/cieldeguinee.net\/index.php\/wp-json\/wp\/v2\/users\/2"}],"replies":[{"embeddable":true,"href":"https:\/\/cieldeguinee.net\/index.php\/wp-json\/wp\/v2\/comments?post=2935"}],"version-history":[{"count":2,"href":"https:\/\/cieldeguinee.net\/index.php\/wp-json\/wp\/v2\/posts\/2935\/revisions"}],"predecessor-version":[{"id":2943,"href":"https:\/\/cieldeguinee.net\/index.php\/wp-json\/wp\/v2\/posts\/2935\/revisions\/2943"}],"wp:featuredmedia":[{"embeddable":true,"href":"https:\/\/cieldeguinee.net\/index.php\/wp-json\/wp\/v2\/media\/2936"}],"wp:attachment":[{"href":"https:\/\/cieldeguinee.net\/index.php\/wp-json\/wp\/v2\/media?parent=2935"}],"wp:term":[{"taxonomy":"category","embeddable":true,"href":"https:\/\/cieldeguinee.net\/index.php\/wp-json\/wp\/v2\/categories?post=2935"},{"taxonomy":"post_tag","embeddable":true,"href":"https:\/\/cieldeguinee.net\/index.php\/wp-json\/wp\/v2\/tags?post=2935"}],"curies":[{"name":"wp","href":"https:\/\/api.w.org\/{rel}","templated":true}]}}