{"id":316,"date":"2023-10-31T13:52:43","date_gmt":"2023-10-31T12:52:43","guid":{"rendered":"https:\/\/cieldeguinee.net\/?p=316"},"modified":"2023-10-31T13:52:43","modified_gmt":"2023-10-31T12:52:43","slug":"fatoumata-kane-je-regrette-davoir-publie-la-note-sur-letat-de-sante-de-sonko","status":"publish","type":"post","link":"https:\/\/cieldeguinee.net\/index.php\/fatoumata-kane-je-regrette-davoir-publie-la-note-sur-letat-de-sante-de-sonko\/","title":{"rendered":"Fatoumata Kane : \u00abJe regrette d\u2019avoir publi\u00e9\u00bb la note sur l\u2019\u00e9tat de sant\u00e9 de Sonko"},"content":{"rendered":"<p>Avec Amadou Ba, Fatoumata Kane a \u00e9t\u00e9 arr\u00eat\u00e9e par la Section de Recherches de Colobane dans le cadre de l\u2019enqu\u00eate sur la diffusion d\u2019une note de l\u2019administration p\u00e9nitentiaire alertant le ministre de la Justice sur l\u2019\u00e9tat de sant\u00e9 de Ousmane Sonko. Les deux mis en cause font l\u2019objet d\u2019un retour de parquet apr\u00e8s qu\u2019ils ont \u00e9t\u00e9 pr\u00e9sent\u00e9s au procureur, ce lundi. Ils sont poursuivis pour divulgation d\u2019informations non rendues publiques par l\u2019autorit\u00e9 comp\u00e9tente, de nature \u00e0 nuire \u00e0 la d\u00e9fense nationale.<\/p>\n<p>Face aux enqu\u00eateurs, Amadou Ba et Fatoumata Kane ont reconnu les faits. Mais ils se sont empress\u00e9s d\u2019ajouter qu\u2019ils n\u2019avaient aucune intention malveillante et ont supprim\u00e9 le document apr\u00e8s le procureur de la R\u00e9publique a ordonn\u00e9 l\u2019ouverture d\u2019une information judiciaire.<\/p>\n<p>\u00abJe reconnais avoir publi\u00e9 cette lettre sur ma page Facebook, a confess\u00e9 Fatoumata Kane. Le document \u00e9tait partag\u00e9 sur mon mur Facebook et, par \u00e9motion, je l\u2019ai publi\u00e9 sur ma page. Sur le coup, je ne pensais pas avoir viol\u00e9 la loi. Mais apr\u00e8s qu\u2019un de mes contacts a publi\u00e9 le communiqu\u00e9 du procureur, j\u2019ai supprim\u00e9 la publication sur interpellation de ma m\u00e8re.\u00bb<\/p>\n<p>Fatoumata Kane a rappel\u00e9 avoir fait une autre publication, \u00e0 la suite de cet \u00e9pisode, \u00abpour (s\u2019)exprimer \u00e0 propos de cette erreur\u00bb. Elle a ajout\u00e9 : \u00abJe regrette d\u2019avoir fait cette publication. Car je ne l\u2019ai pas sciemment partag\u00e9. Je pr\u00e9cise aussi que je ne participe jamais \u00e0 l\u2019irrespect des lois de notre pays.\u00bb<\/p>\n<p>Source: www,seneweb,com<\/p>\n","protected":false},"excerpt":{"rendered":"<p>Avec Amadou Ba, Fatoumata Kane a \u00e9t\u00e9 arr\u00eat\u00e9e par la Section de Recherches de Colobane dans le cadre de l\u2019enqu\u00eate sur la diffusion d\u2019une note de l\u2019administration p\u00e9nitentiaire alertant le ministre de la Justice sur l\u2019\u00e9tat de sant\u00e9 de Ousmane Sonko. Les deux mis en cause font l\u2019objet d\u2019un retour de parquet apr\u00e8s qu\u2019ils ont [&hellip;]<\/p>\n","protected":false},"author":2,"featured_media":318,"comment_status":"open","ping_status":"open","sticky":false,"template":"","format":"standard","meta":{"footnotes":""},"categories":[3],"tags":[],"class_list":{"0":"post-316","1":"post","2":"type-post","3":"status-publish","4":"format-standard","5":"has-post-thumbnail","7":"category-politique"},"jetpack_featured_media_url":"https:\/\/cieldeguinee.net\/wp-content\/uploads\/2023\/10\/sonko.jpg","_links":{"self":[{"href":"https:\/\/cieldeguinee.net\/index.php\/wp-json\/wp\/v2\/posts\/316","targetHints":{"allow":["GET"]}}],"collection":[{"href":"https:\/\/cieldeguinee.net\/index.php\/wp-json\/wp\/v2\/posts"}],"about":[{"href":"https:\/\/cieldeguinee.net\/index.php\/wp-json\/wp\/v2\/types\/post"}],"author":[{"embeddable":true,"href":"https:\/\/cieldeguinee.net\/index.php\/wp-json\/wp\/v2\/users\/2"}],"replies":[{"embeddable":true,"href":"https:\/\/cieldeguinee.net\/index.php\/wp-json\/wp\/v2\/comments?post=316"}],"version-history":[{"count":0,"href":"https:\/\/cieldeguinee.net\/index.php\/wp-json\/wp\/v2\/posts\/316\/revisions"}],"wp:featuredmedia":[{"embeddable":true,"href":"https:\/\/cieldeguinee.net\/index.php\/wp-json\/wp\/v2\/media\/318"}],"wp:attachment":[{"href":"https:\/\/cieldeguinee.net\/index.php\/wp-json\/wp\/v2\/media?parent=316"}],"wp:term":[{"taxonomy":"category","embeddable":true,"href":"https:\/\/cieldeguinee.net\/index.php\/wp-json\/wp\/v2\/categories?post=316"},{"taxonomy":"post_tag","embeddable":true,"href":"https:\/\/cieldeguinee.net\/index.php\/wp-json\/wp\/v2\/tags?post=316"}],"curies":[{"name":"wp","href":"https:\/\/api.w.org\/{rel}","templated":true}]}}