{"id":335,"date":"2023-11-01T16:57:03","date_gmt":"2023-11-01T15:57:03","guid":{"rendered":"https:\/\/cieldeguinee.net\/?p=335"},"modified":"2023-11-02T13:24:00","modified_gmt":"2023-11-02T12:24:00","slug":"3eme-edition-du-festival-du-garba-les-organisateurs-annoncent-les-couleurs-de-levenement","status":"publish","type":"post","link":"https:\/\/cieldeguinee.net\/index.php\/3eme-edition-du-festival-du-garba-les-organisateurs-annoncent-les-couleurs-de-levenement\/","title":{"rendered":"3\u00e8me \u00e9dition du Festival du Garba : les organisateurs annoncent les couleurs de l&rsquo;\u00e9v\u00e9nement"},"content":{"rendered":"<p>La structure \u2018\u2019Rise\u2019up event\u2019\u2019 \u00e0 travers son Directeur g\u00e9n\u00e9ral Mohamed Daye Bah a annonc\u00e9 ce mercredi 01 novembre 2023, lors d&rsquo;une conf\u00e9rence de presse,\u00a0 l\u2019organisation de la troisi\u00e8me \u00e9dition du festival gastronomique d\u00e9nomm\u00e9\u00a0 \u00a0\u00bb festival de Garba\u00a0\u00bb \u00e0 Conakry.<\/p>\n<p>Cette troisi\u00e8me \u00e9dition qui se d\u00e9roulera du 03, 04 et 05 novembre au belv\u00e9d\u00e8re, permettra d\u2019en tirer un moyen d\u2019int\u00e9gration entre le peuple guin\u00e9en et celui ivoirien \u00e0 en croire le coordonnateur g\u00e9n\u00e9ral Mohamed Bah Daye.<\/p>\n<p>\u00ab Le Festival de garba est un festival gastronomique au tour du garba qui n&rsquo;est rien d&rsquo;autre qu&rsquo;une production essentiellement locale fruit du m\u00e9lange de semoule de manioc commun\u00e9ment appel\u00e9\u00a0 \u00ab\u00a0Atti\u00e9k\u00e9\u00a0\u00bb qui est accompagn\u00e9 de poisson thon frit qui est une sp\u00e9cialit\u00e9 ivoirienne.<\/p>\n<p>C\u2019est pour c\u00e9l\u00e9brer cette gastronomie ivoirienne aujourd\u2019hui, devenue panafricaine et pour en faire un moyen d\u2019int\u00e9gration entre nos deux peuples que nous avons d\u00e9cid\u00e9 d\u2019organiser le festival du garba en Guin\u00e9e. Aujourd\u2019hui le garba a su conqu\u00e9rir le c\u0153ur des guin\u00e9ens dans leur ensemble, la preuve est que de 2500 festivaliers pour la premi\u00e8re \u00e9dition, nous sommes pass\u00e9s \u00e0 8500 lors de la seconde \u00e9dition et esp\u00e9rons toucher plus 10.000 festivaliers pour cette 3\u00e8me \u00e9dition en moins de 2 ans d&rsquo;existence d&rsquo;o\u00f9 l&rsquo;appellation du \u00a0\u00bb GOAT de festivals en Guin\u00e9e\u00a0 \u00bb a-t-il affirm\u00e9<\/p>\n<p>Et d&rsquo;ajouter, \u00ab Nous apportons des innovations et cette fois nous avons d\u00e9cid\u00e9 de mettre la barre haute en pr\u00e9servant les acquis qui sont entre autres:\u00a0l\u2019extension du site \u00e0 tout le belv\u00e9d\u00e8re. Ainsi, nous occuperons tout le Belv\u00e9d\u00e8re comme \u00e9dition pr\u00e9c\u00e9dente; le nombre de restauratrices pour la satisfaction de la client\u00e8le en quantit\u00e9 et en qualit\u00e9 reste maintenu \u00e0\u00a0 20 afin de couvrir la forte demande des festivaliers; La billetterie avec des tickets bracelets pour une meilleure s\u00e9curisation de l&rsquo;\u00e9v\u00e8nement; La mise en place de tickets de restauration avec 04 sp\u00e9cialit\u00e9s propos\u00e9es \u00e0 des prix homologu\u00e9s entre tous les restaurants. D\u00e9ploiement d&rsquo;une brigade mixte de s\u00e9curit\u00e9 compos\u00e9e des \u00e9l\u00e9ments de la brigade des m\u0153urs et d&rsquo;une s\u00e9curit\u00e9 priv\u00e9e de la place \u00bb, a conclu le coordonnateur.<\/p>\n<p>Sana Sylla<\/p>\n<p>&nbsp;<\/p>\n","protected":false},"excerpt":{"rendered":"<p>La structure \u2018\u2019Rise\u2019up event\u2019\u2019 \u00e0 travers son Directeur g\u00e9n\u00e9ral Mohamed Daye Bah a annonc\u00e9 ce mercredi 01 novembre 2023, lors d&rsquo;une conf\u00e9rence de presse,\u00a0 l\u2019organisation de la troisi\u00e8me \u00e9dition du festival gastronomique d\u00e9nomm\u00e9\u00a0 \u00a0\u00bb festival de Garba\u00a0\u00bb \u00e0 Conakry. Cette troisi\u00e8me \u00e9dition qui se d\u00e9roulera du 03, 04 et 05 novembre au belv\u00e9d\u00e8re, permettra d\u2019en [&hellip;]<\/p>\n","protected":false},"author":2,"featured_media":336,"comment_status":"open","ping_status":"open","sticky":false,"template":"","format":"standard","meta":{"footnotes":""},"categories":[23],"tags":[],"class_list":{"0":"post-335","1":"post","2":"type-post","3":"status-publish","4":"format-standard","5":"has-post-thumbnail","7":"category-societe"},"jetpack_featured_media_url":"https:\/\/cieldeguinee.net\/wp-content\/uploads\/2023\/11\/Garba-scaled.jpg","_links":{"self":[{"href":"https:\/\/cieldeguinee.net\/index.php\/wp-json\/wp\/v2\/posts\/335","targetHints":{"allow":["GET"]}}],"collection":[{"href":"https:\/\/cieldeguinee.net\/index.php\/wp-json\/wp\/v2\/posts"}],"about":[{"href":"https:\/\/cieldeguinee.net\/index.php\/wp-json\/wp\/v2\/types\/post"}],"author":[{"embeddable":true,"href":"https:\/\/cieldeguinee.net\/index.php\/wp-json\/wp\/v2\/users\/2"}],"replies":[{"embeddable":true,"href":"https:\/\/cieldeguinee.net\/index.php\/wp-json\/wp\/v2\/comments?post=335"}],"version-history":[{"count":0,"href":"https:\/\/cieldeguinee.net\/index.php\/wp-json\/wp\/v2\/posts\/335\/revisions"}],"wp:featuredmedia":[{"embeddable":true,"href":"https:\/\/cieldeguinee.net\/index.php\/wp-json\/wp\/v2\/media\/336"}],"wp:attachment":[{"href":"https:\/\/cieldeguinee.net\/index.php\/wp-json\/wp\/v2\/media?parent=335"}],"wp:term":[{"taxonomy":"category","embeddable":true,"href":"https:\/\/cieldeguinee.net\/index.php\/wp-json\/wp\/v2\/categories?post=335"},{"taxonomy":"post_tag","embeddable":true,"href":"https:\/\/cieldeguinee.net\/index.php\/wp-json\/wp\/v2\/tags?post=335"}],"curies":[{"name":"wp","href":"https:\/\/api.w.org\/{rel}","templated":true}]}}