{"id":339,"date":"2023-11-01T18:00:14","date_gmt":"2023-11-01T17:00:14","guid":{"rendered":"https:\/\/cieldeguinee.net\/?p=339"},"modified":"2023-11-02T13:22:50","modified_gmt":"2023-11-02T12:22:50","slug":"semaine-du-soldat-le-chef-de-cabinet-general-de-division-david-haba-lance-la-journee-porte-ouverte-a-conakry","status":"publish","type":"post","link":"https:\/\/cieldeguinee.net\/index.php\/semaine-du-soldat-le-chef-de-cabinet-general-de-division-david-haba-lance-la-journee-porte-ouverte-a-conakry\/","title":{"rendered":"Semaine du soldat : le chef de cabinet g\u00e9n\u00e9ral de division David Haba lance la journ\u00e9e porte ouverte \u00e0 Conakry"},"content":{"rendered":"<p>En pr\u00e9lude de la c\u00e9l\u00e9bration de la cr\u00e9ation\u00a0 de l&rsquo;arm\u00e9e guin\u00e9enne, le 01 novembre de chaque ann\u00e9e,\u00a0 le G\u00e9n\u00e9ral de division, David Haba, Directeur de cabinet du minist\u00e8re de la d\u00e9fense nationale a proc\u00e9d\u00e9 ce mardi 31 novembre 2023 \u00e0\u00a0 l&rsquo;esplanade du palais du peuple, au lancement d&rsquo;une journ\u00e9e porte ouverte intitul\u00e9e \u00a0\u00bb \u00e0 la d\u00e9couverte de notre arm\u00e9e\u00a0\u00bb organis\u00e9 par le minist\u00e8re de la d\u00e9fense nationale. <img loading=\"lazy\" decoding=\"async\" class=\"size-medium wp-image-343 alignleft\" src=\"https:\/\/cieldeguinee.net\/wp-content\/uploads\/2023\/11\/armee-300x169.jpg\" alt=\"\" width=\"300\" height=\"169\" srcset=\"https:\/\/cieldeguinee.net\/wp-content\/uploads\/2023\/11\/armee-300x169.jpg 300w, https:\/\/cieldeguinee.net\/wp-content\/uploads\/2023\/11\/armee-1024x576.jpg 1024w, https:\/\/cieldeguinee.net\/wp-content\/uploads\/2023\/11\/armee-768x432.jpg 768w, https:\/\/cieldeguinee.net\/wp-content\/uploads\/2023\/11\/armee-150x84.jpg 150w, https:\/\/cieldeguinee.net\/wp-content\/uploads\/2023\/11\/armee-696x391.jpg 696w, https:\/\/cieldeguinee.net\/wp-content\/uploads\/2023\/11\/armee.jpg 1032w\" sizes=\"auto, (max-width: 300px) 100vw, 300px\" \/><\/p>\n<p>C&rsquo;\u00e9tait en pr\u00e9sence de plusieurs g\u00e9n\u00e9raux \u00e0 la c\u00e9r\u00e9monie de lancement de cette activit\u00e9: le G\u00e9n\u00e9ral de division Balla Samoura, haut commandant de la gendarmerie nationale, le G\u00e9n\u00e9ral de division Ibrahima Sory Bangoura, chef d\u2019\u00e9tat-major g\u00e9n\u00e9ral des arm\u00e9es, le commissaire divisionnaire de police, Abdoulaye Sampil, Directeur g\u00e9n\u00e9ral de la police nationale, Moussa Camara, Directeur g\u00e9n\u00e9ral des douanes, la lieutenante-colonelle Aminata Diallo, Directrice g\u00e9n\u00e9rale de la Caisse nationale de pr\u00e9voyance sociale&#8230;<\/p>\n<p>Apr\u00e8s le lancement des activit\u00e9s, il y&rsquo;a eu la pr\u00e9sence massives des \u00e9tudiants pour des visites guid\u00e9es en tour de r\u00f4le afin \u00a0de permettre aux citoyens de d\u00e9couvrir l\u2019activit\u00e9 de chaque corps de l\u2019arm\u00e9e guin\u00e9enne.<\/p>\n<p>Dans son discours d\u2019ouverture, le G\u00e9n\u00e9ral de division, David Haba, Directeur de cabinet du minist\u00e8re de la d\u00e9fense nationale pr\u00e9cise.<\/p>\n<p>\u00ab L\u2019\u00e9v\u00e9nement de ce jour, c\u2019est que vous venez dans les stands qui sont ouverts ici sur l\u2019esplanade du palais du peuple, au niveau de chaque stand, on vous dira ce que ce corps de l\u2019arm\u00e9e fait. C\u2019est un \u00e9v\u00e9nement qui se situe dans le cadre des id\u00e9aux du chef supr\u00eame des arm\u00e9es, qui veut que notre arm\u00e9e soit proche de sa population. C\u2019est un d\u00e9but, nous voulons p\u00e9renniser cette initiative. \u00c0 l\u2019avenir, \u00e7a va \u00eatre organis\u00e9 et mieux organis\u00e9 que ce que vous voyez ce matin \u00bb,a d\u00e9clar\u00e9 le G\u00e9n\u00e9ral.<img loading=\"lazy\" decoding=\"async\" class=\" wp-image-344 alignright\" src=\"https:\/\/cieldeguinee.net\/wp-content\/uploads\/2023\/11\/armee3-300x169.jpg\" alt=\"\" width=\"360\" height=\"203\" srcset=\"https:\/\/cieldeguinee.net\/wp-content\/uploads\/2023\/11\/armee3-300x169.jpg 300w, https:\/\/cieldeguinee.net\/wp-content\/uploads\/2023\/11\/armee3-1024x576.jpg 1024w, https:\/\/cieldeguinee.net\/wp-content\/uploads\/2023\/11\/armee3-768x432.jpg 768w, https:\/\/cieldeguinee.net\/wp-content\/uploads\/2023\/11\/armee3-150x84.jpg 150w, https:\/\/cieldeguinee.net\/wp-content\/uploads\/2023\/11\/armee3-696x391.jpg 696w, https:\/\/cieldeguinee.net\/wp-content\/uploads\/2023\/11\/armee3.jpg 1032w\" sizes=\"auto, (max-width: 360px) 100vw, 360px\" \/><\/p>\n<p>Pr\u00e9sente \u00e0 cette journ\u00e9e porte ouverte, \u00a0la directrice g\u00e9n\u00e9rale de la Caisse nationale de pr\u00e9voyance sociale, Mme Aminata Diallo a tout d&rsquo;abord remercier le pr\u00e9sident de la transition Colonel Mamadi Doumbouya avant de dire que c&rsquo;est une opportunit\u00e9s pour la population de savoir les activit\u00e9s de son arm\u00e9es.<\/p>\n<p>\u00ab C&rsquo;est une grande occasion pour la population de\u00a0 venir savoir, conna\u00eetre aussi l&rsquo;arm\u00e9e dans sa composante, sa s\u00e9curisation, le fonctionnement et comment \u00e7a travaille. Ici au palais du peuple il y&rsquo;a beaucoup de choses \u00e0 savoir, les expos\u00e9s, les explications mais aussi des questions r\u00e9ponses afin de conna\u00eetre beaucoup de choses parce que ce nous il n\u2019y a pas de tabou, aujourd\u2019hui une grande exposition permettant une fois encore \u00e0 la population de comprendre l\u2019arm\u00e9e guin\u00e9enne. Et je profite encore pour souhaiter\u00a0 bonne f\u00eate \u00e0 l&rsquo;arm\u00e9e guin\u00e9enne que Dieu b\u00e9nisse la Guin\u00e9e \u00bb, a conclu la directrice.<\/p>\n<p>Sana Sylla.<\/p>\n<p>&nbsp;<\/p>\n","protected":false},"excerpt":{"rendered":"<p>En pr\u00e9lude de la c\u00e9l\u00e9bration de la cr\u00e9ation\u00a0 de l&rsquo;arm\u00e9e guin\u00e9enne, le 01 novembre de chaque ann\u00e9e,\u00a0 le G\u00e9n\u00e9ral de division, David Haba, Directeur de cabinet du minist\u00e8re de la d\u00e9fense nationale a proc\u00e9d\u00e9 ce mardi 31 novembre 2023 \u00e0\u00a0 l&rsquo;esplanade du palais du peuple, au lancement d&rsquo;une journ\u00e9e porte ouverte intitul\u00e9e \u00a0\u00bb \u00e0 la [&hellip;]<\/p>\n","protected":false},"author":2,"featured_media":342,"comment_status":"open","ping_status":"open","sticky":false,"template":"","format":"standard","meta":{"footnotes":""},"categories":[3],"tags":[],"class_list":{"0":"post-339","1":"post","2":"type-post","3":"status-publish","4":"format-standard","5":"has-post-thumbnail","7":"category-politique"},"jetpack_featured_media_url":"https:\/\/cieldeguinee.net\/wp-content\/uploads\/2023\/11\/armeeguineenne.jpg","_links":{"self":[{"href":"https:\/\/cieldeguinee.net\/index.php\/wp-json\/wp\/v2\/posts\/339","targetHints":{"allow":["GET"]}}],"collection":[{"href":"https:\/\/cieldeguinee.net\/index.php\/wp-json\/wp\/v2\/posts"}],"about":[{"href":"https:\/\/cieldeguinee.net\/index.php\/wp-json\/wp\/v2\/types\/post"}],"author":[{"embeddable":true,"href":"https:\/\/cieldeguinee.net\/index.php\/wp-json\/wp\/v2\/users\/2"}],"replies":[{"embeddable":true,"href":"https:\/\/cieldeguinee.net\/index.php\/wp-json\/wp\/v2\/comments?post=339"}],"version-history":[{"count":0,"href":"https:\/\/cieldeguinee.net\/index.php\/wp-json\/wp\/v2\/posts\/339\/revisions"}],"wp:featuredmedia":[{"embeddable":true,"href":"https:\/\/cieldeguinee.net\/index.php\/wp-json\/wp\/v2\/media\/342"}],"wp:attachment":[{"href":"https:\/\/cieldeguinee.net\/index.php\/wp-json\/wp\/v2\/media?parent=339"}],"wp:term":[{"taxonomy":"category","embeddable":true,"href":"https:\/\/cieldeguinee.net\/index.php\/wp-json\/wp\/v2\/categories?post=339"},{"taxonomy":"post_tag","embeddable":true,"href":"https:\/\/cieldeguinee.net\/index.php\/wp-json\/wp\/v2\/tags?post=339"}],"curies":[{"name":"wp","href":"https:\/\/api.w.org\/{rel}","templated":true}]}}