{"id":379,"date":"2023-11-04T18:40:20","date_gmt":"2023-11-04T17:40:20","guid":{"rendered":"https:\/\/cieldeguinee.net\/?p=379"},"modified":"2023-11-04T20:22:50","modified_gmt":"2023-11-04T19:22:50","slug":"tentative-devasion-a-la-maison-centrale-le-parquet-general-poursuit-moussa-dadis-camara-et-ses-complices","status":"publish","type":"post","link":"https:\/\/cieldeguinee.net\/index.php\/tentative-devasion-a-la-maison-centrale-le-parquet-general-poursuit-moussa-dadis-camara-et-ses-complices\/","title":{"rendered":"Tentative d\u2019\u00e9vasion \u00e0 la maison centrale: le Parquet G\u00e9n\u00e9ral poursuit Moussa Dadis CAMARA et autres !"},"content":{"rendered":"<p>La nuit du vendredi au samedi 04 novembre 2023 a \u00e9t\u00e9 tr\u00e8s longue autant pour la population de Kaloum en g\u00e9n\u00e9ral que celle de la maison d\u2019arr\u00eat de Coronthie en particulier. Pour cause, un groupe de militaires encagoul\u00e9s et lourdement arm\u00e9 a pris d\u2019assaut cette maison d\u2019arr\u00eat de Conakry pour exfiltrer les principaux d\u00e9tenus dans le dossier du 28 septembre 2009.<\/p>\n<p>Il s\u2019agit du Capitaine Moussa Dadis CAMARA, le Colonel Moussa Thi\u00e9gboro CAMARA, le Colonel Blaise GOUMOU et le Colonel Claude Pivi, tous impliqu\u00e9s dans le carnage du 28 septembre au stade du m\u00eame o\u00f9, selon les organisations de d\u00e9fenses de droits de l\u2019homme, <strong><em>de centaines de femmes viol\u00e9es et 150 morts.<img loading=\"lazy\" decoding=\"async\" class=\" wp-image-381 alignright\" src=\"https:\/\/cieldeguinee.net\/wp-content\/uploads\/2023\/11\/pivi.jpg\" alt=\"\" width=\"265\" height=\"221\" srcset=\"https:\/\/cieldeguinee.net\/wp-content\/uploads\/2023\/11\/pivi.jpg 246w, https:\/\/cieldeguinee.net\/wp-content\/uploads\/2023\/11\/pivi-150x125.jpg 150w\" sizes=\"auto, (max-width: 265px) 100vw, 265px\" \/> <\/em><\/strong><\/p>\n<p>Apr\u00e8s l\u2019\u00e9chec du mouvement et le retour \u00e0 la Maison Centrale des principaux concern\u00e9s, \u00e0 l\u2019exception du Colonel Claude PIVI qui, selon nos sources, serait d\u00e9j\u00e0 identifi\u00e9 et \u00a0solliciterait les garanties avant de se rendre aux autorit\u00e9s militaires, le Parquet G\u00e9n\u00e9ral de la Cour d\u2019Appel de Conakry engage des poursuites contre les concern\u00e9s.<\/p>\n<p>Le site Cieldeguinee vous propose ci-dessous la lettre du Parquet G\u00e9n\u00e9ral \u00a0au Procureur Militaire pr\u00e8s le Tribunal Militaire de Premi\u00e8re Instance Permanent de Conakry\u00a0!<\/p>\n<p><img loading=\"lazy\" decoding=\"async\" class=\" wp-image-380 aligncenter\" src=\"https:\/\/cieldeguinee.net\/wp-content\/uploads\/2023\/11\/parquet-169x300.jpg\" alt=\"\" width=\"283\" height=\"502\" srcset=\"https:\/\/cieldeguinee.net\/wp-content\/uploads\/2023\/11\/parquet-169x300.jpg 169w, https:\/\/cieldeguinee.net\/wp-content\/uploads\/2023\/11\/parquet-576x1024.jpg 576w, https:\/\/cieldeguinee.net\/wp-content\/uploads\/2023\/11\/parquet-150x267.jpg 150w, https:\/\/cieldeguinee.net\/wp-content\/uploads\/2023\/11\/parquet-236x420.jpg 236w\" sizes=\"auto, (max-width: 283px) 100vw, 283px\" \/><\/p>\n<p>&nbsp;<\/p>\n","protected":false},"excerpt":{"rendered":"<p>La nuit du vendredi au samedi 04 novembre 2023 a \u00e9t\u00e9 tr\u00e8s longue autant pour la population de Kaloum en g\u00e9n\u00e9ral que celle de la maison d\u2019arr\u00eat de Coronthie en particulier. Pour cause, un groupe de militaires encagoul\u00e9s et lourdement arm\u00e9 a pris d\u2019assaut cette maison d\u2019arr\u00eat de Conakry pour exfiltrer les principaux d\u00e9tenus dans [&hellip;]<\/p>\n","protected":false},"author":2,"featured_media":382,"comment_status":"open","ping_status":"open","sticky":false,"template":"","format":"standard","meta":{"footnotes":""},"categories":[3],"tags":[],"class_list":{"0":"post-379","1":"post","2":"type-post","3":"status-publish","4":"format-standard","5":"has-post-thumbnail","7":"category-politique"},"jetpack_featured_media_url":"https:\/\/cieldeguinee.net\/wp-content\/uploads\/2023\/11\/dadis.jpg","_links":{"self":[{"href":"https:\/\/cieldeguinee.net\/index.php\/wp-json\/wp\/v2\/posts\/379","targetHints":{"allow":["GET"]}}],"collection":[{"href":"https:\/\/cieldeguinee.net\/index.php\/wp-json\/wp\/v2\/posts"}],"about":[{"href":"https:\/\/cieldeguinee.net\/index.php\/wp-json\/wp\/v2\/types\/post"}],"author":[{"embeddable":true,"href":"https:\/\/cieldeguinee.net\/index.php\/wp-json\/wp\/v2\/users\/2"}],"replies":[{"embeddable":true,"href":"https:\/\/cieldeguinee.net\/index.php\/wp-json\/wp\/v2\/comments?post=379"}],"version-history":[{"count":0,"href":"https:\/\/cieldeguinee.net\/index.php\/wp-json\/wp\/v2\/posts\/379\/revisions"}],"wp:featuredmedia":[{"embeddable":true,"href":"https:\/\/cieldeguinee.net\/index.php\/wp-json\/wp\/v2\/media\/382"}],"wp:attachment":[{"href":"https:\/\/cieldeguinee.net\/index.php\/wp-json\/wp\/v2\/media?parent=379"}],"wp:term":[{"taxonomy":"category","embeddable":true,"href":"https:\/\/cieldeguinee.net\/index.php\/wp-json\/wp\/v2\/categories?post=379"},{"taxonomy":"post_tag","embeddable":true,"href":"https:\/\/cieldeguinee.net\/index.php\/wp-json\/wp\/v2\/tags?post=379"}],"curies":[{"name":"wp","href":"https:\/\/api.w.org\/{rel}","templated":true}]}}