{"id":401,"date":"2023-11-07T14:58:49","date_gmt":"2023-11-07T13:58:49","guid":{"rendered":"https:\/\/cieldeguinee.net\/?p=401"},"modified":"2023-11-07T14:58:49","modified_gmt":"2023-11-07T13:58:49","slug":"mines-awards-guinee-la-deuxieme-edition-aura-lieu-le-samedi-11-novembre-2023-a-partir-de-16-heures-au-chapiteau-by-issa","status":"publish","type":"post","link":"https:\/\/cieldeguinee.net\/index.php\/mines-awards-guinee-la-deuxieme-edition-aura-lieu-le-samedi-11-novembre-2023-a-partir-de-16-heures-au-chapiteau-by-issa\/","title":{"rendered":"Mines Awards Guin\u00e9e\/ : la deuxi\u00e8me \u00c9dition aura lieu  le Samedi, 11 Novembre 2023, \u00e0 partir de 16 heures au chapiteau By ISSA&#8230;"},"content":{"rendered":"<p><strong>Communiqu\u00e9 No2 <\/strong><\/p>\n<p>Apr\u00e8s un report syst\u00e9matique d\u00fb \u00e0 la turbulence d&rsquo;un mouvement qui s\u00e9vissait le week-end dernier \u00e0 Kaloum, si\u00e8ge de la Pr\u00e9sidence de la R\u00e9publique, du Gouvernement ainsi que de quelques Institutions Nationales et Internationales, le Comit\u00e9 d&rsquo;Organisation des Mines Awards Guin\u00e9e (COMAG), remercie vivement le peuple de Guin\u00e9e de sa patience, par la m\u00eame occasion, il tient \u00e0 informer l&rsquo;ensemble des laur\u00e9ats, pa\u00e9listes, invit\u00e9s, ainsi que les hommes de m\u00e9dias, de la tenue effective de sa deuxi\u00e8me \u00c9dition, le Samedi, 11 Novembre 2023, \u00e0 partir de 16 heures au chapiteau By ISSA&#8230;<\/p>\n<p>Pour le comit\u00e9 d&rsquo;Organisation : le Pr\u00e9sident M. Ousmane Grec CAMARA ;<\/p>\n<p>Le Porte-Parole M. Eug\u00e8ne Capi Balamou<\/p>\n","protected":false},"excerpt":{"rendered":"<p>Communiqu\u00e9 No2 Apr\u00e8s un report syst\u00e9matique d\u00fb \u00e0 la turbulence d&rsquo;un mouvement qui s\u00e9vissait le week-end dernier \u00e0 Kaloum, si\u00e8ge de la Pr\u00e9sidence de la R\u00e9publique, du Gouvernement ainsi que de quelques Institutions Nationales et Internationales, le Comit\u00e9 d&rsquo;Organisation des Mines Awards Guin\u00e9e (COMAG), remercie vivement le peuple de Guin\u00e9e de sa patience, par la [&hellip;]<\/p>\n","protected":false},"author":2,"featured_media":402,"comment_status":"open","ping_status":"open","sticky":false,"template":"","format":"standard","meta":{"footnotes":""},"categories":[5],"tags":[],"class_list":{"0":"post-401","1":"post","2":"type-post","3":"status-publish","4":"format-standard","5":"has-post-thumbnail","7":"category-environnement"},"jetpack_featured_media_url":"https:\/\/cieldeguinee.net\/wp-content\/uploads\/2023\/11\/messe.jpg","_links":{"self":[{"href":"https:\/\/cieldeguinee.net\/index.php\/wp-json\/wp\/v2\/posts\/401","targetHints":{"allow":["GET"]}}],"collection":[{"href":"https:\/\/cieldeguinee.net\/index.php\/wp-json\/wp\/v2\/posts"}],"about":[{"href":"https:\/\/cieldeguinee.net\/index.php\/wp-json\/wp\/v2\/types\/post"}],"author":[{"embeddable":true,"href":"https:\/\/cieldeguinee.net\/index.php\/wp-json\/wp\/v2\/users\/2"}],"replies":[{"embeddable":true,"href":"https:\/\/cieldeguinee.net\/index.php\/wp-json\/wp\/v2\/comments?post=401"}],"version-history":[{"count":0,"href":"https:\/\/cieldeguinee.net\/index.php\/wp-json\/wp\/v2\/posts\/401\/revisions"}],"wp:featuredmedia":[{"embeddable":true,"href":"https:\/\/cieldeguinee.net\/index.php\/wp-json\/wp\/v2\/media\/402"}],"wp:attachment":[{"href":"https:\/\/cieldeguinee.net\/index.php\/wp-json\/wp\/v2\/media?parent=401"}],"wp:term":[{"taxonomy":"category","embeddable":true,"href":"https:\/\/cieldeguinee.net\/index.php\/wp-json\/wp\/v2\/categories?post=401"},{"taxonomy":"post_tag","embeddable":true,"href":"https:\/\/cieldeguinee.net\/index.php\/wp-json\/wp\/v2\/tags?post=401"}],"curies":[{"name":"wp","href":"https:\/\/api.w.org\/{rel}","templated":true}]}}