{"id":409,"date":"2023-11-08T16:39:40","date_gmt":"2023-11-08T15:39:40","guid":{"rendered":"https:\/\/cieldeguinee.net\/?p=409"},"modified":"2023-11-08T16:39:40","modified_gmt":"2023-11-08T15:39:40","slug":"guinee-lancien-premier-ministre-kabine-komara-elu-president-du-conseil-dadministration-gifi-de-bill-clinton","status":"publish","type":"post","link":"https:\/\/cieldeguinee.net\/index.php\/guinee-lancien-premier-ministre-kabine-komara-elu-president-du-conseil-dadministration-gifi-de-bill-clinton\/","title":{"rendered":"Guin\u00e9e : l\u2019ancien premier ministre Kabin\u00e9 Komara \u00e9lu pr\u00e9sident du conseil d\u2019administration GIFI de Bill Clinton"},"content":{"rendered":"<p>Apr\u00e8s avoir \u00e9t\u00e9 choisi en ao\u00fbt 2016 comme premier Africain \u00e0 \u00eatre membre de son Conseil d\u2019administration, les membres de cette prestigieuse fondation ont \u00e9lu ce 6 novembre \u00e0 l\u2019unanimit\u00e9, l\u2019ancien Premier ministre guin\u00e9en Kabin\u00e9 Komara comme Pr\u00e9sident du Conseil.<\/p>\n<p>C\u2019est l\u00e0 une nouvelle qui vient redonner de la fiert\u00e9 \u00e0 plus d\u2019un Guin\u00e9en\u00a0! La prestigieuse fondation \u00ab\u00a0Global Fairness Initiative\u00a0\u00bb (GFI), a \u00e9t\u00e9 cr\u00e9\u00e9e par le Pr\u00e9sident Bill Clinton qui en fut le premier pr\u00e9sident.<\/p>\n<p>Les membres du conseil ont motiv\u00e9 leur choix par la grande connaissance que Kabin\u00e9 a des questions de d\u00e9veloppement, son int\u00e9grit\u00e9 et la grande consid\u00e9ration dont il jouit sur le plan international.<\/p>\n<p>Global Fairness Initiative a \u00e9t\u00e9 cr\u00e9\u00e9e en 2012 par l\u2019ancien pr\u00e9sident am\u00e9ricain, Bill Clinton pour contribuer \u00e0 l\u2019\u00e9closion des valeurs de progr\u00e8s dans les pays en d\u00e9veloppement.<\/p>\n<div class=\"google-auto-placed ap_container\">\n<p>Bas\u00e9e \u00e0 Washington, la Fondation qui se veut unique en son genre, \u00e9tablit son programme mondial d\u2019activit\u00e9s et choisit ses projets en recourant \u00e0 l\u2019expertise et \u00e0 la comp\u00e9tence d\u2019une quinzaine de personnalit\u00e9s de r\u00e9f\u00e9rence s\u00e9lectionn\u00e9s internationalement.<\/p>\n<\/div>\n<p>Mme Karen Tramonto, PDG de l\u2019influente soci\u00e9t\u00e9 de conseil strat\u00e9gique et ancienne directrice de cabinet de Bill Clinton \u00e0 la Maison-Blanche, le fondateur Bill Clinton\u00a0lui-m\u00eame\u00a0et maintenant le guin\u00e9en Kabin\u00e9 Komara.<\/p>\n<p>Les interventions de GFI ont pour finalit\u00e9 de promouvoir plus d\u2019\u00e9quit\u00e9, une approche de d\u00e9veloppement durable par la promotion de la juste r\u00e9mun\u00e9ration des efforts, l\u2019acc\u00e8s \u00e9galitaire au march\u00e9 et la mise en place de politiques publiques susceptibles de rompre le cercle vicieux de la pauvret\u00e9 et du sous-d\u00e9veloppement.<\/p>\n<div class=\"google-auto-placed ap_container\">\n<p>Interrog\u00e9 sur ses priorit\u00e9s en tant que nouveau Pr\u00e9sident du Conseil d\u2019administration, M. Komara a d\u2019abord lou\u00e9 la vision du Pr\u00e9sident Clinton pour avoir cr\u00e9\u00e9 cette fondation. Il a ensuite exprim\u00e9 sa gratitude au Pr\u00e9sident sortant Danilo Turk et \u00e0 l\u2019ensemble des Administrateurs pour l\u2019avoir unanimement investi de leur confiance.<\/p>\n<\/div>\n<p>Il a promis de travailler pour mobiliser plus de ressources, accroitre le rayonnement de l\u2019organisation et surtout \u00e9tendre ses activit\u00e9s pour la concentration et l\u2019impl\u00e9mentation de plus de projets de promotion pour l\u2019\u00e9quit\u00e9, l\u2019inclusion et la justice sociale.<\/p>\n<p>Il a conclu en disant qu\u2019au-del\u00e0 de sa modeste personne, cette lourde charge constitue pour lui une grande marque d\u2019honneur \u00e0 son pays, la Guin\u00e9e.<\/p>\n<p><strong>S\u00e9kou k\u00e9ita<\/strong><\/p>\n<p><strong>Consultant en Strat\u00e9gie de Communication Politique-Institutionnelle et des M\u00e9dias<\/strong><\/p>\n<div class=\"post-views content-post post-23317 entry-meta\"><\/div>\n","protected":false},"excerpt":{"rendered":"<p>Apr\u00e8s avoir \u00e9t\u00e9 choisi en ao\u00fbt 2016 comme premier Africain \u00e0 \u00eatre membre de son Conseil d\u2019administration, les membres de cette prestigieuse fondation ont \u00e9lu ce 6 novembre \u00e0 l\u2019unanimit\u00e9, l\u2019ancien Premier ministre guin\u00e9en Kabin\u00e9 Komara comme Pr\u00e9sident du Conseil. C\u2019est l\u00e0 une nouvelle qui vient redonner de la fiert\u00e9 \u00e0 plus d\u2019un Guin\u00e9en\u00a0! La [&hellip;]<\/p>\n","protected":false},"author":2,"featured_media":410,"comment_status":"open","ping_status":"open","sticky":false,"template":"","format":"standard","meta":{"footnotes":""},"categories":[6],"tags":[],"class_list":{"0":"post-409","1":"post","2":"type-post","3":"status-publish","4":"format-standard","5":"has-post-thumbnail","7":"category-international"},"jetpack_featured_media_url":"https:\/\/cieldeguinee.net\/wp-content\/uploads\/2023\/11\/kabinet.jpg","_links":{"self":[{"href":"https:\/\/cieldeguinee.net\/index.php\/wp-json\/wp\/v2\/posts\/409","targetHints":{"allow":["GET"]}}],"collection":[{"href":"https:\/\/cieldeguinee.net\/index.php\/wp-json\/wp\/v2\/posts"}],"about":[{"href":"https:\/\/cieldeguinee.net\/index.php\/wp-json\/wp\/v2\/types\/post"}],"author":[{"embeddable":true,"href":"https:\/\/cieldeguinee.net\/index.php\/wp-json\/wp\/v2\/users\/2"}],"replies":[{"embeddable":true,"href":"https:\/\/cieldeguinee.net\/index.php\/wp-json\/wp\/v2\/comments?post=409"}],"version-history":[{"count":0,"href":"https:\/\/cieldeguinee.net\/index.php\/wp-json\/wp\/v2\/posts\/409\/revisions"}],"wp:featuredmedia":[{"embeddable":true,"href":"https:\/\/cieldeguinee.net\/index.php\/wp-json\/wp\/v2\/media\/410"}],"wp:attachment":[{"href":"https:\/\/cieldeguinee.net\/index.php\/wp-json\/wp\/v2\/media?parent=409"}],"wp:term":[{"taxonomy":"category","embeddable":true,"href":"https:\/\/cieldeguinee.net\/index.php\/wp-json\/wp\/v2\/categories?post=409"},{"taxonomy":"post_tag","embeddable":true,"href":"https:\/\/cieldeguinee.net\/index.php\/wp-json\/wp\/v2\/tags?post=409"}],"curies":[{"name":"wp","href":"https:\/\/api.w.org\/{rel}","templated":true}]}}