{"id":415,"date":"2023-11-08T19:36:53","date_gmt":"2023-11-08T18:36:53","guid":{"rendered":"https:\/\/cieldeguinee.net\/?p=415"},"modified":"2023-11-08T19:36:53","modified_gmt":"2023-11-08T18:36:53","slug":"guinee-entreprenariat-feminin-la-troisieme-edition-du-fodelf-annoncee-pour-bientot-a-conakry","status":"publish","type":"post","link":"https:\/\/cieldeguinee.net\/index.php\/guinee-entreprenariat-feminin-la-troisieme-edition-du-fodelf-annoncee-pour-bientot-a-conakry\/","title":{"rendered":"Guin\u00e9e\/Entreprenariat f\u00e9minin : la troisi\u00e8me \u00e9dition du FODELF annonc\u00e9e pour bient\u00f4t \u00e0 Conakry !"},"content":{"rendered":"<p>Les membres du \u00a0Forum de l\u2019Entrepreneuriat et Leadership F\u00e9minin de Guin\u00e9e (FODELF) \u00e9taient ce mercredi 08 novembre 2023 devant la presse pour parler du lancement des activit\u00e9s de la 3\u00e8me\u00a0 \u00e9dition de leur structure.<\/p>\n<p>L\u2019\u00e9v\u00e8nement aura lieu ici \u00e0 Conakry du 17 au 19 novembre prochain, \u00a0et portera sur le th\u00e8me \u00a0\u00bb Femmes, renforcer votre potentiel pour booster votre activit\u00e9 \u00ab\u00a0, peut-on noter dans leurs interventions. Selon les membres de la structure, cette th\u00e9matique est une mani\u00e8re de permettre \u00e0 la junte f\u00e9minine de se faire conna\u00eetre\u00a0 sur le plan des affaires.<\/p>\n<p>Dans son intervention, la pr\u00e9sidente de l\u2019organisation, Macir\u00e9 Tour\u00e9, a indiqu\u00e9 que, \u00ab l\u2019Objectif recherch\u00e9, c\u2019est de mettre en lumi\u00e8re des femmes entrepreneurs mais aussi les outiller parce qu\u2019il faut booster l\u2019entrepreneuriat f\u00e9minin. Les femmes sont entrepreneures dans l\u2019\u00e2me, et parmi les plus grands riches du monde, on cite peu les \u00a0femmes. Donc, il faut maintenant qu\u2019elles pensent business, qu\u2019elles r\u00e9fl\u00e9chissent business pour qu\u2019on puisse compter plusieurs femmes millionnaires. Pour cette 3\u00e8me \u00e9dition, on a voulu vraiment mettre en lumi\u00e8re les femmes entrepreneures \u00e0 travers surtout l\u2019exposition en une journ\u00e9e. On ne peut pas tout exposer o\u00f9 elles ne peuvent pas gagner grand-chose. On est parti sur 72 heures d\u2019activit\u00e9s, on a des ateliers qui pouvaient renforcer leurs capacit\u00e9s au-del\u00e0 des panels habituels. Nous sommes partis \u00e9galement sur les Master-class, nous avons une consultante externe qui doit donner cette formation \u00bb, a soulign\u00e9 la pr\u00e9sidente.<\/p>\n<p>Et d&rsquo;ajouter,\u00a0 \u00ab la journ\u00e9e du 19 novembre, nous allons faire aube aux femmes dans le secteur culturel, nos s\u0153urs qui font la mode vont exposer leurs produits et elles vont faire aussi des d\u00e9fil\u00e9s. Nos cons\u0153urs aussi qui sont dans la musique sont invit\u00e9es c\u2019est exceptionnel pour nous, c\u2019est une particularit\u00e9 que nous mettons en place enfin de booster les comp\u00e9tences des femmes en mati\u00e8re de travail du leadership de nos femmes \u00bb, a-t-elle conclu.<\/p>\n<p>Sana Sylla.<\/p>\n","protected":false},"excerpt":{"rendered":"<p>Les membres du \u00a0Forum de l\u2019Entrepreneuriat et Leadership F\u00e9minin de Guin\u00e9e (FODELF) \u00e9taient ce mercredi 08 novembre 2023 devant la presse pour parler du lancement des activit\u00e9s de la 3\u00e8me\u00a0 \u00e9dition de leur structure. L\u2019\u00e9v\u00e8nement aura lieu ici \u00e0 Conakry du 17 au 19 novembre prochain, \u00a0et portera sur le th\u00e8me \u00a0\u00bb Femmes, renforcer votre [&hellip;]<\/p>\n","protected":false},"author":2,"featured_media":416,"comment_status":"open","ping_status":"open","sticky":false,"template":"","format":"standard","meta":{"footnotes":""},"categories":[9],"tags":[],"class_list":{"0":"post-415","1":"post","2":"type-post","3":"status-publish","4":"format-standard","5":"has-post-thumbnail","7":"category-culture"},"jetpack_featured_media_url":"https:\/\/cieldeguinee.net\/wp-content\/uploads\/2023\/11\/7c635be0-1e5a-4c05-8e69-55b2b3fcc87f.jpg","_links":{"self":[{"href":"https:\/\/cieldeguinee.net\/index.php\/wp-json\/wp\/v2\/posts\/415","targetHints":{"allow":["GET"]}}],"collection":[{"href":"https:\/\/cieldeguinee.net\/index.php\/wp-json\/wp\/v2\/posts"}],"about":[{"href":"https:\/\/cieldeguinee.net\/index.php\/wp-json\/wp\/v2\/types\/post"}],"author":[{"embeddable":true,"href":"https:\/\/cieldeguinee.net\/index.php\/wp-json\/wp\/v2\/users\/2"}],"replies":[{"embeddable":true,"href":"https:\/\/cieldeguinee.net\/index.php\/wp-json\/wp\/v2\/comments?post=415"}],"version-history":[{"count":0,"href":"https:\/\/cieldeguinee.net\/index.php\/wp-json\/wp\/v2\/posts\/415\/revisions"}],"wp:featuredmedia":[{"embeddable":true,"href":"https:\/\/cieldeguinee.net\/index.php\/wp-json\/wp\/v2\/media\/416"}],"wp:attachment":[{"href":"https:\/\/cieldeguinee.net\/index.php\/wp-json\/wp\/v2\/media?parent=415"}],"wp:term":[{"taxonomy":"category","embeddable":true,"href":"https:\/\/cieldeguinee.net\/index.php\/wp-json\/wp\/v2\/categories?post=415"},{"taxonomy":"post_tag","embeddable":true,"href":"https:\/\/cieldeguinee.net\/index.php\/wp-json\/wp\/v2\/tags?post=415"}],"curies":[{"name":"wp","href":"https:\/\/api.w.org\/{rel}","templated":true}]}}