{"id":428,"date":"2023-11-11T15:33:49","date_gmt":"2023-11-11T14:33:49","guid":{"rendered":"https:\/\/cieldeguinee.net\/?p=428"},"modified":"2023-11-11T15:33:49","modified_gmt":"2023-11-11T14:33:49","slug":"sommet-arabie-saoudite-afrique-nouvelle-etape-dans-la-multipolarisation-du-monde","status":"publish","type":"post","link":"https:\/\/cieldeguinee.net\/index.php\/sommet-arabie-saoudite-afrique-nouvelle-etape-dans-la-multipolarisation-du-monde\/","title":{"rendered":"Sommet Arabie saoudite-Afrique : nouvelle \u00e9tape dans la multipolarisation du monde"},"content":{"rendered":"<p><strong>Ce 10 novembre se tenait, \u00e0 Riyad, le premier sommet Arabie saoudite-Afrique. Au menu (officiel) un th\u00e8me \u00e9conomique, et, en filigrane, des sujets politiques.<\/strong><\/p>\n<p>Apr\u00e8s les incontournables\u00a0<a href=\"https:\/\/www.jeuneafrique.com\/1487729\/politique\/en-afrique-la-france-demmanuel-macron-en-perte-dinfluence\/?utm_source=microsoft&amp;utm_medium=feeds&amp;utm_campaign=feeds-microsoft-v1\" target=\"_blank\" rel=\"noopener\" data-t=\"{&quot;n&quot;:&quot;destination&quot;,&quot;t&quot;:13,&quot;b&quot;:1,&quot;c.t&quot;:7}\">sommets France-Afrique<\/a>\u00a0devenus \u00ab\u00a0Afrique-France\u00a0\u00bb, qui rythmaient la vie diplomatique des pays francophones, d\u2019autres puissances plan\u00e9taires ont voulu s\u2019offrir leur face-\u00e0-face avec l\u2019enti\u00e8ret\u00e9 d\u2019un continent de plus en plus courtis\u00e9. Ainsi sont n\u00e9s\u00a0<a href=\"https:\/\/www.jeuneafrique.com\/1466431\/politique\/sommet-russie-afrique-cinq-questions-pour-comprendre-les-ambitions-de-poutine-sur-le-continent\/?utm_source=microsoft&amp;utm_medium=feeds&amp;utm_campaign=feeds-microsoft-v1\" target=\"_blank\" rel=\"noopener\" data-t=\"{&quot;n&quot;:&quot;destination&quot;,&quot;t&quot;:13,&quot;b&quot;:1,&quot;c.t&quot;:7}\">le sommet Russie-Afrique<\/a>\u00a0et son forum \u00e9conomique et humanitaire,\u00a0<a href=\"https:\/\/www.jeuneafrique.com\/1482980\/politique\/la-turquie-en-afrique-ou-lart-de-la-souplesse\/?utm_source=microsoft&amp;utm_medium=feeds&amp;utm_campaign=feeds-microsoft-v1\" target=\"_blank\" rel=\"noopener\" data-t=\"{&quot;n&quot;:&quot;destination&quot;,&quot;t&quot;:13,&quot;b&quot;:1,&quot;c.t&quot;:7}\">le sommet Turquie-Afrique<\/a>,\u00a0<a href=\"https:\/\/www.jeuneafrique.com\/1290827\/politique\/chine-afrique-les-habits-neufs-de-la-diplomatie-de-pekin-sur-le-continent\/?utm_source=microsoft&amp;utm_medium=feeds&amp;utm_campaign=feeds-microsoft-v1\" target=\"_blank\" rel=\"noopener\" data-t=\"{&quot;n&quot;:&quot;destination&quot;,&quot;t&quot;:13,&quot;b&quot;:1,&quot;c.t&quot;:7}\">le sommet Chine-Afrique<\/a>\u00a0et, petit-dernier de cette rimbabelle, le sommet Arabie saoudite-Afrique.<\/p>\n<h2 class=\"article-sub-heading\">Soft power m\u00e2tin\u00e9 de religion<\/h2>\n<p class=\"continue-read-break\" data-t=\"{&quot;n&quot;:&quot;blueLinks&quot;}\">Ce 10 novembre, Riyad a r\u00e9uni, au Centre international de conf\u00e9rences Roi-Abdelaziz \u2013 et pour la premi\u00e8re fois \u2013 des chefs d\u2019\u00c9tat africains autour d\u2019un th\u00e8me un peu fourre-tout : \u00ab\u00a0D\u00e9veloppement et prosp\u00e9rit\u00e9\u00a0: agriculture, \u00e9ducation, sant\u00e9 et aide humanitaire\u00a0\u00bb.<\/p>\n<p data-t=\"{&quot;n&quot;:&quot;blueLinks&quot;}\">Pour l\u2019heure, sur le continent africain,\u00a0<a href=\"https:\/\/www.jeuneafrique.com\/mag\/540929\/societe\/qatar-arabie-saoudite-dun-wahhabisme-a-lautre\/?utm_source=microsoft&amp;utm_medium=feeds&amp;utm_campaign=feeds-microsoft-v1\" target=\"_blank\" rel=\"noopener\" data-t=\"{&quot;n&quot;:&quot;destination&quot;,&quot;t&quot;:13,&quot;b&quot;:1,&quot;c.t&quot;:7}\">la puissance wahhabite<\/a>\u00a0distille principalement un soft power m\u00e2tin\u00e9 de diplomatie religieuse. Une influence organis\u00e9e autour de constructions de mosqu\u00e9es, de formations d\u2019imams et de d\u00e9livrance de\u00a0<a href=\"https:\/\/www.jeuneafrique.com\/1409409\/societe\/hajj-2023-larabie-saoudite-fait-tout-pour-faire-revenir-les-pelerins-en-masse\/?utm_source=microsoft&amp;utm_medium=feeds&amp;utm_campaign=feeds-microsoft-v1\" target=\"_blank\" rel=\"noopener\" data-t=\"{&quot;n&quot;:&quot;destination&quot;,&quot;t&quot;:13,&quot;b&quot;:1,&quot;c.t&quot;:7}\">visas pour le p\u00e8lerinage de La Mecque.<\/a>\u00a0En de plus rares occasions, le royaume saoudien m\u00e8ne des m\u00e9diations \u2013\u00a0du conflit \u00c9thiopie-\u00c9rythr\u00e9e\u00a0<a href=\"https:\/\/www.jeuneafrique.com\/1475178\/politique\/guerre-au-soudan-la-diplomatie-prise-au-piege\/?utm_source=microsoft&amp;utm_medium=feeds&amp;utm_campaign=feeds-microsoft-v1\" target=\"_blank\" rel=\"noopener\" data-t=\"{&quot;n&quot;:&quot;destination&quot;,&quot;t&quot;:13,&quot;b&quot;:1,&quot;c.t&quot;:7}\">\u00e0 la crise soudanaise\u00a0\u2013<\/a>\u00a0par le biais de son secr\u00e9tariat d\u2019\u00c9tat aux Affaires africaines.<\/p>\n<p data-t=\"{&quot;n&quot;:&quot;blueLinks&quot;}\">Parfois mise \u00e0 l\u2019index lorsqu\u2019est \u00e9voqu\u00e9e la gen\u00e8se du jihad plan\u00e9taire, l\u2019Arabie saoudite se refait une virginit\u00e9 en intervenant, par exemple, comme contributeur financier\u00a0<a href=\"https:\/\/www.jeuneafrique.com\/1348312\/politique\/afrique-de-louest-le-g5-sahel-est-il-en-etat-de-mort-clinique\/?utm_source=microsoft&amp;utm_medium=feeds&amp;utm_campaign=feeds-microsoft-v1\" target=\"_blank\" rel=\"noopener\" data-t=\"{&quot;n&quot;:&quot;destination&quot;,&quot;t&quot;:13,&quot;b&quot;:1,&quot;c.t&quot;:7}\">d\u2019un G5 Sahel aujourd\u2019hui comateux.<\/a>\u00a0Surpris par l\u2019attaque du Hamas en Isra\u00ebl, le royaume, engag\u00e9 dans un processus de \u00ab\u00a0normalisation globale\u00a0\u00bb au Moyen-Orient, est contraint de temporiser. Le roi, Salmane Ben Abdelaziz al-Saoud, et\u00a0<a href=\"https:\/\/www.jeuneafrique.com\/1112051\/politique\/serie-mbs-un-prince-saoudien-parmi-tant-dautres-1-5\/?utm_source=microsoft&amp;utm_medium=feeds&amp;utm_campaign=feeds-microsoft-v1\" target=\"_blank\" rel=\"noopener\" data-t=\"{&quot;n&quot;:&quot;destination&quot;,&quot;t&quot;:13,&quot;b&quot;:1,&quot;c.t&quot;:7}\">le prince h\u00e9ritier, Mohammed Ben Salmane (MBS),<\/a> ne doivent pas \u00eatre f\u00e2ch\u00e9s de d\u00e9tourner le regard de cette r\u00e9gion tourment\u00e9e et de lorgner le continent africain&#8230;<\/p>\n<h2 class=\"article-sub-heading\">Le premier d\u00e9placement d\u2019Oligui Nguema<\/h2>\n<p data-t=\"{&quot;n&quot;:&quot;blueLinks&quot;}\">Chacun avec son propre agenda, les chefs d\u2019\u00c9tat invit\u00e9s ne boudent pas non plus leur plaisir, certains anti-imp\u00e9rialistes trop heureux de constater que les relations internationales s\u2019orientent vers une multipolarit\u00e9 in\u00e9dite. Des pr\u00e9sidents bien install\u00e9s, comme l\u2019Ivoirien Alassane Ouattara, voyagent pour d\u00e9montrer leur vigueur politique intacte, tandis que de nouveaux venus \u00e9trennent leur costume. C\u2019est ainsi que Riyad constitue le tout premier d\u00e9placement de\u00a0<a href=\"https:\/\/www.jeuneafrique.com\/1493818\/politique\/au-gabon-brice-tout-puissant-tombeur-des-bongo\/?utm_source=microsoft&amp;utm_medium=feeds&amp;utm_campaign=feeds-microsoft-v1\" target=\"_blank\" rel=\"noopener\" data-t=\"{&quot;n&quot;:&quot;destination&quot;,&quot;t&quot;:13,&quot;b&quot;:1,&quot;c.t&quot;:7}\">Brice Clotaire Oligui Nguema<\/a>\u00a0hors du continent depuis son putsch au Gabon.<\/p>\n<p data-t=\"{&quot;n&quot;:&quot;blueLinks&quot;}\">Si le th\u00e8me d\u2019un sommet n\u2019est souvent que survol\u00e9, ce type de grand-messe est l\u2019occasion de faire quelques rencontres bilat\u00e9rales et de mener diverses op\u00e9rations de lobbying. Sur le plan \u00e9conomique, douze pays africains (Angola, B\u00e9nin, Burkina Faso, Burundi, Cap-Vert, Guin\u00e9e, Malawi, Mozambique, Niger, Sierra Leone, Rwanda et Tanzanie) ont sign\u00e9, la veille de l\u2019ouverture du sommet, quatorze\u00a0accords de pr\u00eat avec le Fonds saoudien pour le d\u00e9veloppement.<\/p>\n<p data-t=\"{&quot;n&quot;:&quot;blueLinks&quot;}\">Source: Jeune Afrique<\/p>\n","protected":false},"excerpt":{"rendered":"<p>Ce 10 novembre se tenait, \u00e0 Riyad, le premier sommet Arabie saoudite-Afrique. Au menu (officiel) un th\u00e8me \u00e9conomique, et, en filigrane, des sujets politiques. Apr\u00e8s les incontournables\u00a0sommets France-Afrique\u00a0devenus \u00ab\u00a0Afrique-France\u00a0\u00bb, qui rythmaient la vie diplomatique des pays francophones, d\u2019autres puissances plan\u00e9taires ont voulu s\u2019offrir leur face-\u00e0-face avec l\u2019enti\u00e8ret\u00e9 d\u2019un continent de plus en plus courtis\u00e9. Ainsi [&hellip;]<\/p>\n","protected":false},"author":2,"featured_media":429,"comment_status":"open","ping_status":"open","sticky":false,"template":"","format":"standard","meta":{"footnotes":""},"categories":[6],"tags":[],"class_list":{"0":"post-428","1":"post","2":"type-post","3":"status-publish","4":"format-standard","5":"has-post-thumbnail","7":"category-international"},"jetpack_featured_media_url":"https:\/\/cieldeguinee.net\/wp-content\/uploads\/2023\/11\/AA1jILzf.jpg","_links":{"self":[{"href":"https:\/\/cieldeguinee.net\/index.php\/wp-json\/wp\/v2\/posts\/428","targetHints":{"allow":["GET"]}}],"collection":[{"href":"https:\/\/cieldeguinee.net\/index.php\/wp-json\/wp\/v2\/posts"}],"about":[{"href":"https:\/\/cieldeguinee.net\/index.php\/wp-json\/wp\/v2\/types\/post"}],"author":[{"embeddable":true,"href":"https:\/\/cieldeguinee.net\/index.php\/wp-json\/wp\/v2\/users\/2"}],"replies":[{"embeddable":true,"href":"https:\/\/cieldeguinee.net\/index.php\/wp-json\/wp\/v2\/comments?post=428"}],"version-history":[{"count":0,"href":"https:\/\/cieldeguinee.net\/index.php\/wp-json\/wp\/v2\/posts\/428\/revisions"}],"wp:featuredmedia":[{"embeddable":true,"href":"https:\/\/cieldeguinee.net\/index.php\/wp-json\/wp\/v2\/media\/429"}],"wp:attachment":[{"href":"https:\/\/cieldeguinee.net\/index.php\/wp-json\/wp\/v2\/media?parent=428"}],"wp:term":[{"taxonomy":"category","embeddable":true,"href":"https:\/\/cieldeguinee.net\/index.php\/wp-json\/wp\/v2\/categories?post=428"},{"taxonomy":"post_tag","embeddable":true,"href":"https:\/\/cieldeguinee.net\/index.php\/wp-json\/wp\/v2\/tags?post=428"}],"curies":[{"name":"wp","href":"https:\/\/api.w.org\/{rel}","templated":true}]}}