{"id":436,"date":"2023-11-12T12:34:56","date_gmt":"2023-11-12T11:34:56","guid":{"rendered":"https:\/\/cieldeguinee.net\/?p=436"},"modified":"2023-11-12T12:34:56","modified_gmt":"2023-11-12T11:34:56","slug":"guinee-culture-bernard-goumou-lance-la-9eme-edition-du-salon-international-du-textile-africain","status":"publish","type":"post","link":"https:\/\/cieldeguinee.net\/index.php\/guinee-culture-bernard-goumou-lance-la-9eme-edition-du-salon-international-du-textile-africain\/","title":{"rendered":"Guin\u00e9e-Culture: Bernard Goumou, lance  la 9\u00e8me \u00e9dition du \u2018\u2019Salon International du Textile Africain\u2019\u2019"},"content":{"rendered":"<p>Le Premier Ministre Guin\u00e9en, Dr Bernard Goumou a proc\u00e9d\u00e9 le mercredi 08 novembre dernier, \u00a0au lancement de la 9<sup>\u00e8me<\/sup> Edition du \u2018\u2019Salon International du Textile Africain \u00e0 Conakry\u2019\u2019.<\/p>\n<p>Plac\u00e9 sous le th\u00e8me, \u00ab La labellisation, vecteur de lutte contre le piratage dans l\u2019industrie du textile africain \u00bb, l\u2019\u00e9v\u00e8nement visait exclusivement \u00e0 accorder un espace d\u2019expression pour chaque tissu \u00e0 ce qu\u2019il exprime librement, de \u00a0son histoire et son h\u00e9ritage, longtemps laiss\u00e9 pour compte par les politiques publiques.<img loading=\"lazy\" decoding=\"async\" class=\" wp-image-439 alignright\" src=\"https:\/\/cieldeguinee.net\/wp-content\/uploads\/2023\/11\/3063a1f3-c0e8-40cf-84d5-413d8ebb738f-300x225.jpg\" alt=\"\" width=\"366\" height=\"274\" srcset=\"https:\/\/cieldeguinee.net\/wp-content\/uploads\/2023\/11\/3063a1f3-c0e8-40cf-84d5-413d8ebb738f-300x225.jpg 300w, https:\/\/cieldeguinee.net\/wp-content\/uploads\/2023\/11\/3063a1f3-c0e8-40cf-84d5-413d8ebb738f-150x112.jpg 150w, https:\/\/cieldeguinee.net\/wp-content\/uploads\/2023\/11\/3063a1f3-c0e8-40cf-84d5-413d8ebb738f-696x522.jpg 696w, https:\/\/cieldeguinee.net\/wp-content\/uploads\/2023\/11\/3063a1f3-c0e8-40cf-84d5-413d8ebb738f-560x420.jpg 560w, https:\/\/cieldeguinee.net\/wp-content\/uploads\/2023\/11\/3063a1f3-c0e8-40cf-84d5-413d8ebb738f-80x60.jpg 80w, https:\/\/cieldeguinee.net\/wp-content\/uploads\/2023\/11\/3063a1f3-c0e8-40cf-84d5-413d8ebb738f-265x198.jpg 265w, https:\/\/cieldeguinee.net\/wp-content\/uploads\/2023\/11\/3063a1f3-c0e8-40cf-84d5-413d8ebb738f.jpg 750w\" sizes=\"auto, (max-width: 366px) 100vw, 366px\" \/><\/p>\n<p>Pour le Commissaire G\u00e9n\u00e9ral du Salon International du Textile\u00a0 Africain\u00a0 (SITA) Abdoulaye Mouss\u00e9, \u00a0cet \u00e9v\u00e8nement se d\u00e9roulera durant\u00a0 six jours.<\/p>\n<p>\u00ab Notre objectif \u00e9tait de promouvoir une fili\u00e8re longtemps rest\u00e9e le parent pauvre de nos politiques publiques. Nous avons voulu faire de cet \u00e9v\u00e9nement un salon o\u00f9 chaque tissu raconte une histoire de\u00a0 l\u2019h\u00e9ritage de notre cher Afrique, la particularit\u00e9 de cette 9 \u00e9dition \u00e0 Conakry est\u00a0 la Master class mannequin\u00e2t qui va c\u00f4toyer une session de formation en tissage, en teinture d\u00e9j\u00e0 entam\u00e9s, \u00a0il y a quelques semaines au profit d\u2019une cinquantaine de femmes guin\u00e9ennes \u00bb, a soulign\u00e9 M. Mouss\u00e9.<\/p>\n<p>Pour sa part,\u00a0 le Ministre de la Culture, de l\u2019Artisanat et du Tourisme, \u00a0Alpha Soumah, \u00a0remercie et f\u00e9licite vraiment son d\u00e9partement pour avoir soutenu cette organisation et aussi la promotion de l\u2019artisanat qui est un \u00e9v\u00e9nement africain.<\/p>\n<p>\u00ab Aujourd\u2019hui, \u00a0je sollicite la cr\u00e9ation d\u2019une synergie inter sectorielle autour de l\u2019artisanat pour la mise en place prochaine en partenariat avec le minist\u00e8re de l\u2019enseignement technique et de la formation professionnelle, des programmes conjoints de formation dans certains m\u00e9tiers de l\u2019artisanat. Avec le minist\u00e8re de l\u2019agriculture et de l\u2019\u00e9levage, nous r\u00e9fl\u00e9chissons sur des programmes d\u2019accompagnement et d\u2019appui aux producteurs de certaines essences utilis\u00e9es dans l\u2019industrie et du textile. Il en est de m\u00eame avec le minist\u00e8re de l\u2019industrie avec lequel nous comptons soutenir des unit\u00e9s industrielles. Ce sujet, d\u2019une actualit\u00e9 br\u00fblante, permettra aux services sp\u00e9cialis\u00e9s de notre pays de lancer le processus de protection de nos fiert\u00e9s ancestrales et de valoriser la marque \u00ab Made In Guinea \u00bb issue du g\u00e9nie cr\u00e9ateur de nos valeureux artisans \u00e0 travers le kendilly, le leppi, le bakha ou le bagb\u00e9 et dalliba, et la for\u00eat sacr\u00e9e de la Guin\u00e9e foresti\u00e8re \u00bb, a pr\u00e9cis\u00e9 le ministre.<\/p>\n<p>De son c\u00f4t\u00e9, le premier ministre Bernard Goumou pr\u00e9sent \u00e0 cette c\u00e9r\u00e9monie de la 9\u00e8me \u00e9dition a f\u00e9licit\u00e9 mais aussi, s\u2019engage \u00e0 accompagner\u00a0 les organisateurs pour la tenue de la pr\u00e9sente rencontre.<\/p>\n<p>\u00ab Si le salon permet l\u2019organisation de parade de d\u00e9filer de mode, de formation et de conf\u00e9rences internationales, il est aussi, \u00a0un lieu de partage d\u2019exp\u00e9riences et d\u2019id\u00e9es sur le m\u00e9tier de l\u2019artisanat, et de renforcer les liens de fraternit\u00e9 entre les filles et fils du continent et j\u2019encourage les initiateurs \u00e0 m\u00fbrir \u00a0des r\u00e9flexions sur la protection artisanale. La majorit\u00e9 de nos artisans ont peu de ressources, alors quel accompagnement peut-on mettre en place pour que les brevets puissent \u00eatre d\u00e9livr\u00e9s pour prot\u00e9ger leurs productions. Quels m\u00e9canismes juridiques \u00e0 mettre en place pour combattre la piraterie surtout si son origine est hors du continent africain \u00bb, a d\u00e9clar\u00e9 le PM GOUMOU<\/p>\n<p>Sana Sylla.<\/p>\n<p>&nbsp;<\/p>\n","protected":false},"excerpt":{"rendered":"<p>Le Premier Ministre Guin\u00e9en, Dr Bernard Goumou a proc\u00e9d\u00e9 le mercredi 08 novembre dernier, \u00a0au lancement de la 9\u00e8me Edition du \u2018\u2019Salon International du Textile Africain \u00e0 Conakry\u2019\u2019. Plac\u00e9 sous le th\u00e8me, \u00ab La labellisation, vecteur de lutte contre le piratage dans l\u2019industrie du textile africain \u00bb, l\u2019\u00e9v\u00e8nement visait exclusivement \u00e0 accorder un espace d\u2019expression [&hellip;]<\/p>\n","protected":false},"author":2,"featured_media":437,"comment_status":"open","ping_status":"open","sticky":false,"template":"","format":"standard","meta":{"footnotes":""},"categories":[9],"tags":[],"class_list":{"0":"post-436","1":"post","2":"type-post","3":"status-publish","4":"format-standard","5":"has-post-thumbnail","7":"category-culture"},"jetpack_featured_media_url":"https:\/\/cieldeguinee.net\/wp-content\/uploads\/2023\/11\/goumou.jpg","_links":{"self":[{"href":"https:\/\/cieldeguinee.net\/index.php\/wp-json\/wp\/v2\/posts\/436","targetHints":{"allow":["GET"]}}],"collection":[{"href":"https:\/\/cieldeguinee.net\/index.php\/wp-json\/wp\/v2\/posts"}],"about":[{"href":"https:\/\/cieldeguinee.net\/index.php\/wp-json\/wp\/v2\/types\/post"}],"author":[{"embeddable":true,"href":"https:\/\/cieldeguinee.net\/index.php\/wp-json\/wp\/v2\/users\/2"}],"replies":[{"embeddable":true,"href":"https:\/\/cieldeguinee.net\/index.php\/wp-json\/wp\/v2\/comments?post=436"}],"version-history":[{"count":0,"href":"https:\/\/cieldeguinee.net\/index.php\/wp-json\/wp\/v2\/posts\/436\/revisions"}],"wp:featuredmedia":[{"embeddable":true,"href":"https:\/\/cieldeguinee.net\/index.php\/wp-json\/wp\/v2\/media\/437"}],"wp:attachment":[{"href":"https:\/\/cieldeguinee.net\/index.php\/wp-json\/wp\/v2\/media?parent=436"}],"wp:term":[{"taxonomy":"category","embeddable":true,"href":"https:\/\/cieldeguinee.net\/index.php\/wp-json\/wp\/v2\/categories?post=436"},{"taxonomy":"post_tag","embeddable":true,"href":"https:\/\/cieldeguinee.net\/index.php\/wp-json\/wp\/v2\/tags?post=436"}],"curies":[{"name":"wp","href":"https:\/\/api.w.org\/{rel}","templated":true}]}}