{"id":488,"date":"2023-11-17T13:33:08","date_gmt":"2023-11-17T12:33:08","guid":{"rendered":"https:\/\/cieldeguinee.net\/?p=488"},"modified":"2023-11-17T13:35:54","modified_gmt":"2023-11-17T12:35:54","slug":"evenement-du-04-novembre-2023-a-conakry-les-obseques-ont-lieu-ce-vendredi-17-novembrecommunique","status":"publish","type":"post","link":"https:\/\/cieldeguinee.net\/index.php\/evenement-du-04-novembre-2023-a-conakry-les-obseques-ont-lieu-ce-vendredi-17-novembrecommunique\/","title":{"rendered":"Ev\u00e8nement du 04 novembre 2023 \u00e0 Conakry: les obs\u00e8ques ont lieu ce vendredi 17 novembre(Communiqu\u00e9)"},"content":{"rendered":"<p style=\"text-align: center\">COMMUNIQU\u00c9 DE PRESSE DU 16 NOV 2023<\/p>\n<p>L\u2019\u00c9tat-Major G\u00e9n\u00e9ral des Arm\u00e9es informe l\u2019opinion nationale et internationale de l\u2019organisation ce vendredi 17 novembre des obs\u00e8ques nationales et d\u2019un c\u00e9r\u00e9monial militaire en la m\u00e9moire des victimes civiles et militaires des \u00e9v\u00e8nements malheureux du 4 novembre dernier.<\/p>\n<p>La c\u00e9r\u00e9monie pr\u00e9vue au Palais Mohammed V sera pr\u00e9sid\u00e9e par le Chef de l\u2019\u00c9tat, Chef Supr\u00eame des Arm\u00e9es, le Colonel Mamadi DOUMBOUYA. Elle connaitra \u00e9galement la pr\u00e9sence des repr\u00e9sentants des familles des victimes et des autorit\u00e9s des forces de d\u00e9fense et de s\u00e9curit\u00e9.<\/p>\n<p>Programme de la c\u00e9r\u00e9monie<\/p>\n<p>07h00: Regroupement au palais du peuple<\/p>\n<p>07h30: D\u00e9placement des navettes du palais du peuple pour le palais Mohamed V<\/p>\n<p>08h30: Mise en place termin\u00e9e au palais Mohammed V<\/p>\n<p>09h00: Accueil et installation des familles<\/p>\n<p>09h15: Arriv\u00e9e du Chef de l\u2019\u00c9tat<\/p>\n<p>09h30: Arriv\u00e9e des d\u00e9pouilles<\/p>\n<p>10h00: D\u00e9but du C\u00e9r\u00e9monial<\/p>\n<p>10h30: Lecture des oraisons fun\u00e8bres<\/p>\n<p>10h45: D\u00e9coration<\/p>\n<p>11h00: T\u00e9moignage des amis (2 par famille)<\/p>\n<p>11h30: T\u00e9moignage des familles (1 par famille)<\/p>\n<p>12h00: Message du Chef de l\u2019\u00c9tat<\/p>\n<p>12h15: d\u00e9fil\u00e9 des troupes<\/p>\n<p>12h30: D\u00e9part des d\u00e9pouilles (Mosqu\u00e9e et \u00c9glise).<\/p>\n<p>14h30: Enterrement au cimeti\u00e8re de Cameroun.<\/p>\n<p>L\u2019\u00c9tat-Major G\u00e9n\u00e9ral des Arm\u00e9es, renouvelle ses condol\u00e9ances les plus \u00e9mues au Chef Supr\u00eame des Arm\u00e9es le Colonel Mamadi DOUMBOUYA et aux familles biologiques des disparus. Il rassure par la m\u00eame occasion que l\u2019\u00c9tat a pris toutes les dispositions pour faire toute la lumi\u00e8re sur ces cas de mort lors de la tentative d\u2019\u00e9vasion \u00e0 la maison centrale de Conakry.<\/p>\n<p>Le Chef d\u2019\u00c9tat-Major G\u00e9n\u00e9ral des Arm\u00e9es<\/p>\n<p>G\u00e9n\u00e9ral de Division Ibrahima Sory BANGOURA<\/p>\n","protected":false},"excerpt":{"rendered":"<p>COMMUNIQU\u00c9 DE PRESSE DU 16 NOV 2023 L\u2019\u00c9tat-Major G\u00e9n\u00e9ral des Arm\u00e9es informe l\u2019opinion nationale et internationale de l\u2019organisation ce vendredi 17 novembre des obs\u00e8ques nationales et d\u2019un c\u00e9r\u00e9monial militaire en la m\u00e9moire des victimes civiles et militaires des \u00e9v\u00e8nements malheureux du 4 novembre dernier. La c\u00e9r\u00e9monie pr\u00e9vue au Palais Mohammed V sera pr\u00e9sid\u00e9e par le [&hellip;]<\/p>\n","protected":false},"author":2,"featured_media":489,"comment_status":"open","ping_status":"open","sticky":false,"template":"","format":"standard","meta":{"footnotes":""},"categories":[3],"tags":[],"class_list":{"0":"post-488","1":"post","2":"type-post","3":"status-publish","4":"format-standard","5":"has-post-thumbnail","7":"category-politique"},"jetpack_featured_media_url":"https:\/\/cieldeguinee.net\/wp-content\/uploads\/2023\/11\/dou_cnrd_0-1.jpeg","_links":{"self":[{"href":"https:\/\/cieldeguinee.net\/index.php\/wp-json\/wp\/v2\/posts\/488","targetHints":{"allow":["GET"]}}],"collection":[{"href":"https:\/\/cieldeguinee.net\/index.php\/wp-json\/wp\/v2\/posts"}],"about":[{"href":"https:\/\/cieldeguinee.net\/index.php\/wp-json\/wp\/v2\/types\/post"}],"author":[{"embeddable":true,"href":"https:\/\/cieldeguinee.net\/index.php\/wp-json\/wp\/v2\/users\/2"}],"replies":[{"embeddable":true,"href":"https:\/\/cieldeguinee.net\/index.php\/wp-json\/wp\/v2\/comments?post=488"}],"version-history":[{"count":0,"href":"https:\/\/cieldeguinee.net\/index.php\/wp-json\/wp\/v2\/posts\/488\/revisions"}],"wp:featuredmedia":[{"embeddable":true,"href":"https:\/\/cieldeguinee.net\/index.php\/wp-json\/wp\/v2\/media\/489"}],"wp:attachment":[{"href":"https:\/\/cieldeguinee.net\/index.php\/wp-json\/wp\/v2\/media?parent=488"}],"wp:term":[{"taxonomy":"category","embeddable":true,"href":"https:\/\/cieldeguinee.net\/index.php\/wp-json\/wp\/v2\/categories?post=488"},{"taxonomy":"post_tag","embeddable":true,"href":"https:\/\/cieldeguinee.net\/index.php\/wp-json\/wp\/v2\/tags?post=488"}],"curies":[{"name":"wp","href":"https:\/\/api.w.org\/{rel}","templated":true}]}}