{"id":519,"date":"2023-11-18T00:05:31","date_gmt":"2023-11-17T23:05:31","guid":{"rendered":"https:\/\/cieldeguinee.net\/?p=519"},"modified":"2023-11-18T00:05:31","modified_gmt":"2023-11-17T23:05:31","slug":"mon-regard-sur-le-protocole-et-la-reaction-des-camaradesopinion","status":"publish","type":"post","link":"https:\/\/cieldeguinee.net\/index.php\/mon-regard-sur-le-protocole-et-la-reaction-des-camaradesopinion\/","title":{"rendered":"MON REGARD SUR LE PROTOCOLE ET LA R\u00c9ACTION DES CAMARADES(Opinion)"},"content":{"rendered":"<p>J<strong>e suis de ceux qui pensent qu&rsquo;il faut f\u00e9liciter le mouvement syndical guin\u00e9en parce qu&rsquo;il a fourni des efforts pour la classe ouvri\u00e8re.<\/strong><\/p>\n<p>Il faut au moins \u00eatre un fou pour ne pas aspirer au bonheur tant souhait\u00e9 ou s&rsquo;opposer \u00e0 son propre bonheur.<\/p>\n<p>j&rsquo;introduis cette phrase pour dire \u00e0 la classe ouvri\u00e8re, que je comprends bien leur col\u00e8re et les pr\u00e9occupations soulev\u00e9es par des multiples r\u00e9actions \u00e0 la suite de la signature du protocole d&rsquo;accord survenue hier nuit \u00e0 2h entre les parties (Gouvernement-Syndicat-Patronat).<\/p>\n<p>Le train de vie ostentatoire que m\u00e8nent\u00a0 nos dirigeants les rend incredibles lorsqu&rsquo;ils tentent de justifier la faiblesse de nos recettes, de l&rsquo;accroissement des d\u00e9penses et des\u00a0 dettes int\u00e9rieures et ext\u00e9rieure vis-\u00e0-vis des laborieux travailleurs qui vivent des conditions de vies \u00e9pouvantables couronn\u00e9es par une chert\u00e9 de vie que l&rsquo;Etat ne pourrait ma\u00eetriser.<\/p>\n<p>Pourtant obtenir 35% \u00a0d&rsquo;augmentation sur la valeur mon\u00e9taire du point d&rsquo;indice (VMPI) avec un gouvernement de transition de surcro\u00eet anim\u00e9 d&rsquo;un manque de volont\u00e9 n&rsquo;est pas une chose ais\u00e9e.<\/p>\n<p>Dans un an 7 mois, tous les 35% seront totalement appliqu\u00e9s au b\u00e9n\u00e9fice de la classe ouvri\u00e8re. D&rsquo;ici l\u00e0, on aura compris si certains engagements du gouvernement sont tenus ou non, je pense \u00e0 l&rsquo;effectivit\u00e9 des 35%; \u00e0 la couverture sanitaire \u00e0 hauteur de 80; la mise en circulation des bus \u00e0 un prix abordable pour les fonctionnaires&#8230;<\/p>\n<p>Sans vouloir d\u00e9fendre la partie gouvernementale, je sais aumoins en tant\u00a0 que juriste,\u00a0 les incidences financi\u00e8res que causent une augmentation sur les primes, ne sommes pas comparables \u00e0 celles que peuvent causer une augmentation sur le salaire base.<\/p>\n<p>Une augmentation sur les primes ne constitue pas une garantie, car elle n&rsquo;est applicable que de mani\u00e8re circonstancielle pendant une p\u00e9riode bien d\u00e9finie, mais celle faite sur le salaire de base suit le travailleur m\u00eame au del\u00e0 de la retraite. C&rsquo;est pourquoi les gouvernements se m\u00e9fient d&rsquo;une augmentation consid\u00e9rable sur la valeur mon\u00e9taire du point d&rsquo;indice ou m\u00eame s&rsquo;il elle est faite, son application se fera par \u00e9chelonnement afin qu&rsquo;il puisse se trouver d&rsquo;autres proches de recettes pour amortir les incidences financi\u00e8res.<\/p>\n<p>A ce niveau, il faut croire au gouvernement,\u00a0 lorsqu&rsquo;il se d\u00e9fend en disant que l&rsquo;augmentation de la valeur mon\u00e9taire du point d&rsquo;indice impliquera les futurs nouveaux fonctionnaires,\u00a0 ceux en activit\u00e9 mais aussi les retrait\u00e9s,\u00a0 je crois que cela a beaucoup pes\u00e9 dans la balance \u264e\ufe0f des arguments.<\/p>\n<p>Beaucoup de fonctionnaires se demandent pourquoi nous n&rsquo;avons pas eu les retomb\u00e9s de ces n\u00e9gociations par effet r\u00e9troactif ou \u00e0 l&rsquo;effet imm\u00e9diat ?<\/p>\n<p>La r\u00e9ponse que je pourrais apporter \u00e0 cette question est que la loi de finance rectificative en cours d&rsquo;ex\u00e9cution ne pr\u00e9voit pas d&rsquo;augmentation sur les salaires,\u00a0 il faut alors attendre la loi de finance initiale 2024 pour pr\u00e9voir une quelconque augmentation.<\/p>\n<p>Parlant de la Loi de finance initiale 2024; c&rsquo;est l\u00e0, que les camarades autour de la table ont manqu\u00e9 de strat\u00e9gie.<\/p>\n<p>Depuis le d\u00e9p\u00f4t, du pr\u00e9avis de gr\u00e8ve qui courait pour 10 jours,\u00a0 les syncalistes \u00e9taient en position de force, face au gouvernement.<\/p>\n<p>S&rsquo;il est impossible d&rsquo;avoir quelque chose par effet r\u00e9troactif ou \u00e0 l&rsquo;imm\u00e9diat \u00e0 cause du fait que la loi ne pr\u00e9voyait pas en 2023, les camarades pouvaient insister que la loi de finance initiale 2024 prenne en compte quelques mois en r\u00e9troactivit\u00e9 parce que c&rsquo;\u00e9tait vraiment possible de l&rsquo;avoir.<\/p>\n<p>Quatre choses ont gouvern\u00e9 la d\u00e9sapprobation par certains le protocole, \u00e0 savoir :<\/p>\n<p>1- le manque de sinc\u00e9rit\u00e9 des camarades envers la classe ouvri\u00e8re alors qu&rsquo;ils \u00e9taient d\u00e9j\u00e0 d&rsquo;accord avec le gouvernement<\/p>\n<p>2- l&rsquo;\u00e9chelonnement de l&rsquo;application de l&rsquo;effectivit\u00e9 des 35% jusqu&rsquo;en 2025<\/p>\n<p>3- la non prise en compte de l&rsquo;avis de la base alors que les n\u00e9gociations ont \u00e9t\u00e9 faites en son nom<\/p>\n<p>4- la majorit\u00e9 des fonctionnaires croyaient l&rsquo;application par r\u00e9troactivit\u00e9 ou par effet imm\u00e9diat, \u00e0 tel point nous avions tous fait des simulations sur ce qu&rsquo;on pouvait avoir d\u00e8s la fin du mois de novembre 2023.<\/p>\n<p>Entendre qu&rsquo;une partie des 35% serait donn\u00e9e en fin janvier 2024 et que et le reste en juillet 2025, frise sinc\u00e8rement les consciences d&rsquo;autant plus que l&rsquo;on s&rsquo;attendait \u00e0 tout, sauf \u00e7a.<\/p>\n<p>Cette surprise et manque de communication engendr\u00e9 par les centrales syndicales valent tous leurs pesant d&rsquo;or, dans un pays o\u00f9 le climat de confiance entre syndicats et syndiqu\u00e9s est toujours d\u00e9l\u00e9t\u00e8re et parfois\u00a0 marqu\u00e9 par des guerres d&rsquo;egos ou par la dissidence.<\/p>\n<p>Dans le protocole il fallait clairement pr\u00e9ciser, la hauteur de la contribution m\u00eame si moi je crois que c&rsquo;est 5% du salaire de base<\/p>\n<p>Ensuite,\u00a0 il fallait pr\u00e9ciser,\u00a0 le mois auquel,\u00a0 les travailleurs et leurs membres de familles malades pourraient \u00eatre pris en charge par les centre hospitalier en d\u00e9finissant toutes les modalit\u00e9s.<\/p>\n<p>Tous ces facteurs ont \u00e9t\u00e9 la cause des grincements de dents constat\u00e9es \u00e0 la bourse du travail.<\/p>\n<p>C&rsquo;est ainsi que je prie l&rsquo;ensemble des syndiqu\u00e9s de la classe ouvri\u00e8re qui sont touch\u00e9s par ces agissements de passer par autres m\u00e9thodes de sanctions que de traiter les camarades de vendus ou de traitres.<\/p>\n<p>Pour moi, les injures et les menaces vis-\u00e0-vis de nos camarades syndicalistes sont des termes p\u00e9joratifs qui n&rsquo;honorent pas notre statut de cadre de l&rsquo;Etat. \u00a8Parfois,il est difficile d&rsquo;\u00eatre leader, car chacun souhaiterait que son avis soit pris en compte m\u00eame \u00e7a ne refl\u00e8te pas la r\u00e9alit\u00e9.<\/p>\n<p>Loin de faire une le\u00e7on de morale \u00e0 qui ce soit,\u00a0 j&rsquo;ai juste voulu pr\u00e9ciser ma position par rapport \u00e0 actualit\u00e9 qui d\u00e9fraie la chronique depuis hier.<\/p>\n<p>Merci de votre compr\u00e9hension habituelle<\/p>\n<p>Par votre Camarade Alpha Oumar SAGNA professeur de Fran\u00e7ais au lyc\u00e9e Amadou Mahtar M&rsquo;Bow de Kamsar<\/p>\n","protected":false},"excerpt":{"rendered":"<p>Je suis de ceux qui pensent qu&rsquo;il faut f\u00e9liciter le mouvement syndical guin\u00e9en parce qu&rsquo;il a fourni des efforts pour la classe ouvri\u00e8re. Il faut au moins \u00eatre un fou pour ne pas aspirer au bonheur tant souhait\u00e9 ou s&rsquo;opposer \u00e0 son propre bonheur. j&rsquo;introduis cette phrase pour dire \u00e0 la classe ouvri\u00e8re, que je [&hellip;]<\/p>\n","protected":false},"author":2,"featured_media":520,"comment_status":"open","ping_status":"open","sticky":false,"template":"","format":"standard","meta":{"footnotes":""},"categories":[23],"tags":[],"class_list":{"0":"post-519","1":"post","2":"type-post","3":"status-publish","4":"format-standard","5":"has-post-thumbnail","7":"category-societe"},"jetpack_featured_media_url":"https:\/\/cieldeguinee.net\/wp-content\/uploads\/2023\/11\/sagna2.jpeg","_links":{"self":[{"href":"https:\/\/cieldeguinee.net\/index.php\/wp-json\/wp\/v2\/posts\/519","targetHints":{"allow":["GET"]}}],"collection":[{"href":"https:\/\/cieldeguinee.net\/index.php\/wp-json\/wp\/v2\/posts"}],"about":[{"href":"https:\/\/cieldeguinee.net\/index.php\/wp-json\/wp\/v2\/types\/post"}],"author":[{"embeddable":true,"href":"https:\/\/cieldeguinee.net\/index.php\/wp-json\/wp\/v2\/users\/2"}],"replies":[{"embeddable":true,"href":"https:\/\/cieldeguinee.net\/index.php\/wp-json\/wp\/v2\/comments?post=519"}],"version-history":[{"count":0,"href":"https:\/\/cieldeguinee.net\/index.php\/wp-json\/wp\/v2\/posts\/519\/revisions"}],"wp:featuredmedia":[{"embeddable":true,"href":"https:\/\/cieldeguinee.net\/index.php\/wp-json\/wp\/v2\/media\/520"}],"wp:attachment":[{"href":"https:\/\/cieldeguinee.net\/index.php\/wp-json\/wp\/v2\/media?parent=519"}],"wp:term":[{"taxonomy":"category","embeddable":true,"href":"https:\/\/cieldeguinee.net\/index.php\/wp-json\/wp\/v2\/categories?post=519"},{"taxonomy":"post_tag","embeddable":true,"href":"https:\/\/cieldeguinee.net\/index.php\/wp-json\/wp\/v2\/tags?post=519"}],"curies":[{"name":"wp","href":"https:\/\/api.w.org\/{rel}","templated":true}]}}