{"id":539,"date":"2023-11-23T01:29:24","date_gmt":"2023-11-23T00:29:24","guid":{"rendered":"https:\/\/cieldeguinee.net\/?p=539"},"modified":"2023-11-23T01:29:24","modified_gmt":"2023-11-23T00:29:24","slug":"conakry-des-acteurs-fetent-en-differe-la-journee-internationale-des-pme-ce-22-novembre-2023","status":"publish","type":"post","link":"https:\/\/cieldeguinee.net\/index.php\/conakry-des-acteurs-fetent-en-differe-la-journee-internationale-des-pme-ce-22-novembre-2023\/","title":{"rendered":"Conakry : des acteurs f\u00eatent en diff\u00e9r\u00e9 la journ\u00e9e internationale des PME ce 22 novembre 2023"},"content":{"rendered":"<p>Plac\u00e9e sous le th\u00e8me \u00ab r\u00f4le de l&rsquo;information dans l&rsquo;accompagnement des PME et les avantages au contenu local \u00bb, la journ\u00e9e internationale d\u00e9cr\u00e9t\u00e9e par les \u00a0Nations Unies et c\u00e9l\u00e9br\u00e9e le 27 Juin de chaque ann\u00e9e depuis 2017, a \u00e9t\u00e9 mise \u00e0 profit ce mercredi 22 novembre 2023 \u00e0 Conakry par la \u00a0Direction Nationale des PME et du Contenu Local en collaboration avec le Minist\u00e8re du Commerce et de l\u00b4Industrie pour c\u00e9l\u00e9brer en diff\u00e9r\u00e9, cette journ\u00e9e m\u00e9moriale \u00a0des Micro, Petites et Moyennes Entreprises(MPME).<\/p>\n<p>Dans son discours d\u2019ouverture, la Directrice nationale des \u00a0PME et du contenu local, Mme Sangar\u00e9 Fanta B\u00e9r\u00e9t\u00e9, a\u00a0 rappel\u00e9 les circonstances dans lesquelles cette journ\u00e9e est c\u00e9l\u00e9br\u00e9e en invitant les politiques publiques \u00e0 mettre un accent particulier sur ce secteur.<\/p>\n<figure id=\"attachment_542\" aria-describedby=\"caption-attachment-542\" style=\"width: 275px\" class=\"wp-caption alignright\"><img loading=\"lazy\" decoding=\"async\" class=\" wp-image-542\" src=\"https:\/\/cieldeguinee.net\/wp-content\/uploads\/2023\/11\/pme2-300x169.jpeg\" alt=\"\" width=\"275\" height=\"155\" srcset=\"https:\/\/cieldeguinee.net\/wp-content\/uploads\/2023\/11\/pme2-300x169.jpeg 300w, https:\/\/cieldeguinee.net\/wp-content\/uploads\/2023\/11\/pme2-1024x576.jpeg 1024w, https:\/\/cieldeguinee.net\/wp-content\/uploads\/2023\/11\/pme2-768x432.jpeg 768w, https:\/\/cieldeguinee.net\/wp-content\/uploads\/2023\/11\/pme2-150x84.jpeg 150w, https:\/\/cieldeguinee.net\/wp-content\/uploads\/2023\/11\/pme2-696x391.jpeg 696w, https:\/\/cieldeguinee.net\/wp-content\/uploads\/2023\/11\/pme2-747x420.jpeg 747w, https:\/\/cieldeguinee.net\/wp-content\/uploads\/2023\/11\/pme2.jpeg 1032w\" sizes=\"auto, (max-width: 275px) 100vw, 275px\" \/><figcaption id=\"caption-attachment-542\" class=\"wp-caption-text\">Mme Sangar\u00e9 Fanta B\u00e9r\u00e9t\u00e9, Directrice Nationale des PME<\/figcaption><\/figure>\n<p>\u00ab Les MPME jouent un r\u00f4le particuli\u00e8rement important dans nos pays. Elles constituent une source majeure d&#8217;emploi, de revenus et de recettes \u00e0 l&rsquo;exportation. Ainsi, pour r\u00e9ussir, les MPME doivent pouvoir b\u00e9n\u00e9ficier non seulement de conditions propices au d\u00e9veloppement de leurs activit\u00e9s mais aussi de structures de soutien efficaces. Je suis aussi consciente des difficult\u00e9s rencontr\u00e9es par les MPME qui ne sont pas les moindres, dont on peut citer, entre autres : Le faible niveau de formalisation des entreprises ; Le manque d&rsquo;assistance financi\u00e8re adapt\u00e9e; L&rsquo;acc\u00e8s substantiel au march\u00e9; Le renforcement des capacit\u00e9s techniques et manag\u00e9riales des dirigeants et des employ\u00e9s des MPME; Le renforcement d&rsquo;un esprit de cr\u00e9ativit\u00e9 et d&rsquo;innovation, afin de transformer nos produits locaux (&#8230;) \u00bb, a cit\u00e9 Mme la directrice.<\/p>\n<p><img loading=\"lazy\" decoding=\"async\" class=\"wp-image-544 alignleft\" src=\"https:\/\/cieldeguinee.net\/wp-content\/uploads\/2023\/11\/pme4-300x169.jpeg\" alt=\"\" width=\"371\" height=\"209\" srcset=\"https:\/\/cieldeguinee.net\/wp-content\/uploads\/2023\/11\/pme4-300x169.jpeg 300w, https:\/\/cieldeguinee.net\/wp-content\/uploads\/2023\/11\/pme4-1024x576.jpeg 1024w, https:\/\/cieldeguinee.net\/wp-content\/uploads\/2023\/11\/pme4-768x432.jpeg 768w, https:\/\/cieldeguinee.net\/wp-content\/uploads\/2023\/11\/pme4-150x84.jpeg 150w, https:\/\/cieldeguinee.net\/wp-content\/uploads\/2023\/11\/pme4-696x391.jpeg 696w, https:\/\/cieldeguinee.net\/wp-content\/uploads\/2023\/11\/pme4-747x420.jpeg 747w, https:\/\/cieldeguinee.net\/wp-content\/uploads\/2023\/11\/pme4.jpeg 1032w\" sizes=\"auto, (max-width: 371px) 100vw, 371px\" \/> Et de poursuivre, \u00ab Il est donc du devoir r\u00e9galien de l&rsquo;Etat d&rsquo;apporter des solutions ad\u00e9quates \u00e0 ces difficult\u00e9s qui freinent l&rsquo;entreprenariat et le plein \u00e9panouissement des micros, petites et moyennes entreprises. C&rsquo;est pourquoi, dans le souci d&rsquo;apporter des solutions efficaces \u00e0 ces nombreuses contraintes, le gouvernement a fourni des efforts par la mise en place d&rsquo;infrastructures institutionnelles de base et la recherche d&rsquo;immobilisations pour le d\u00e9veloppement de l\u2018entreprenariat. En termes de r\u00e9sultats, au titre de l&rsquo;ann\u00e9e 2023, il faut noter que nous avons un r\u00e9pertoire national qui se chiffre \u00e0 130.000 MPME dont 40% d\u00e9tenues par des femmes, 955 MPME ont b\u00e9n\u00e9fici\u00e9 de renforcement de capacit\u00e9s en assistance strat\u00e9gique dans 20 modules dont 612 entrepreneurs, 343 aspirants entrepreneurs, 335 Femme soit 35%, 620 hommes soit 65%. \u00c9galement, 200 \u00e9tudiants ont \u00e9t\u00e9 initi\u00e9s en entreprenariat par la Direction Nationale des PME et du Contenu Local. Je reste convaincu que ces nombreux efforts consentis par le gouvernement \u00e0 travers le D\u00e9partement ne peuvent avoir d&rsquo;impact sur la vie de nos micros, petites et moyennes entreprises que dans la paix et la stabilit\u00e9 politique qui sont des conditions indispensables pour que le pays parvienne \u00e0 attirer des investissements \u00e9trangers \u00bb, a conclu Mme Sangar\u00e9 Fanta B\u00e9r\u00e9t\u00e9.<\/p>\n<p>&nbsp;<\/p>\n<p>Sana Sylla.<\/p>\n","protected":false},"excerpt":{"rendered":"<p>Plac\u00e9e sous le th\u00e8me \u00ab r\u00f4le de l&rsquo;information dans l&rsquo;accompagnement des PME et les avantages au contenu local \u00bb, la journ\u00e9e internationale d\u00e9cr\u00e9t\u00e9e par les \u00a0Nations Unies et c\u00e9l\u00e9br\u00e9e le 27 Juin de chaque ann\u00e9e depuis 2017, a \u00e9t\u00e9 mise \u00e0 profit ce mercredi 22 novembre 2023 \u00e0 Conakry par la \u00a0Direction Nationale des PME [&hellip;]<\/p>\n","protected":false},"author":2,"featured_media":541,"comment_status":"open","ping_status":"open","sticky":false,"template":"","format":"standard","meta":{"footnotes":""},"categories":[4],"tags":[],"class_list":{"0":"post-539","1":"post","2":"type-post","3":"status-publish","4":"format-standard","5":"has-post-thumbnail","7":"category-economie"},"jetpack_featured_media_url":"https:\/\/cieldeguinee.net\/wp-content\/uploads\/2023\/11\/PME1.jpeg","_links":{"self":[{"href":"https:\/\/cieldeguinee.net\/index.php\/wp-json\/wp\/v2\/posts\/539","targetHints":{"allow":["GET"]}}],"collection":[{"href":"https:\/\/cieldeguinee.net\/index.php\/wp-json\/wp\/v2\/posts"}],"about":[{"href":"https:\/\/cieldeguinee.net\/index.php\/wp-json\/wp\/v2\/types\/post"}],"author":[{"embeddable":true,"href":"https:\/\/cieldeguinee.net\/index.php\/wp-json\/wp\/v2\/users\/2"}],"replies":[{"embeddable":true,"href":"https:\/\/cieldeguinee.net\/index.php\/wp-json\/wp\/v2\/comments?post=539"}],"version-history":[{"count":0,"href":"https:\/\/cieldeguinee.net\/index.php\/wp-json\/wp\/v2\/posts\/539\/revisions"}],"wp:featuredmedia":[{"embeddable":true,"href":"https:\/\/cieldeguinee.net\/index.php\/wp-json\/wp\/v2\/media\/541"}],"wp:attachment":[{"href":"https:\/\/cieldeguinee.net\/index.php\/wp-json\/wp\/v2\/media?parent=539"}],"wp:term":[{"taxonomy":"category","embeddable":true,"href":"https:\/\/cieldeguinee.net\/index.php\/wp-json\/wp\/v2\/categories?post=539"},{"taxonomy":"post_tag","embeddable":true,"href":"https:\/\/cieldeguinee.net\/index.php\/wp-json\/wp\/v2\/tags?post=539"}],"curies":[{"name":"wp","href":"https:\/\/api.w.org\/{rel}","templated":true}]}}