{"id":547,"date":"2023-11-23T01:50:50","date_gmt":"2023-11-23T00:50:50","guid":{"rendered":"https:\/\/cieldeguinee.net\/?p=547"},"modified":"2023-11-23T01:50:50","modified_gmt":"2023-11-23T00:50:50","slug":"journee-internationale-des-pme-celebree-en-differe-a-conakry-ce-que-hadja-djene-conde-demande-a-letat-guineen","status":"publish","type":"post","link":"https:\/\/cieldeguinee.net\/index.php\/journee-internationale-des-pme-celebree-en-differe-a-conakry-ce-que-hadja-djene-conde-demande-a-letat-guineen\/","title":{"rendered":"Journ\u00e9e internationale des PME c\u00e9l\u00e9br\u00e9e en diff\u00e9r\u00e9 \u00e0 Conakry: ce que Hadja Dj\u00e8n\u00e8 Cond\u00e9 demande \u00e0 l\u2019Etat Guin\u00e9en"},"content":{"rendered":"<p>C&rsquo;est \u00e0 l\u2019occasion de la c\u00e9l\u00e9bration de la Journ\u00e9e internationale des PME organis\u00e9e ce mercredi 22 novembre \u00e0 Conakry par la Direction Nationale des PME et du Contenu Local en collaboration avec le Minist\u00e8re du Commerce de l\u00b4Industrie que la cheffe d\u00b4entreprise Hadja Dj\u00e8n\u00e8 Cond\u00e9 a sollicit\u00e9 au gouvernement un accompagnement pour la facilitation de l\u00b4acc\u00e8s aux \u00a0cr\u00e9dits \u00a0et aux march\u00e9s \u00a0dans notre pays.<\/p>\n<p>\u00ab C&rsquo;est vraiment un plaisir de prendre part \u00e0 la journ\u00e9e internationale des PME, vous n\u00b4\u00eates pas sans savoir qu\u00b4avant d\u00b4\u00eatre politique je suis\u00a0 PME, et cheffe d\u00b4entreprise \u00e7a fait de cela 13 ans. Donc prendre part \u00e0 une telle rencontre qui d\u00e9fend notre int\u00e9r\u00eat, c&rsquo;est vraiment une satisfaction. Si on se base sur le discours de Mme la Directrice et que ce discours soit mat\u00e9rialis\u00e9 \u00e0 l\u00b4int\u00e9r\u00eat des PME, vraiment c&rsquo;est important. Aujourd\u2019hui je veux parler de l\u00b4Etat dans sa globalit\u00e9, il peut faire un grand regard au niveau \u00a0des PME qui sont des \u00e9l\u00e9ments tr\u00e8s importants dans le d\u00e9veloppement de la nation. \u00a0Il \u00a0cr\u00e9e de l\u00b4emplois et \u00e7a soulage\u00a0 au sommet de\u00a0 l\u00b4\u00c9tat du fait qu&rsquo;il cr\u00e9e de l\u00b4emplois. Secondo, il contribue au d\u00e9veloppement en payant des taxes qui sont d\u00e9vers\u00e9es au tr\u00e9sor public, et qui parle de tr\u00e9sor fait allusion \u00e0\u00a0 l\u00b4\u00c9tat et c&rsquo;est les d\u00e9penses publiques que le tr\u00e9sor g\u00e8re \u00bb, a affirm\u00e9\u00a0 Hadja Dj\u00e8n\u00e8.<\/p>\n<p>Et d&rsquo;ajouter,\u00a0 \u00ab Donc une subvention ou bien un accompagnement digne de nom \u00e9manant de l\u00b4\u00c9tat envers les PME, non seulement g\u00e9rer en globalit\u00e9 par tout le monde mais les femmes dont nous sommes actuellement \u00e0 un taux de 40% \u00e0\u00a0 l\u00b4instar des autres pays. Si l&rsquo;\u00c9tat peut vraiment accompagner les femmes l\u00e0 non seulement pour la facilitation de l\u00b4acc\u00e8s aux cr\u00e9dits et aux march\u00e9s, parce que sans les march\u00e9s on ne peut pas fonctionner. Je ne suis pas contre la\u00a0 politique ni contre les journalistes pour leurs subventions, aujourd\u2019hui\u00a0 l\u00b4\u00c9tat met beaucoup de\u00a0 subventions au niveau \u00a0de la politique et vers les m\u00e9dias mais les PME qui donnent de l\u00b4emplois, qui contribuent \u00e0 l\u00b4\u00e9conomie nationale ne sont pas accompagn\u00e9es. Et je voudrais que l\u00b4\u00c9tat revoit sa politique de\u00a0 gestion vis-\u00e0-vis des PME afin \u00a0d\u00b4encourager les PME et\u00a0 d\u00b4\u00e9largir les taxes pour qu\u2019on puisse au moins faire quelque chose dans l\u00b4avenir. Donc ces plaidoyers vis-\u00e0-vis de l&rsquo;\u00c9tat nous femmes cheffes d\u00b4entreprise sollicitons \u00a0leur accompagnement au niveau\u00a0 des directions de l\u00b4APIP et PRECOP pour qu&rsquo;on sorte maintenant dans les phases de projets pour \u00eatre dans les phases de concr\u00e9tisation \u00bb, a sollicit\u00e9 \u00a0Mme la cheffe d\u00b4entreprise.<\/p>\n<p>Sana Sylla.<\/p>\n<p>&nbsp;<\/p>\n","protected":false},"excerpt":{"rendered":"<p>C&rsquo;est \u00e0 l\u2019occasion de la c\u00e9l\u00e9bration de la Journ\u00e9e internationale des PME organis\u00e9e ce mercredi 22 novembre \u00e0 Conakry par la Direction Nationale des PME et du Contenu Local en collaboration avec le Minist\u00e8re du Commerce de l\u00b4Industrie que la cheffe d\u00b4entreprise Hadja Dj\u00e8n\u00e8 Cond\u00e9 a sollicit\u00e9 au gouvernement un accompagnement pour la facilitation de [&hellip;]<\/p>\n","protected":false},"author":2,"featured_media":548,"comment_status":"open","ping_status":"open","sticky":false,"template":"","format":"standard","meta":{"footnotes":""},"categories":[4],"tags":[],"class_list":{"0":"post-547","1":"post","2":"type-post","3":"status-publish","4":"format-standard","5":"has-post-thumbnail","7":"category-economie"},"jetpack_featured_media_url":"https:\/\/cieldeguinee.net\/wp-content\/uploads\/2023\/11\/djene1.jpeg","_links":{"self":[{"href":"https:\/\/cieldeguinee.net\/index.php\/wp-json\/wp\/v2\/posts\/547","targetHints":{"allow":["GET"]}}],"collection":[{"href":"https:\/\/cieldeguinee.net\/index.php\/wp-json\/wp\/v2\/posts"}],"about":[{"href":"https:\/\/cieldeguinee.net\/index.php\/wp-json\/wp\/v2\/types\/post"}],"author":[{"embeddable":true,"href":"https:\/\/cieldeguinee.net\/index.php\/wp-json\/wp\/v2\/users\/2"}],"replies":[{"embeddable":true,"href":"https:\/\/cieldeguinee.net\/index.php\/wp-json\/wp\/v2\/comments?post=547"}],"version-history":[{"count":0,"href":"https:\/\/cieldeguinee.net\/index.php\/wp-json\/wp\/v2\/posts\/547\/revisions"}],"wp:featuredmedia":[{"embeddable":true,"href":"https:\/\/cieldeguinee.net\/index.php\/wp-json\/wp\/v2\/media\/548"}],"wp:attachment":[{"href":"https:\/\/cieldeguinee.net\/index.php\/wp-json\/wp\/v2\/media?parent=547"}],"wp:term":[{"taxonomy":"category","embeddable":true,"href":"https:\/\/cieldeguinee.net\/index.php\/wp-json\/wp\/v2\/categories?post=547"},{"taxonomy":"post_tag","embeddable":true,"href":"https:\/\/cieldeguinee.net\/index.php\/wp-json\/wp\/v2\/tags?post=547"}],"curies":[{"name":"wp","href":"https:\/\/api.w.org\/{rel}","templated":true}]}}