{"id":696,"date":"2023-12-29T01:48:15","date_gmt":"2023-12-29T00:48:15","guid":{"rendered":"https:\/\/cieldeguinee.net\/?p=696"},"modified":"2023-12-29T02:02:36","modified_gmt":"2023-12-29T01:02:36","slug":"drame-a-kaloum-le-gouvernement-encourage-et-felicite-lequipe-de-coordination-de-laction-humanitaire","status":"publish","type":"post","link":"https:\/\/cieldeguinee.net\/index.php\/drame-a-kaloum-le-gouvernement-encourage-et-felicite-lequipe-de-coordination-de-laction-humanitaire\/","title":{"rendered":"Drame \u00e0 Kaloum: le gouvernement encourage et f\u00e9licite les \u00e9quipes de Coordination de l\u2019action humanitaire."},"content":{"rendered":"<p>Ce jeudi, 28 d\u00e9cembre 2023, l\u2019\u00e9quipe de coordination de l\u2019action humanitaire du c\u00f4t\u00e9 du stade du 28 septembre a re\u00e7u une d\u00e9l\u00e9gation gouvernementale, compos\u00e9e du ministre Mory Cond\u00e9 de l\u2019Administration du territoire mais aussi du porte-parole du gouvernement le ministre Ousmane Gaoual Diallo et d\u2019autres cadres des deux d\u00e9partements minist\u00e9riels.<\/p>\n<p>Dans sa communication de circonstance, Mory Cond\u00e9 de l\u2019administration a mis en avant la satisfaction du gouvernement par rapport au travail abattu par les \u00e9quipes de coordination de l\u2019action humanitaire depuis le d\u00e9clenchement de cette situation malheureuse.<\/p>\n<p>\u00ab Ce matin, on \u00e9tait venu rencontrer les \u00e9quipes bas\u00e9es au stade de 28 septembre. Au nom de l\u2019ensemble des membres du gouvernement, du premier ministre et le coordinateur de la cellule de crise qui est le ministre de la s\u00e9curit\u00e9, pour t\u00e9moigner toute notre satisfaction \u00e0 ses \u00e9quipes, surtout nos partenaires techniques et financiers mobilis\u00e9s \u00e0 leurs c\u00f4t\u00e9s, pour appuyer le travail de ses \u00e9quipes, afin de pouvoir apporter tout le soutien aux m\u00e9nages sinistr\u00e9s. Donc, notre pr\u00e9sence ici, est de les signifier toute la satisfaction du gouvernement et \u00e9galement leur t\u00e9moigner notre solidarit\u00e9, mais aussi les inviter \u00e0 travailler dans ce sens, pour que les familles qui ont \u00e9t\u00e9 durement \u00e9prouv\u00e9es par ses \u00e9preuves du 17 au 18 d\u00e9cembre dans la commune de Kaloum, puissent \u00eatre prises en charge en toute dignit\u00e9 \u00bb, a laiss\u00e9 entendre le ministre Mory Cond\u00e9.<\/p>\n<p>Et de poursuivre en ces termes, \u00abNous avons \u00e9galement fait passer le message du premier ministre qui, dans le cadre des poursuites des op\u00e9rations d\u2019assistance \u00e0 ses sinistr\u00e9s, souhaite que l\u2019ensemble des indicateurs concernant ces m\u00e9nages puissent \u00eatre pris en compte, \u00e0 travers des \u00e9tudes qui vont \u00eatre \u00e9labor\u00e9es par ces \u00e9quipes \u00bb, a d\u00e9clar\u00e9 le num\u00e9ro 1 du d\u00e9partement de l\u2019administration du territoire et de la d\u00e9centralisation.<\/p>\n<p>Sana Sylla.<\/p>\n<p>&nbsp;<\/p>\n","protected":false},"excerpt":{"rendered":"<p>Ce jeudi, 28 d\u00e9cembre 2023, l\u2019\u00e9quipe de coordination de l\u2019action humanitaire du c\u00f4t\u00e9 du stade du 28 septembre a re\u00e7u une d\u00e9l\u00e9gation gouvernementale, compos\u00e9e du ministre Mory Cond\u00e9 de l\u2019Administration du territoire mais aussi du porte-parole du gouvernement le ministre Ousmane Gaoual Diallo et d\u2019autres cadres des deux d\u00e9partements minist\u00e9riels. Dans sa communication de circonstance, [&hellip;]<\/p>\n","protected":false},"author":2,"featured_media":697,"comment_status":"open","ping_status":"open","sticky":false,"template":"","format":"standard","meta":{"footnotes":""},"categories":[3],"tags":[],"class_list":{"0":"post-696","1":"post","2":"type-post","3":"status-publish","4":"format-standard","5":"has-post-thumbnail","7":"category-politique"},"jetpack_featured_media_url":"https:\/\/cieldeguinee.net\/wp-content\/uploads\/2023\/12\/mory.jpg","_links":{"self":[{"href":"https:\/\/cieldeguinee.net\/index.php\/wp-json\/wp\/v2\/posts\/696","targetHints":{"allow":["GET"]}}],"collection":[{"href":"https:\/\/cieldeguinee.net\/index.php\/wp-json\/wp\/v2\/posts"}],"about":[{"href":"https:\/\/cieldeguinee.net\/index.php\/wp-json\/wp\/v2\/types\/post"}],"author":[{"embeddable":true,"href":"https:\/\/cieldeguinee.net\/index.php\/wp-json\/wp\/v2\/users\/2"}],"replies":[{"embeddable":true,"href":"https:\/\/cieldeguinee.net\/index.php\/wp-json\/wp\/v2\/comments?post=696"}],"version-history":[{"count":0,"href":"https:\/\/cieldeguinee.net\/index.php\/wp-json\/wp\/v2\/posts\/696\/revisions"}],"wp:featuredmedia":[{"embeddable":true,"href":"https:\/\/cieldeguinee.net\/index.php\/wp-json\/wp\/v2\/media\/697"}],"wp:attachment":[{"href":"https:\/\/cieldeguinee.net\/index.php\/wp-json\/wp\/v2\/media?parent=696"}],"wp:term":[{"taxonomy":"category","embeddable":true,"href":"https:\/\/cieldeguinee.net\/index.php\/wp-json\/wp\/v2\/categories?post=696"},{"taxonomy":"post_tag","embeddable":true,"href":"https:\/\/cieldeguinee.net\/index.php\/wp-json\/wp\/v2\/tags?post=696"}],"curies":[{"name":"wp","href":"https:\/\/api.w.org\/{rel}","templated":true}]}}