{"id":700,"date":"2023-12-29T02:00:50","date_gmt":"2023-12-29T01:00:50","guid":{"rendered":"https:\/\/cieldeguinee.net\/?p=700"},"modified":"2023-12-29T02:00:50","modified_gmt":"2023-12-29T01:00:50","slug":"decrispation-de-la-crise-socio-politique-en-guinee-le-parti-bag-appelle-a-un-pacte-commun-pour-la-paix-et-lunite","status":"publish","type":"post","link":"https:\/\/cieldeguinee.net\/index.php\/decrispation-de-la-crise-socio-politique-en-guinee-le-parti-bag-appelle-a-un-pacte-commun-pour-la-paix-et-lunite\/","title":{"rendered":"D\u00e9crispation de la crise socio-politique en Guin\u00e9e : le parti BAG appelle \u00e0 un pacte commun pour la paix et l\u2019unit\u00e9"},"content":{"rendered":"<p>Chers compatriotes,<\/p>\n<p>Apr\u00e8s l\u2019explosion d\u00e9vastatrice du d\u00e9p\u00f4t de carburant de Conakry, notre pays se trouve \u00e0 la crois\u00e9e des chemins. Cette trag\u00e9die a laiss\u00e9 une trace de d\u00e9solation qui a affect\u00e9 dangereusement, et peut \u00eatre durablement, la vie de tant de nos compatriotes. Peut-on d\u00e9nombrer \u00e0 cet instant, le nombre de personnes qui ont d\u00fb abandonner leur paisible habitation dans ce quartier de Coronthie, et plus g\u00e9n\u00e9ralement \u00e0 Kaloum. Ces compatriotes, sous l\u2019effet de l\u2019explosion, \u00e9taient forc\u00e9s d\u2019abandonner, dans les profondeurs de la nuit, leur domicile. Certaines victimes dont des enfants mineurs qui ont vu leurs parents dans les flammes ne se remettront pas si t\u00f4t de ces trag\u00e9dies ;<\/p>\n<p>Certes ces \u00e9v\u00e8nements laisseront des cicatrices ind\u00e9l\u00e9biles dans notre conscience collective. Mais, au milieu de ce deuil, l\u2019occasion nous est offerte de nous relever de ces cendres et de nous engager sur une nouvelle voie, vers un avenir inclusif, prosp\u00e8re et plus juste.<\/p>\n<p>Le temps des r\u00e9criminations et des accusations doit \u00eatre r\u00e9volu ; celui de se taper dessus et s\u2019infliger des douleurs et des pertes, entre nous Guin\u00e9ens, doit \u00eatre suspendu en ces moments de souffrance collective. Le moment est venu d\u2019agir ensemble, de s\u2019entraider et de placer les besoins de notre peuple au-dessus de tout le reste.<\/p>\n<p>Nous appelons de tout c\u0153ur le CNRD et le pr\u00e9sident de la transition, d\u2019entamer un processus de communication et d\u2019\u00e9changes pacifiques avec tous les acteurs du pays, pour la construction d\u2019UN PACTE d\u2019UNITE inclusif, d\u2019entraide et de solidarit\u00e9. Cette solidarit\u00e9 pr\u00f4n\u00e9e par notre devise (Travail-Justice-Solidarit\u00e9) devra d\u00e9sormais \u00eatre le vecteur catalyseur de notre volont\u00e9 de conduire tous ensemble, notre pays vers la stabilit\u00e9 p\u00e9renne.<\/p>\n<p>Dans le cadre de ce pacte, nous invitons tous les acteurs du pays, \u00e0 se concentrer sur les t\u00e2ches urgentes suivantes :<\/p>\n<p>&#8211; Une aide imm\u00e9diate pour les personnes directement touch\u00e9es par la catastrophe et leur fournir le soutien financier et mat\u00e9riel dont elles ont d\u00e9sesp\u00e9r\u00e9ment besoin;<\/p>\n<p>\u2013 Ces mesures nationales de compassion, de solidarit\u00e9 (d\u2019aide morale et mat\u00e9rielle) ne doivent pas concerner que les seules victimes de l\u2019incendie \u00e0 Kaloum, qui se chiffrent officiellement \u00e0 une vingtaine de morts et quelques 200bless\u00e9s. Elles doivent \u00eatre \u00e9largies aux victimes indirectes, qui ont subi les effets collat\u00e9raux de ces \u00e9v\u00e8nements et qui parfois ont beaucoup voire, tout perdu.<\/p>\n<p>\u2013 Des mesures \u00e0 court terme devront \u00eatre \u00e9labor\u00e9es et mises en \u0153uvre afin de relancer notre \u00e9conomie et d\u2019att\u00e9nuer les difficult\u00e9s sociales qui affligent notre pays depuis trop longtemps ;<\/p>\n<p>\u2013 Une feuille de route claire devra \u00eatre \u00e9tablie pour d\u00e9terminer l\u2019AGENCEMENT des op\u00e9rations de relance de l\u2019\u00e9conomie nationale fortement impact\u00e9e par ces incendies, et la tenue d\u2019\u00e9lections d\u00e9mocratiques, garantissant que les voix de notre peuple seront entendues et sa volont\u00e9 respect\u00e9e.<\/p>\n<p>Un tel pacte cr\u00e9era un environnement s\u00fbr pour les aides et investissements \u00e9trangers, attirant les capitaux et le savoir-faire, afin de stimuler notre croissance \u00e9conomique et de cr\u00e9er des opportunit\u00e9s pour tous les Guin\u00e9ens.<\/p>\n<p>Ce pacte n\u2019est pas une simple concession politique, mais l\u2019expression de notre d\u00e9sir collectif d\u2019un avenir meilleur, un avenir o\u00f9 l\u2019esprit de r\u00e9silience et d\u2019unit\u00e9 triomphera de l\u2019adversit\u00e9. Moi, Sadio Barry, en tant que citoyen guin\u00e9en, je suis pr\u00eat \u00e0 collaborer avec toutes les forces sociopolitiques du pays et nos concitoyens pour faire de cette vision une r\u00e9alit\u00e9.<\/p>\n<p>Je demande au peuple de Guin\u00e9e de se joindre \u00e0 mon appel \u00e0 la paixet \u00e0 la r\u00e9conciliation. Je lance un appel aux mouvements de jeunes et aux parents d\u2019\u0153uvrer pour que des manifestations fantaisistes cessent sur l\u2019AXE LE PRINCE pour le moindre incident. Ces manifestations parfois spontan\u00e9es malheureusement poussent les Autorit\u00e9s \u00e0 bout, rendent la vie difficile aux paisibles citoyens habitants dans la zone du corridor.<\/p>\n<p>Mettons de c\u00f4t\u00e9 nos diff\u00e9rences, unissons nos valeurs et unissons-nous sous la banni\u00e8re d\u2019un destin commun ! Montrons que la Guin\u00e9e est une nation forte et r\u00e9siliente, d\u00e9termin\u00e9e \u00e0 rena\u00eetre de ses cendres et \u00e0 reprendre la place qui lui revient sur la sc\u00e8ne internationale ! Le chemin \u00e0 parcourir est peut-\u00eatre difficile, mais nous pouvons surmonter tous les obstacles ensemble. L\u2019esprit de la Guin\u00e9e est intact, sa r\u00e9silience est in\u00e9branlable. Rallumons la flamme de l\u2019espoir et de la d\u00e9termination qui a toujours \u00e9t\u00e9 au c\u0153ur de notre nation.<\/p>\n<p>Ensemble, nous reconstruirons notre pays \u00e0 partir des d\u00e9combres physiques de la catastrophe, mais aussi des profondeurs de notre esprit collectif. Nous en sortirons plus forts, plus unis et plus d\u00e9termin\u00e9s \u00e0 b\u00e2tir une Guin\u00e9e prosp\u00e8re, juste et r\u00e9ellement repr\u00e9sentative de son peuple.<\/p>\n<p>En attendant l\u2019avis du Gouvernement sur ce projet, le B.A.G envisage la mise en place, d\u00e8s la semaine prochaine, d\u2019une station humanitaire \u00e0 Conakry sur le site qui nous sera indiqu\u00e9 par les autorit\u00e9s pour fournir des denr\u00e9es alimentaires et de l\u2019eau aux personnes dans le besoin, des habits et chaussures pour ceux qui ont perdu tous leurs biens dans l\u2019incendie etc.<\/p>\n<p>Avec une foi in\u00e9branlable dans le potentiel de notre nation et le soutien inestimable de nos amis, Ensemble, dans la concorde et la solidarit\u00e9, nous rel\u00e8verons tout d\u00e9fi.<\/p>\n<p>Abdoulaye Sadio BARRY,<\/p>\n<p>Pr\u00e9sident du parti Bloc pour l\u2019Alternance en Guin\u00e9e (B.A.G),<\/p>\n<p>E-Mail : sadio.barry@guineepresse.info<\/p>\n","protected":false},"excerpt":{"rendered":"<p>Chers compatriotes, Apr\u00e8s l\u2019explosion d\u00e9vastatrice du d\u00e9p\u00f4t de carburant de Conakry, notre pays se trouve \u00e0 la crois\u00e9e des chemins. Cette trag\u00e9die a laiss\u00e9 une trace de d\u00e9solation qui a affect\u00e9 dangereusement, et peut \u00eatre durablement, la vie de tant de nos compatriotes. Peut-on d\u00e9nombrer \u00e0 cet instant, le nombre de personnes qui ont d\u00fb [&hellip;]<\/p>\n","protected":false},"author":2,"featured_media":701,"comment_status":"open","ping_status":"open","sticky":false,"template":"","format":"standard","meta":{"footnotes":""},"categories":[3],"tags":[],"class_list":{"0":"post-700","1":"post","2":"type-post","3":"status-publish","4":"format-standard","5":"has-post-thumbnail","7":"category-politique"},"jetpack_featured_media_url":"https:\/\/cieldeguinee.net\/wp-content\/uploads\/2023\/12\/barry-politique.jpeg","_links":{"self":[{"href":"https:\/\/cieldeguinee.net\/index.php\/wp-json\/wp\/v2\/posts\/700","targetHints":{"allow":["GET"]}}],"collection":[{"href":"https:\/\/cieldeguinee.net\/index.php\/wp-json\/wp\/v2\/posts"}],"about":[{"href":"https:\/\/cieldeguinee.net\/index.php\/wp-json\/wp\/v2\/types\/post"}],"author":[{"embeddable":true,"href":"https:\/\/cieldeguinee.net\/index.php\/wp-json\/wp\/v2\/users\/2"}],"replies":[{"embeddable":true,"href":"https:\/\/cieldeguinee.net\/index.php\/wp-json\/wp\/v2\/comments?post=700"}],"version-history":[{"count":0,"href":"https:\/\/cieldeguinee.net\/index.php\/wp-json\/wp\/v2\/posts\/700\/revisions"}],"wp:featuredmedia":[{"embeddable":true,"href":"https:\/\/cieldeguinee.net\/index.php\/wp-json\/wp\/v2\/media\/701"}],"wp:attachment":[{"href":"https:\/\/cieldeguinee.net\/index.php\/wp-json\/wp\/v2\/media?parent=700"}],"wp:term":[{"taxonomy":"category","embeddable":true,"href":"https:\/\/cieldeguinee.net\/index.php\/wp-json\/wp\/v2\/categories?post=700"},{"taxonomy":"post_tag","embeddable":true,"href":"https:\/\/cieldeguinee.net\/index.php\/wp-json\/wp\/v2\/tags?post=700"}],"curies":[{"name":"wp","href":"https:\/\/api.w.org\/{rel}","templated":true}]}}