{"id":739,"date":"2024-01-14T14:07:09","date_gmt":"2024-01-14T13:07:09","guid":{"rendered":"https:\/\/cieldeguinee.net\/?p=739"},"modified":"2024-01-14T14:07:09","modified_gmt":"2024-01-14T13:07:09","slug":"can-cote-divoire-2023-seko-fofana-premier-buteur-de-la-competition-portrait","status":"publish","type":"post","link":"https:\/\/cieldeguinee.net\/index.php\/can-cote-divoire-2023-seko-fofana-premier-buteur-de-la-competition-portrait\/","title":{"rendered":"CAN C\u00f4te d&rsquo;Ivoire 2023: S\u00e9ko Fofana, premier buteur de la comp\u00e9tition (Portrait)"},"content":{"rendered":"<div><span style=\"font-size: x-large\">Pays h\u00f4te de cette Coupe d\u2019Afrique des Nations, la C\u00f4te d&rsquo;Ivoire a lanc\u00e9, ce samedi 13 janvier 2024, au stade Alassane Ouattara d&rsquo;Ebimp\u00e9, sa comp\u00e9tition par une victoire (2-0) face \u00e0 la Guin\u00e9e-Bissau avec un somptueux but matinal de S\u00e9ko Fofana (4\u00e8).<\/span><\/div>\n<div><span style=\"font-size: x-large\">\u00a0<\/span><\/div>\n<div><span style=\"font-size: x-large\">Comme Tia Koffi L\u00e9onard bien servi par Gu\u00e9d\u00e9 Akenon, il y a 40 ans, qui a marqu\u00e9 le premier but des El\u00e9phants pour le match d&rsquo;ouverture lors de la CAN \u00e0 domicile, le 4 mars 1984, contre le Togo battu 3-0 au stade Houphou\u00ebt-Boigny archi-comble, pour cette premi\u00e8re CAN \u00e0 la maison, S\u00e9ko Fofana a imit\u00e9 son devancier.<\/span><\/div>\n<div><\/div>\n<div><span style=\"font-size: x-large\">Lanc\u00e9 par son capitaine Franck Kessi\u00e9 \u00e0 l\u2019entr\u00e9e de la surface de r\u00e9paration, le milieu ivoirien fixe son adversaire, l\u2019\u00e9limine d\u2019un crochet ext\u00e9rieur du pied droit et propulse le ballon d\u2019une frappe envelopp\u00e9e qui trouve le petit filet d&rsquo;Ouparine Djoco. Un merveilleux but salu\u00e9 par les 60.000 spectateurs du stade Alassane Ouattara d&rsquo;Ebimp\u00e9.<\/span><\/div>\n<div><span style=\"font-size: x-large\">\u00a0<\/span><\/div>\n<div><span style=\"font-size: x-large\">N\u00e9 de parents ivoiriens, le 7 mai 1995 \u00e0 Paris,\u00a0 Seko Fofana grandit dans le quartier des Rigoles dans le 20e arrondissement de Paris. Son premier club formateur est le \u00a0\u00bble Paris FC\u00a0\u00bb avec lequel il joue d\u00e8s l&rsquo;\u00e2ge de 9 ans.<\/span><\/div>\n<div><span style=\"font-size: x-large\">\u00a0<\/span><\/div>\n<div>\n<div><span style=\"font-size: x-large\">Apr\u00e8s avoir \u00e9volu\u00e9 au sein de toutes les s\u00e9lections de jeunes de l&rsquo;\u00e9quipe de France de football (U16, U17, U18 et U19), entre 2010 et 2014, le soci\u00e9taire d&rsquo;Al-Nasser Football Club en Arabie Saoudite, apr\u00e8s trois excellentes saisons au FC Lens en France (2020-2023), choisit de jouer en s\u00e9lection A de C\u00f4te d&rsquo;Ivoire.\u00a0<\/span><\/div>\n<div><span style=\"font-size: x-large\">\u00a0<\/span><\/div>\n<div><span style=\"font-size: x-large\">Il dispute son premier match avec les El\u00e9phants le 11 novembre 2017 face au Maroc (0-2). S\u00e9ko inscrit son premier but international le 10 septembre 2019 face \u00e0 la Tunisie en match amical pour un succ\u00e8s 2-1 pour les Ivoiriens.<\/span><\/div>\n<div><\/div>\n<div><span style=\"font-size: x-large\">Avec son 1,85 m, S\u00e9ko est dot\u00e9 d&rsquo;une puissance de frappe du pied droit extraordinaire. Technique, travailleur infatigable, l&rsquo;ex-soci\u00e9taire lensois est l&rsquo;inspirateur du jeu des \u00c9l\u00e9phants de C\u00f4te d&rsquo;Ivoire qui donne le tempo avec son intelligence du jeu et sa clairvoyance.<\/span><\/div>\n<div><span style=\"font-size: x-large\">\u00a0<\/span><\/div>\n<div><span style=\"font-size: x-large\">Palmar\u00e8s<\/span><\/div>\n<div><span style=\"font-size: x-large\">\u00a0<\/span><\/div>\n<div><span style=\"font-size: x-large\">-Trop\u00e9e du joueur du mois UNFP en septembre 2021.<\/span><\/div>\n<div><span style=\"font-size: x-large\">-Elu dans l&rsquo;\u00e9quipe-type de la Ligue 1 lors des Troph\u00e9es UNFP 2022 et 2023.<\/span><\/div>\n<div><span style=\"font-size: x-large\">-Prix Marc-Vivien Fo\u00e9 du meilleur joueur africain de Ligue 1 de la saison 2021-2022.<\/span><\/div>\n<\/div>\n<div>Source: www,ivoirmatin,com<\/div>\n","protected":false},"excerpt":{"rendered":"<p>Pays h\u00f4te de cette Coupe d\u2019Afrique des Nations, la C\u00f4te d&rsquo;Ivoire a lanc\u00e9, ce samedi 13 janvier 2024, au stade Alassane Ouattara d&rsquo;Ebimp\u00e9, sa comp\u00e9tition par une victoire (2-0) face \u00e0 la Guin\u00e9e-Bissau avec un somptueux but matinal de S\u00e9ko Fofana (4\u00e8). \u00a0 Comme Tia Koffi L\u00e9onard bien servi par Gu\u00e9d\u00e9 Akenon, il y a [&hellip;]<\/p>\n","protected":false},"author":2,"featured_media":740,"comment_status":"open","ping_status":"open","sticky":false,"template":"","format":"standard","meta":{"footnotes":""},"categories":[6],"tags":[],"class_list":{"0":"post-739","1":"post","2":"type-post","3":"status-publish","4":"format-standard","5":"has-post-thumbnail","7":"category-international"},"jetpack_featured_media_url":"https:\/\/cieldeguinee.net\/wp-content\/uploads\/2024\/01\/cote.jpg","_links":{"self":[{"href":"https:\/\/cieldeguinee.net\/index.php\/wp-json\/wp\/v2\/posts\/739","targetHints":{"allow":["GET"]}}],"collection":[{"href":"https:\/\/cieldeguinee.net\/index.php\/wp-json\/wp\/v2\/posts"}],"about":[{"href":"https:\/\/cieldeguinee.net\/index.php\/wp-json\/wp\/v2\/types\/post"}],"author":[{"embeddable":true,"href":"https:\/\/cieldeguinee.net\/index.php\/wp-json\/wp\/v2\/users\/2"}],"replies":[{"embeddable":true,"href":"https:\/\/cieldeguinee.net\/index.php\/wp-json\/wp\/v2\/comments?post=739"}],"version-history":[{"count":0,"href":"https:\/\/cieldeguinee.net\/index.php\/wp-json\/wp\/v2\/posts\/739\/revisions"}],"wp:featuredmedia":[{"embeddable":true,"href":"https:\/\/cieldeguinee.net\/index.php\/wp-json\/wp\/v2\/media\/740"}],"wp:attachment":[{"href":"https:\/\/cieldeguinee.net\/index.php\/wp-json\/wp\/v2\/media?parent=739"}],"wp:term":[{"taxonomy":"category","embeddable":true,"href":"https:\/\/cieldeguinee.net\/index.php\/wp-json\/wp\/v2\/categories?post=739"},{"taxonomy":"post_tag","embeddable":true,"href":"https:\/\/cieldeguinee.net\/index.php\/wp-json\/wp\/v2\/tags?post=739"}],"curies":[{"name":"wp","href":"https:\/\/api.w.org\/{rel}","templated":true}]}}