{"id":766,"date":"2024-01-18T17:13:49","date_gmt":"2024-01-18T16:13:49","guid":{"rendered":"https:\/\/cieldeguinee.net\/?p=766"},"modified":"2024-01-18T17:13:49","modified_gmt":"2024-01-18T16:13:49","slug":"installation-du-nouveau-president-de-la-crief-le-rappel-a-lordre-de-charles-wrigth-au-procureur-special-de-la-crief","status":"publish","type":"post","link":"https:\/\/cieldeguinee.net\/index.php\/installation-du-nouveau-president-de-la-crief-le-rappel-a-lordre-de-charles-wrigth-au-procureur-special-de-la-crief\/","title":{"rendered":"Installation du nouveau pr\u00e9sident de la CRIEF: le rappel \u00e0 l&rsquo;ordre de Charles Wrigth au Procureur Sp\u00e9cial de la CRIEF!"},"content":{"rendered":"<p>A l&rsquo;accasion de l&rsquo;installation de Monsieur Francis Kova Zoumanigui dans ses fonctions du nouveau pr\u00e9sident de la Cour de r\u00e9pression des infractions \u00e9conomiques et financi\u00e8re(CRIEF), le ministre de la Justice et Droits de l&rsquo;Homme, Garde des Sceaux Alphonse Charles Wrigth a tenu ses propos sur un ton dur \u00e0 l&rsquo;endroit des magistrats\u00a0 de cette institution. Ce pamphlet \u00e9tait exclusivement\u00a0 dirig\u00e9 contre le procureur sp\u00e9cial Monsieur Aly Tour\u00e9.<\/p>\n<p><strong>\u00ab Monsieur le procureur sp\u00e9cial, combien de fois j\u2019ai \u00e9t\u00e9 saisi pour me dire de vous suspendre. Quand je vous regarde Monsieur Aly Tour\u00e9 quand vous faillissez, au regard de la loi je ne vous tol\u00e9rerai pas. Mais tant que vous continuez vous avez tout mon soutien. Vous savez que moi je ne fais pas la langue de bois. Ce qui est important \u00e0 rappeler ce qui constitue d\u2019ailleurs une d\u00e9ception totale du peuple de Guin\u00e9e qui d\u2019ailleurs est all\u00e9 jusqu\u2019\u00e0 dire \u00e0 quoi sert la CRIEF aujourd\u2019hui ? Cette question est pos\u00e9e par le peuple de Guin\u00e9e \u00bb, <\/strong>a laiss\u00e9 entendre le ministre de la justice guin\u00e9enne lors de la c\u00e9r\u00e9monie de passation de service hier mercredi 17 janvier 2024.<\/p>\n<p>Tamba Oular\u00e9, pour Cieldeguinee, net<\/p>\n","protected":false},"excerpt":{"rendered":"<p>A l&rsquo;accasion de l&rsquo;installation de Monsieur Francis Kova Zoumanigui dans ses fonctions du nouveau pr\u00e9sident de la Cour de r\u00e9pression des infractions \u00e9conomiques et financi\u00e8re(CRIEF), le ministre de la Justice et Droits de l&rsquo;Homme, Garde des Sceaux Alphonse Charles Wrigth a tenu ses propos sur un ton dur \u00e0 l&rsquo;endroit des magistrats\u00a0 de cette institution. [&hellip;]<\/p>\n","protected":false},"author":2,"featured_media":767,"comment_status":"open","ping_status":"open","sticky":false,"template":"","format":"standard","meta":{"footnotes":""},"categories":[3],"tags":[],"class_list":{"0":"post-766","1":"post","2":"type-post","3":"status-publish","4":"format-standard","5":"has-post-thumbnail","7":"category-politique"},"jetpack_featured_media_url":"https:\/\/cieldeguinee.net\/wp-content\/uploads\/2024\/01\/charles-rigth.jpg","_links":{"self":[{"href":"https:\/\/cieldeguinee.net\/index.php\/wp-json\/wp\/v2\/posts\/766","targetHints":{"allow":["GET"]}}],"collection":[{"href":"https:\/\/cieldeguinee.net\/index.php\/wp-json\/wp\/v2\/posts"}],"about":[{"href":"https:\/\/cieldeguinee.net\/index.php\/wp-json\/wp\/v2\/types\/post"}],"author":[{"embeddable":true,"href":"https:\/\/cieldeguinee.net\/index.php\/wp-json\/wp\/v2\/users\/2"}],"replies":[{"embeddable":true,"href":"https:\/\/cieldeguinee.net\/index.php\/wp-json\/wp\/v2\/comments?post=766"}],"version-history":[{"count":0,"href":"https:\/\/cieldeguinee.net\/index.php\/wp-json\/wp\/v2\/posts\/766\/revisions"}],"wp:featuredmedia":[{"embeddable":true,"href":"https:\/\/cieldeguinee.net\/index.php\/wp-json\/wp\/v2\/media\/767"}],"wp:attachment":[{"href":"https:\/\/cieldeguinee.net\/index.php\/wp-json\/wp\/v2\/media?parent=766"}],"wp:term":[{"taxonomy":"category","embeddable":true,"href":"https:\/\/cieldeguinee.net\/index.php\/wp-json\/wp\/v2\/categories?post=766"},{"taxonomy":"post_tag","embeddable":true,"href":"https:\/\/cieldeguinee.net\/index.php\/wp-json\/wp\/v2\/tags?post=766"}],"curies":[{"name":"wp","href":"https:\/\/api.w.org\/{rel}","templated":true}]}}