{"id":789,"date":"2024-01-21T16:24:13","date_gmt":"2024-01-21T15:24:13","guid":{"rendered":"https:\/\/cieldeguinee.net\/?p=789"},"modified":"2024-01-21T16:24:13","modified_gmt":"2024-01-21T15:24:13","slug":"karim-wade-ecarte-il-nexiste-aucune-voie-de-recours-dapres-me-pape-sene","status":"publish","type":"post","link":"https:\/\/cieldeguinee.net\/index.php\/karim-wade-ecarte-il-nexiste-aucune-voie-de-recours-dapres-me-pape-sene\/","title":{"rendered":"Karim Wade \u00e9cart\u00e9 : \u00ab\u00a0Il n\u2019existe aucune voie de recours\u00a0\u00bb, d\u2019apr\u00e8s Me Pape S\u00e8ne"},"content":{"rendered":"<p>Karim Wade ne participera pas \u00e0 l\u2019\u00e9lection pr\u00e9sidentielle du 25 f\u00e9vrier prochain. Sa candidature a \u00e9t\u00e9 rejet\u00e9e par le Conseil constitutionnel, apr\u00e8s avoir soulign\u00e9 le fait que le d\u00e9cret ent\u00e9rinant sa renonciation \u00e0 la nationalit\u00e9 fran\u00e7aise \u00e9tait post\u00e9rieur \u00e0 sa d\u00e9claration sur l\u2019honneur figurant dans son dossier de candidature.<\/p>\n<div><span style=\"font-size: x-large\">Le fils de l\u2019ancien pr\u00e9sident Abdoulaye Wade a toutefois promis de saisir les juridictions internationales. Un combat qui semble \u00eatre perdu d\u2019avance.\u00a0<\/span><\/div>\n<div><span style=\"font-size: x-large\">\u00a0<\/span><\/div>\n<div><span style=\"font-size: x-large\">Invit\u00e9 de l\u2019\u00e9mission \u00ab\u00a0Grand Jury\u00a0\u00bb de la RFM de ce dimanche, Maitre Pape S\u00e8ne a fait savoir que \u00ab la d\u00e9cision du Conseil constitutionnel qui a \u00e9t\u00e9 rendu et qui proclame la liste d\u00e9finitive des candidats n\u2019est susceptible d\u2019aucune voie de recours \u00bb.\u00a0<\/span><\/div>\n<div><span style=\"font-size: x-large\">\u00a0<\/span><\/div>\n<div><span style=\"font-size: x-large\">Il s\u2019agit, d\u2019apr\u00e8s l&rsquo;avocat, des \u00ab dispositions de l\u2019article 92 alin\u00e9a 5 de la Constitution \u00bb. Et que l\u2019\u00e9tape de la liste provisoire est aujourd\u2019hui \u00ab d\u00e9pass\u00e9e \u00bb. Autrement dit : la liste publi\u00e9e est d\u00e9finitive.<\/span><\/div>\n<div><span style=\"font-size: x-large\">\u00a0<\/span><\/div>\n<div><span style=\"font-size: x-large\">Dans le m\u00eame sillage, Me S\u00e8ne a salu\u00e9 \u00ab la bonne sant\u00e9 de notre d\u00e9mocratie, l\u2019\u00e9volution de notre d\u00e9mocratie qui fait qui a fait qu\u2019aujourd\u2019hui, le S\u00e9n\u00e9gal se retrouve avec une vingtaine de candidats \u00bb. Une premi\u00e8re dans \u00ab l\u2019histoire institutionnelle du pays et politique du S\u00e9n\u00e9gal \u00bb.\u00a0<\/span><\/div>\n<div><span style=\"font-size: x-large\">Ce qui r\u00e9v\u00e8le, selon lui, \u00ab la maturit\u00e9 des acteurs politiques \u00bb, mais aussi celle de la population s\u00e9n\u00e9galaise. Ma\u00eetre Pape S\u00e8ne estime \u00ab qu\u2019aujourd\u2019hui, le S\u00e9n\u00e9gal a encore montr\u00e9 \u00e0 la face du monde qu\u2019il est une grande d\u00e9mocratie, que l\u2019Etat de droit est une r\u00e9alit\u00e9 \u00bb.\u00a0\u00a0 \u00a0<\/span><\/div>\n<div>Source: seneweb,com<\/div>\n","protected":false},"excerpt":{"rendered":"<p>Karim Wade ne participera pas \u00e0 l\u2019\u00e9lection pr\u00e9sidentielle du 25 f\u00e9vrier prochain. Sa candidature a \u00e9t\u00e9 rejet\u00e9e par le Conseil constitutionnel, apr\u00e8s avoir soulign\u00e9 le fait que le d\u00e9cret ent\u00e9rinant sa renonciation \u00e0 la nationalit\u00e9 fran\u00e7aise \u00e9tait post\u00e9rieur \u00e0 sa d\u00e9claration sur l\u2019honneur figurant dans son dossier de candidature. Le fils de l\u2019ancien pr\u00e9sident Abdoulaye [&hellip;]<\/p>\n","protected":false},"author":2,"featured_media":790,"comment_status":"open","ping_status":"open","sticky":false,"template":"","format":"standard","meta":{"footnotes":""},"categories":[6],"tags":[],"class_list":{"0":"post-789","1":"post","2":"type-post","3":"status-publish","4":"format-standard","5":"has-post-thumbnail","7":"category-international"},"jetpack_featured_media_url":"https:\/\/cieldeguinee.net\/wp-content\/uploads\/2024\/01\/wade.jpeg","_links":{"self":[{"href":"https:\/\/cieldeguinee.net\/index.php\/wp-json\/wp\/v2\/posts\/789","targetHints":{"allow":["GET"]}}],"collection":[{"href":"https:\/\/cieldeguinee.net\/index.php\/wp-json\/wp\/v2\/posts"}],"about":[{"href":"https:\/\/cieldeguinee.net\/index.php\/wp-json\/wp\/v2\/types\/post"}],"author":[{"embeddable":true,"href":"https:\/\/cieldeguinee.net\/index.php\/wp-json\/wp\/v2\/users\/2"}],"replies":[{"embeddable":true,"href":"https:\/\/cieldeguinee.net\/index.php\/wp-json\/wp\/v2\/comments?post=789"}],"version-history":[{"count":0,"href":"https:\/\/cieldeguinee.net\/index.php\/wp-json\/wp\/v2\/posts\/789\/revisions"}],"wp:featuredmedia":[{"embeddable":true,"href":"https:\/\/cieldeguinee.net\/index.php\/wp-json\/wp\/v2\/media\/790"}],"wp:attachment":[{"href":"https:\/\/cieldeguinee.net\/index.php\/wp-json\/wp\/v2\/media?parent=789"}],"wp:term":[{"taxonomy":"category","embeddable":true,"href":"https:\/\/cieldeguinee.net\/index.php\/wp-json\/wp\/v2\/categories?post=789"},{"taxonomy":"post_tag","embeddable":true,"href":"https:\/\/cieldeguinee.net\/index.php\/wp-json\/wp\/v2\/tags?post=789"}],"curies":[{"name":"wp","href":"https:\/\/api.w.org\/{rel}","templated":true}]}}