{"id":812,"date":"2024-01-27T15:53:59","date_gmt":"2024-01-27T14:53:59","guid":{"rendered":"https:\/\/cieldeguinee.net\/?p=812"},"modified":"2024-01-27T15:53:59","modified_gmt":"2024-01-27T14:53:59","slug":"visite-de-travail-et-damitie-pour-cette-derniere-journee-le-chef-de-letat-inaugure-la-toute-premiere-ambassade-de-guinee-au-rwanda","status":"publish","type":"post","link":"https:\/\/cieldeguinee.net\/index.php\/visite-de-travail-et-damitie-pour-cette-derniere-journee-le-chef-de-letat-inaugure-la-toute-premiere-ambassade-de-guinee-au-rwanda\/","title":{"rendered":"Visite de travail et d\u2019amiti\u00e9 : pour cette derni\u00e8re journ\u00e9e, le Chef de l\u2019\u00c9tat inaugure la toute premi\u00e8re ambassade de Guin\u00e9e au Rwanda."},"content":{"rendered":"<p>Le Pr\u00e9sident de la R\u00e9publique, le G\u00e9n\u00e9ral de Corps d\u2019Arm\u00e9e Son Excellence Mamadi Doumbouya, a inaugur\u00e9 la premi\u00e8re ambassade de la R\u00e9publique de Guin\u00e9e au Rwanda, scellant ainsi les relations diplomatiques entre Kigali et Conakry.<\/p>\n<p>Situ\u00e9e dans le quartier hupp\u00e9 de Kacyiru, qui abrite la pr\u00e9sidence de la R\u00e9publique Rwandaise, la b\u00e2tisse flamboyante est d\u00e9sormais la maison de tous les ressortissants guin\u00e9ens au Rwanda et, par ricochet, de l\u2019Afrique de l\u2019Est.<\/p>\n<p>La c\u00e9r\u00e9monie d\u2019inauguration de la nouvelle ambassade de Guin\u00e9e au Rwanda a d\u00e9but\u00e9 par un geste symbolique du Pr\u00e9sident Mamadi Doumbouya et des membres de sa d\u00e9l\u00e9gation. En ce samedi d\u2019assainissement \u00e0 Kigali, ils ont chacun plant\u00e9 un arbre pour exprimer leur adh\u00e9sion \u00e0 la politique verte du gouvernement rwandais.<\/p>\n<p>Le porte-parole de la communaut\u00e9 guin\u00e9enne, qui a massivement effectu\u00e9 le d\u00e9placement, a salu\u00e9 dans son discours le Pr\u00e9sident de la R\u00e9publique pour l\u2019ouverture de l\u2019ambassade et les nombreux efforts de refondation entrepris sous son magist\u00e8re, dont les r\u00e9sultats sont perceptibles m\u00eame \u00e0 l\u2019\u00e9tranger. Par la suite, il a sollicit\u00e9 du Chef de l\u2019\u00c9tat un appui aux \u00e9tudiants guin\u00e9ens inscrits dans les universit\u00e9s rwandaises.<\/p>\n<p>Le Ministre des Affaires \u00e9trang\u00e8res de l\u2019Int\u00e9gration africaine et des Guin\u00e9ens \u00e9tablis \u00e0 l\u2019\u00e9tranger a soulign\u00e9 la vitalit\u00e9 de la diplomatie guin\u00e9enne, dont le Chef de l\u2019\u00c9tat est le premier acteur. Citant les exemples de la France et de la Belgique, le Dr Morissanda Kouyat\u00e9 a soulign\u00e9 que la vision du Pr\u00e9sident Mamadi Doumbouya s\u2019accomplit en termes d\u2019actes et de r\u00e9sultats, et que l\u2019ouverture de la nouvelle ambassade \u00e0 Kigali en moins de 10 mois en est la parfaite illustration.<\/p>\n<p>Le Ministre porte-parole du gouvernement, Ousmane Gaoual Diallo, dans son allocution, a exprim\u00e9 le souhait que la communaut\u00e9 guin\u00e9enne \u00e9tablie au Rwanda fasse de l\u2019unit\u00e9 et de la solidarit\u00e9 son d\u00e9nominateur commun.<\/p>\n<p>L\u2019ambassadeur de la R\u00e9publique de Guin\u00e9e au Rwanda, a remerci\u00e9 le Chef de l\u2019\u00c9tat pour sa nomination tout en le rassurant de son plein engagement \u00e0 \u00eatre \u00e0 la hauteur des missions qui lui ont \u00e9t\u00e9 assign\u00e9es. Monsieur Souma\u00efla Savan\u00e9 a ensuite r\u00e9it\u00e9r\u00e9 \u00e0 la communaut\u00e9 guin\u00e9enne sa pleine disponibilit\u00e9, pr\u00e9cisant que les portes de l\u2019ambassade leur sont enti\u00e8rement ouvertes.<\/p>\n<p>Pour conclure, le Pr\u00e9sident de la R\u00e9publique, qui avait \u00e0 ses c\u00f4t\u00e9s son \u00e9pouse, a demand\u00e9 \u00e0 ses compatriotes de respecter les r\u00e8gles et lois du pays h\u00f4te. S\u2019adressant au nouvel ambassadeur de la R\u00e9publique de Guin\u00e9e, le G\u00e9n\u00e9ral Mamadi Doumbouya a insist\u00e9 sur l\u2019imp\u00e9rieuse n\u00e9cessit\u00e9 d\u2019accompagner la communaut\u00e9 guin\u00e9enne au Rwanda et en Afrique de l\u2019Est, en mettant tout en \u0153uvre pour que chaque Guin\u00e9en soit en r\u00e8gle vis-\u00e0-vis de l\u2019administration des pays h\u00f4tes.<\/p>\n<p>La c\u00e9r\u00e9monie inaugurale de l\u2019ambassade de Guin\u00e9e au Rwanda s\u2019est conclue par une photo de famille dans une ambiance festive, en pr\u00e9sence des Ministres des Affaires \u00c9trang\u00e8res et de la Jeunesse du Rwanda.<\/p>\n<p>La d\u00e9l\u00e9gation pr\u00e9sidentielle a finalement pris la route de l\u2019a\u00e9roport international de Kigali, o\u00f9 Son Excellence le Pr\u00e9sident de la R\u00e9publique du Rwanda, Monsieur Paul Kagam\u00e9, et son \u00e9pouse ont raccompagn\u00e9 le couple pr\u00e9sidentiel guin\u00e9en au bas de la passerelle, dans une atmosph\u00e8re d\u00e9tendue, signe du succ\u00e8s de cette visite de travail et d\u2019amiti\u00e9.<\/p>\n<p>DCI-PRG<\/p>\n","protected":false},"excerpt":{"rendered":"<p>Le Pr\u00e9sident de la R\u00e9publique, le G\u00e9n\u00e9ral de Corps d\u2019Arm\u00e9e Son Excellence Mamadi Doumbouya, a inaugur\u00e9 la premi\u00e8re ambassade de la R\u00e9publique de Guin\u00e9e au Rwanda, scellant ainsi les relations diplomatiques entre Kigali et Conakry. Situ\u00e9e dans le quartier hupp\u00e9 de Kacyiru, qui abrite la pr\u00e9sidence de la R\u00e9publique Rwandaise, la b\u00e2tisse flamboyante est d\u00e9sormais [&hellip;]<\/p>\n","protected":false},"author":2,"featured_media":813,"comment_status":"open","ping_status":"open","sticky":false,"template":"","format":"standard","meta":{"footnotes":""},"categories":[6],"tags":[],"class_list":{"0":"post-812","1":"post","2":"type-post","3":"status-publish","4":"format-standard","5":"has-post-thumbnail","7":"category-international"},"jetpack_featured_media_url":"https:\/\/cieldeguinee.net\/wp-content\/uploads\/2024\/01\/WhatsApp-Image-2024-01-27-at-12.51.30-1600x900.jpeg.jpg","_links":{"self":[{"href":"https:\/\/cieldeguinee.net\/index.php\/wp-json\/wp\/v2\/posts\/812","targetHints":{"allow":["GET"]}}],"collection":[{"href":"https:\/\/cieldeguinee.net\/index.php\/wp-json\/wp\/v2\/posts"}],"about":[{"href":"https:\/\/cieldeguinee.net\/index.php\/wp-json\/wp\/v2\/types\/post"}],"author":[{"embeddable":true,"href":"https:\/\/cieldeguinee.net\/index.php\/wp-json\/wp\/v2\/users\/2"}],"replies":[{"embeddable":true,"href":"https:\/\/cieldeguinee.net\/index.php\/wp-json\/wp\/v2\/comments?post=812"}],"version-history":[{"count":0,"href":"https:\/\/cieldeguinee.net\/index.php\/wp-json\/wp\/v2\/posts\/812\/revisions"}],"wp:featuredmedia":[{"embeddable":true,"href":"https:\/\/cieldeguinee.net\/index.php\/wp-json\/wp\/v2\/media\/813"}],"wp:attachment":[{"href":"https:\/\/cieldeguinee.net\/index.php\/wp-json\/wp\/v2\/media?parent=812"}],"wp:term":[{"taxonomy":"category","embeddable":true,"href":"https:\/\/cieldeguinee.net\/index.php\/wp-json\/wp\/v2\/categories?post=812"},{"taxonomy":"post_tag","embeddable":true,"href":"https:\/\/cieldeguinee.net\/index.php\/wp-json\/wp\/v2\/tags?post=812"}],"curies":[{"name":"wp","href":"https:\/\/api.w.org\/{rel}","templated":true}]}}