{"id":840,"date":"2024-02-09T15:32:16","date_gmt":"2024-02-09T14:32:16","guid":{"rendered":"https:\/\/cieldeguinee.net\/?p=840"},"modified":"2024-02-09T15:32:16","modified_gmt":"2024-02-09T14:32:16","slug":"politique-aissata-tall-sall-sur-lemprisonnement-de-sonko-et-bassirou-diomaye-je-tiens-a-dire-que","status":"publish","type":"post","link":"https:\/\/cieldeguinee.net\/index.php\/politique-aissata-tall-sall-sur-lemprisonnement-de-sonko-et-bassirou-diomaye-je-tiens-a-dire-que\/","title":{"rendered":"Politique Aissata Tall Sall sur l&#8217;emprisonnement de Sonko et Bassirou Diomaye : \u00ab\u00a0Je tiens \u00e0 dire que\u2026\u00a0\u00bb"},"content":{"rendered":"<div><span style=\"font-size: x-large\">L&#8217;emprisonnement de Ousmane Sonko et de son candidat d\u00e9sign\u00e9 Bassirou Diomaye Faye remettent-ils en cause l&rsquo;ind\u00e9pendance de la justice s\u00e9n\u00e9galaise ? C&rsquo;est la question que Le Figaro a pos\u00e9 \u00e0 la ministre de la Justice et Garde des Sceaux, Aissata Tall Sall. Mais pour elle, Sonko n&rsquo;a pas \u00e9t\u00e9 emprisonn\u00e9 pour ses positions politiques.<\/span><\/div>\n<div><span style=\"font-size: x-large\">\u00a0<\/span><\/div>\n<div><span style=\"font-size: x-large\">\u00ab\u00a0L&#8217;emprisonnement de Ousmane Sonko et Bassirou Diomaye Faye ? Comme Abdoulaye Wade fut un temps incarc\u00e9r\u00e9. Puis ce sont les m\u00eames juges qui ont consacr\u00e9 plus tard sa victoire \u00e0 la pr\u00e9sidentielle. Et je tiens \u00e0 dire que tous ceux qui sont incarc\u00e9r\u00e9s le sont, non pas parce qu&rsquo;ils ont exprim\u00e9 une position politique mais pour des faits de droit commun. Quant \u00e0 Bassirou Diomaye Faye, il a \u00e9t\u00e9 d\u00e9sign\u00e9 candidat alors qu&rsquo;il \u00e9tait d\u00e9j\u00e0 en d\u00e9tention\u00a0\u00bb, a r\u00e9pondu A\u00efssata Tall Sall.<\/span><\/div>\n<div><\/div>\n<div>Source: seneweb,com<\/div>\n","protected":false},"excerpt":{"rendered":"<p>L&#8217;emprisonnement de Ousmane Sonko et de son candidat d\u00e9sign\u00e9 Bassirou Diomaye Faye remettent-ils en cause l&rsquo;ind\u00e9pendance de la justice s\u00e9n\u00e9galaise ? C&rsquo;est la question que Le Figaro a pos\u00e9 \u00e0 la ministre de la Justice et Garde des Sceaux, Aissata Tall Sall. Mais pour elle, Sonko n&rsquo;a pas \u00e9t\u00e9 emprisonn\u00e9 pour ses positions politiques. \u00a0 [&hellip;]<\/p>\n","protected":false},"author":2,"featured_media":841,"comment_status":"closed","ping_status":"closed","sticky":false,"template":"","format":"standard","meta":{"footnotes":""},"categories":[6],"tags":[],"class_list":{"0":"post-840","1":"post","2":"type-post","3":"status-publish","4":"format-standard","5":"has-post-thumbnail","7":"category-international"},"jetpack_featured_media_url":"https:\/\/cieldeguinee.net\/wp-content\/uploads\/2024\/02\/tall.jpeg","_links":{"self":[{"href":"https:\/\/cieldeguinee.net\/index.php\/wp-json\/wp\/v2\/posts\/840","targetHints":{"allow":["GET"]}}],"collection":[{"href":"https:\/\/cieldeguinee.net\/index.php\/wp-json\/wp\/v2\/posts"}],"about":[{"href":"https:\/\/cieldeguinee.net\/index.php\/wp-json\/wp\/v2\/types\/post"}],"author":[{"embeddable":true,"href":"https:\/\/cieldeguinee.net\/index.php\/wp-json\/wp\/v2\/users\/2"}],"replies":[{"embeddable":true,"href":"https:\/\/cieldeguinee.net\/index.php\/wp-json\/wp\/v2\/comments?post=840"}],"version-history":[{"count":0,"href":"https:\/\/cieldeguinee.net\/index.php\/wp-json\/wp\/v2\/posts\/840\/revisions"}],"wp:featuredmedia":[{"embeddable":true,"href":"https:\/\/cieldeguinee.net\/index.php\/wp-json\/wp\/v2\/media\/841"}],"wp:attachment":[{"href":"https:\/\/cieldeguinee.net\/index.php\/wp-json\/wp\/v2\/media?parent=840"}],"wp:term":[{"taxonomy":"category","embeddable":true,"href":"https:\/\/cieldeguinee.net\/index.php\/wp-json\/wp\/v2\/categories?post=840"},{"taxonomy":"post_tag","embeddable":true,"href":"https:\/\/cieldeguinee.net\/index.php\/wp-json\/wp\/v2\/tags?post=840"}],"curies":[{"name":"wp","href":"https:\/\/api.w.org\/{rel}","templated":true}]}}