{"id":849,"date":"2024-02-10T17:26:06","date_gmt":"2024-02-10T16:26:06","guid":{"rendered":"https:\/\/cieldeguinee.net\/?p=849"},"modified":"2024-02-10T17:26:06","modified_gmt":"2024-02-10T16:26:06","slug":"macky-sall-je-ne-veux-pas-laisser-derriere-moi-un-pays-qui-plongera-immediatement-dans-de-grandes-difficultes","status":"publish","type":"post","link":"https:\/\/cieldeguinee.net\/index.php\/macky-sall-je-ne-veux-pas-laisser-derriere-moi-un-pays-qui-plongera-immediatement-dans-de-grandes-difficultes\/","title":{"rendered":"Macky Sall: \u00abJe ne veux pas laisser derri\u00e8re moi un pays qui plongera imm\u00e9diatement dans de grandes difficult\u00e9s\u00bb"},"content":{"rendered":"<p><b><span style=\"font-size: x-large\">Le Pr\u00e9sident, Macky Sall, brise le silence dans un entretien accord\u00e9 au m\u00e9dia am\u00e9ricain Associated Press (AP).\u00a0<\/span><\/b><\/p>\n<p><span style=\"font-size: x-large\">Dans un entretien accord\u00e9 \u00e0 AP, vendredi, le<b>\u00a0<\/b>\u00a0pr\u00e9sident Macky Sall a d\u00e9fendu sa d\u00e9cision de reporter l\u2019\u00e9lection pr\u00e9sidentielle alors que des protestations ont \u00e9clat\u00e9 \u00e0 travers le pays vendredi et occasionn\u00e9 un mort \u00e0 Saint-Louis.<\/span><\/p>\n<p><span style=\"font-size: x-large\">Dans sa premi\u00e8re interview depuis l&rsquo;annonce du report, M. Sall a balay\u00e9 les all\u00e9gations selon lesquelles la d\u00e9cision \u00e9tait anticonstitutionnelle et qu&rsquo;il avait cr\u00e9\u00e9 une crise constitutionnelle, affirmant que le pays avait besoin de plus de temps pour r\u00e9soudre les controverses concernant la disqualification de certains candidats et un conflit entre les pouvoirs judiciaire et l\u00e9gislatif.<\/span><\/p>\n<p><span style=\"font-size: x-large\">Le chef de l\u2019\u00c9tat a ni\u00e9 vouloir\u00a0 s&rsquo;accrocher au pouvoir. \u00abJe ne cherche absolument rien sauf \u00e0 laisser un pays en paix et en stabilit\u00e9\u00bb, a-t-il d\u00e9clar\u00e9. \u00abJe suis compl\u00e8tement pr\u00eat \u00e0 passer le relais. J&rsquo;ai toujours \u00e9t\u00e9 programm\u00e9 pour cela.\u00bb<\/span><\/p>\n<p><span style=\"font-size: x-large\">\u00abJe ne veux pas laisser derri\u00e8re moi un pays qui plongera imm\u00e9diatement dans de grandes difficult\u00e9s\u00bb, a indiqu\u00e9 le Pr\u00e9sident. \u00abJe dis maintenant que je vais travailler pour l&rsquo;apaisement, pour des conditions qui permettront au pays d&rsquo;\u00eatre paisible&#8230; Tenons tous des discussions inclusives avant d&rsquo;aller aux \u00e9lections\u00bb, a-t-il dit.<\/span><\/p>\n<p><span style=\"font-size: x-large\">Le parlement s\u00e9n\u00e9galais a vot\u00e9 lundi une loi pour l&rsquo;\u00e9lection jusqu&rsquo;au 15 d\u00e9cembre lors d\u2019une s\u00e9ance chaotique.<\/span><\/p>\n<p><span style=\"font-size: x-large\">Le Conseil Constitutionnel devrait statuer dans environ une semaine pour savoir s&rsquo;il est d&rsquo;accord avec la conclusion du parlement. Cependant, Macky Sall n&rsquo;a pas voulu dire s&rsquo;il accepterait la d\u00e9cision de la cour si elle rejetait le report.<\/span><\/p>\n<p><span style=\"font-size: x-large\">\u00abIl est trop t\u00f4t pour moi de consid\u00e9rer cette perspective&#8230; Quand la d\u00e9cision sera prise, je pourrai dire ce que je ferai\u00bb, a-t-il dit.<\/span><\/p>\n<p><span style=\"font-size: x-large\">Macky\u00a0 Sall a, enfin, appel\u00e9 la communaut\u00e9 internationale \u00e0 faire preuve de retenue et de compr\u00e9hension alors que le S\u00e9n\u00e9gal traverse une p\u00e9riode difficile.\u00a0<\/span><\/p>\n<p><span style=\"font-size: x-large\">\u00abPendant les p\u00e9riodes de fragilit\u00e9, nous devons \u00eatre prudents&#8230; Le pays doit naviguer cette \u00e9tape de transition \u00e9lectorale avec une lucidit\u00e9 et tranquillit\u00e9 compl\u00e8tes, afin que le pays continue d&rsquo;avancer\u00bb, observe-t-il.<\/span><\/p>\n<p>Seneweb,com<\/p>\n","protected":false},"excerpt":{"rendered":"<p>Le Pr\u00e9sident, Macky Sall, brise le silence dans un entretien accord\u00e9 au m\u00e9dia am\u00e9ricain Associated Press (AP).\u00a0 Dans un entretien accord\u00e9 \u00e0 AP, vendredi, le\u00a0\u00a0pr\u00e9sident Macky Sall a d\u00e9fendu sa d\u00e9cision de reporter l\u2019\u00e9lection pr\u00e9sidentielle alors que des protestations ont \u00e9clat\u00e9 \u00e0 travers le pays vendredi et occasionn\u00e9 un mort \u00e0 Saint-Louis. Dans sa premi\u00e8re [&hellip;]<\/p>\n","protected":false},"author":2,"featured_media":850,"comment_status":"closed","ping_status":"closed","sticky":false,"template":"","format":"standard","meta":{"footnotes":""},"categories":[6],"tags":[],"class_list":{"0":"post-849","1":"post","2":"type-post","3":"status-publish","4":"format-standard","5":"has-post-thumbnail","7":"category-international"},"jetpack_featured_media_url":"https:\/\/cieldeguinee.net\/wp-content\/uploads\/2024\/02\/sall.jpg","_links":{"self":[{"href":"https:\/\/cieldeguinee.net\/index.php\/wp-json\/wp\/v2\/posts\/849","targetHints":{"allow":["GET"]}}],"collection":[{"href":"https:\/\/cieldeguinee.net\/index.php\/wp-json\/wp\/v2\/posts"}],"about":[{"href":"https:\/\/cieldeguinee.net\/index.php\/wp-json\/wp\/v2\/types\/post"}],"author":[{"embeddable":true,"href":"https:\/\/cieldeguinee.net\/index.php\/wp-json\/wp\/v2\/users\/2"}],"replies":[{"embeddable":true,"href":"https:\/\/cieldeguinee.net\/index.php\/wp-json\/wp\/v2\/comments?post=849"}],"version-history":[{"count":0,"href":"https:\/\/cieldeguinee.net\/index.php\/wp-json\/wp\/v2\/posts\/849\/revisions"}],"wp:featuredmedia":[{"embeddable":true,"href":"https:\/\/cieldeguinee.net\/index.php\/wp-json\/wp\/v2\/media\/850"}],"wp:attachment":[{"href":"https:\/\/cieldeguinee.net\/index.php\/wp-json\/wp\/v2\/media?parent=849"}],"wp:term":[{"taxonomy":"category","embeddable":true,"href":"https:\/\/cieldeguinee.net\/index.php\/wp-json\/wp\/v2\/categories?post=849"},{"taxonomy":"post_tag","embeddable":true,"href":"https:\/\/cieldeguinee.net\/index.php\/wp-json\/wp\/v2\/tags?post=849"}],"curies":[{"name":"wp","href":"https:\/\/api.w.org\/{rel}","templated":true}]}}