{"id":857,"date":"2024-02-17T14:49:55","date_gmt":"2024-02-17T13:49:55","guid":{"rendered":"https:\/\/cieldeguinee.net\/?p=857"},"modified":"2024-02-17T14:49:55","modified_gmt":"2024-02-17T13:49:55","slug":"conakry-les-coalitions-politiques-du-pays-en-conclave-avec-le-ministre-mory-conde-sur-le-recensement-administratif","status":"publish","type":"post","link":"https:\/\/cieldeguinee.net\/index.php\/conakry-les-coalitions-politiques-du-pays-en-conclave-avec-le-ministre-mory-conde-sur-le-recensement-administratif\/","title":{"rendered":"Conakry : les coalitions politiques du pays en conclave avec le ministre Mory Cond\u00e9 sur le recensement administratif"},"content":{"rendered":"<p>Le Minist\u00e8re de l\u2019Administration du Territoire et de la D\u00e9centralisation \u00e9tait ce vendredi 16 f\u00e9vrier 2024 devant des acteurs politiques, \u00e0 travers un atelier d&rsquo;information et de sensibilisation des partis politiques sur le programme national de recensement administratif \u00e0 vocation d\u2019\u00e9tat civil (PN-RAVEC) en vue de le rendre plus efficace dans le pays les 16 et 17 f\u00e9vrier.<br \/>\n\u00ab Comme vous le savez, dans le cadre de la mise en \u0153uvre du chronogramme de la transition, le recensement administratif \u00e0 vocation de l\u2019\u00e9tat civil est le deuxi\u00e8me point inscrit. C\u2019est ce recensement qui permettra de doter le pays d\u2019un fichier d\u2019\u00e9tat civil, d\u2019un registre national d\u2019\u00e9tat civil et du fichier \u00e9lectoral. Ce recensement permettra \u00e9galement de doter m\u00eame la gouvernance du pays d\u2019un fichier propre, avec le syst\u00e8me de sant\u00e9 et de s\u00e9curit\u00e9 du syst\u00e8me judiciaire, et de l\u2019ensemble des services li\u00e9s \u00e0 la\u00a0 fiscalit\u00e9 et \u00e0 tout ce qui contient la vie du citoyen dans le pays. Comme la semaine derni\u00e8re on annon\u00e7ait la disponibilit\u00e9 des logiciels devant permettre de faire le recensement. Cette semaine, nous avons boucl\u00e9 la phase de s\u00e9lection des organisations non gouvernementales qui doivent conduire des actions de mobilisation sociale et de sensibilisation dans les m\u00e9nages sur le territoire national\u00bb, a affirm\u00e9 le ministre Mory Cond\u00e9.<\/p>\n<p><img loading=\"lazy\" decoding=\"async\" class=\"size-medium wp-image-859 aligncenter\" src=\"https:\/\/cieldeguinee.net\/wp-content\/uploads\/2024\/02\/IMG-20240216-WA0056-300x169.jpg\" alt=\"\" width=\"300\" height=\"169\" srcset=\"https:\/\/cieldeguinee.net\/wp-content\/uploads\/2024\/02\/IMG-20240216-WA0056-300x169.jpg 300w, https:\/\/cieldeguinee.net\/wp-content\/uploads\/2024\/02\/IMG-20240216-WA0056-1024x576.jpg 1024w, https:\/\/cieldeguinee.net\/wp-content\/uploads\/2024\/02\/IMG-20240216-WA0056-768x432.jpg 768w, https:\/\/cieldeguinee.net\/wp-content\/uploads\/2024\/02\/IMG-20240216-WA0056-150x84.jpg 150w, https:\/\/cieldeguinee.net\/wp-content\/uploads\/2024\/02\/IMG-20240216-WA0056-696x392.jpg 696w, https:\/\/cieldeguinee.net\/wp-content\/uploads\/2024\/02\/IMG-20240216-WA0056-746x420.jpg 746w, https:\/\/cieldeguinee.net\/wp-content\/uploads\/2024\/02\/IMG-20240216-WA0056.jpg 1032w\" sizes=\"auto, (max-width: 300px) 100vw, 300px\" \/>Et de poursuivre \u00ab Nous avons estim\u00e9 ces jours que les acteurs politiques r\u00e9unis au sein de l\u2019ensemble des coalitions des partis politiques sont incontournables, donc il fallait les r\u00e9unir pour leur expliquer le bien fond\u00e9 de cette campagne qui doit d\u00e9marrer, afin qu\u2019ils puissent mobiliser au niveau de leur Q.G. Nous avons estim\u00e9 qu\u2019il fallait les r\u00e9unir pour partager le processus de\u00a0 conduite de la campagne de mobilisation des citoyens en faveur des recensements, avant le d\u00e9ploiement des 9 milles 800cent 18 agents ascenseurs, qui vont \u00eatre recrut\u00e9 \u00e0 partir de la semaine prochaine, form\u00e9s et d\u00e9ploy\u00e9s pour conduire d\u2019abord l\u2019enqu\u00eates m\u00e9nages porte \u00e0 porte sur l\u2019ensemble du territoire national, et \u00e9galement proc\u00e9der au recensement de l\u2019ensemble des citoyens, afin de constituer le fichier de l\u2019\u00e9tat civil, ensuite le registre national des personnes physiques. Et tir\u00e9 de ce registre national des personnes physiques, les citoyens guin\u00e9ens qui ont 18 ans pour constituer le fichier \u00e9lectoral, et all\u00e9 vers le referendum constitutionnel, qui devait permettre d\u2019adopter la nouvelle constitution qui est encours d\u2019\u00e9laboration au niveau du conseil national de la transition, comme \u00e7a \u00e9t\u00e9 annonc\u00e9 dans le discours de fin d\u2019ann\u00e9e, du chef de l\u2019Etat \u00bb, a d\u00e9clar\u00e9 le ministre.<\/p>\n<p>Sana Sylla.<\/p>\n","protected":false},"excerpt":{"rendered":"<p>Le Minist\u00e8re de l\u2019Administration du Territoire et de la D\u00e9centralisation \u00e9tait ce vendredi 16 f\u00e9vrier 2024 devant des acteurs politiques, \u00e0 travers un atelier d&rsquo;information et de sensibilisation des partis politiques sur le programme national de recensement administratif \u00e0 vocation d\u2019\u00e9tat civil (PN-RAVEC) en vue de le rendre plus efficace dans le pays les 16 [&hellip;]<\/p>\n","protected":false},"author":2,"featured_media":858,"comment_status":"closed","ping_status":"closed","sticky":false,"template":"","format":"standard","meta":{"footnotes":""},"categories":[3],"tags":[],"class_list":{"0":"post-857","1":"post","2":"type-post","3":"status-publish","4":"format-standard","5":"has-post-thumbnail","7":"category-politique"},"jetpack_featured_media_url":"https:\/\/cieldeguinee.net\/wp-content\/uploads\/2024\/02\/IMG-20240216-WA0054.jpg","_links":{"self":[{"href":"https:\/\/cieldeguinee.net\/index.php\/wp-json\/wp\/v2\/posts\/857","targetHints":{"allow":["GET"]}}],"collection":[{"href":"https:\/\/cieldeguinee.net\/index.php\/wp-json\/wp\/v2\/posts"}],"about":[{"href":"https:\/\/cieldeguinee.net\/index.php\/wp-json\/wp\/v2\/types\/post"}],"author":[{"embeddable":true,"href":"https:\/\/cieldeguinee.net\/index.php\/wp-json\/wp\/v2\/users\/2"}],"replies":[{"embeddable":true,"href":"https:\/\/cieldeguinee.net\/index.php\/wp-json\/wp\/v2\/comments?post=857"}],"version-history":[{"count":0,"href":"https:\/\/cieldeguinee.net\/index.php\/wp-json\/wp\/v2\/posts\/857\/revisions"}],"wp:featuredmedia":[{"embeddable":true,"href":"https:\/\/cieldeguinee.net\/index.php\/wp-json\/wp\/v2\/media\/858"}],"wp:attachment":[{"href":"https:\/\/cieldeguinee.net\/index.php\/wp-json\/wp\/v2\/media?parent=857"}],"wp:term":[{"taxonomy":"category","embeddable":true,"href":"https:\/\/cieldeguinee.net\/index.php\/wp-json\/wp\/v2\/categories?post=857"},{"taxonomy":"post_tag","embeddable":true,"href":"https:\/\/cieldeguinee.net\/index.php\/wp-json\/wp\/v2\/tags?post=857"}],"curies":[{"name":"wp","href":"https:\/\/api.w.org\/{rel}","templated":true}]}}