{"id":909,"date":"2024-03-08T16:19:24","date_gmt":"2024-03-08T15:19:24","guid":{"rendered":"https:\/\/cieldeguinee.net\/?p=909"},"modified":"2024-03-08T16:19:24","modified_gmt":"2024-03-08T15:19:24","slug":"parquet-special-de-la-crief-ou-en-sommes-nous-avec-les-plaintes-contre-lancien-ministre-des-mines-moussa-magassouba-et-du-directeur-general-de-la-sonap-amadou-doumbouya","status":"publish","type":"post","link":"https:\/\/cieldeguinee.net\/index.php\/parquet-special-de-la-crief-ou-en-sommes-nous-avec-les-plaintes-contre-lancien-ministre-des-mines-moussa-magassouba-et-du-directeur-general-de-la-sonap-amadou-doumbouya\/","title":{"rendered":"Parquet Sp\u00e9cial de la CRIEF : O\u00f9 en sommes-nous avec les plaintes contre l\u2019ancien ministre des Mines Moussa  Magassouba et du Directeur G\u00e9n\u00e9ral de la SONAP Amadou Doumbouya ?"},"content":{"rendered":"<p>C\u2019est la grosse question que se pose l\u2019activiste guin\u00e9en M Alseny Farinta CAMARA, Responsable \u00e0 l&rsquo;organisation du FNDC (Front National pour la D\u00e9fense de la Constitution).<\/p>\n<p>Revenant aux faits, tout d\u2019abord c\u2019est le 27 novembre 2023 que \u00a0l\u2019activiste a saisi Monsieur le Procureur Sp\u00e9cial de la Cour de r\u00e9pression des infractions \u00e9conomiques et financi\u00e8res(CRIEF) \u00e0 travers une plainte contre les sieurs \u00a0Moussa Magassouba \u00e0 l\u2019\u00e9poque Ministre des Mines et G\u00e9ologie et Yacouba Kourouma, cadre en exercice au sein dudit minist\u00e8re pour des faits pr\u00e9sum\u00e9s de corruption.<\/p>\n<p>Entant qu\u2019activiste investi du r\u00f4le d\u2019alerte et de d\u00e9nonciation, M. Camara s\u2019attendait \u00e0 travers cette action citoyenne, \u00e0 ce que le Parquet Sp\u00e9cial se saisisse du dossier pour ouvrir au moins une information judiciaire dans le but de mieux voir clair dans cette affaire qui n\u2018honore pas notre Administration Publique. Malheureusement, au constat de l\u2019activiste, cette affaire est rest\u00e9e close et sans suite de la part de la CRIEF, cens\u00e9e \u00a0\u00eatre sur la ligne de mire en termes de lutte contre la corruption et les enrichissements illicites dans notre pays.<\/p>\n<p>Pire, le 15 janvier 2024, le m\u00eame Procureur Sp\u00e9cial de la Cour de r\u00e9pression des infractions \u00e9conomiques et financi\u00e8res a \u00e9t\u00e9 une fois de plus, saisi par le m\u00eame activiste Alseny Farinta Camara par une autre plainte\u00a0 et faisceaux de preuves contre Monsieur Amadou Doumbouya, Directeur G\u00e9n\u00e9ral de la Soci\u00e9t\u00e9 nationale des p\u00e9troles(SONAP). Cons\u00e9quence, m\u00eame silence de mort\u00a0 au niveau du Procureur Sp\u00e9cial CRIEF.<\/p>\n<p>Cette fois-ci, M. Camara mettra la presse \u00e0 contribution pour l\u2019aider \u00e0 faire passer le message de rappel du Parquet Sp\u00e9cial de la CRIEF afin de \u00a0\u00bb sortir \u00a0de sa torpeur pour traquer les auteurs, co-auteurs et complices de ces infractions\u2019\u2019, peut-on lire dans son message adress\u00e9 aux m\u00e9dias :<\/p>\n<p>\u00ab\u00a0Apr\u00e8s avoir port\u00e9 plainte contre des hauts commis de l&rsquo;\u00c9tat pour des faits de corruption aggrav\u00e9e, de blanchiment d&rsquo;argent, d\u2019enrichissement illicite et de d\u00e9tournement de deniers publics aupr\u00e8s de la Cour de r\u00e9pression des infractions \u00e9conomiques et financi\u00e8res, veille \u00e0 trouver des copies des d\u00e9charges. Depuis que j&rsquo;ai saisi la CRIEF, il n\u2019y a eu aucune r\u00e9action ni d\u2019acte pos\u00e9 par le parquet sp\u00e9cial pour \u00e9lucider les citoyens Guin\u00e9ens sur ces affaires alors que le chef de la junte a fait de la lutte contre la corruption et des infractions assimil\u00e9es sa priorit\u00e9. Par cette publication, je veux que le procureur sp\u00e9cial qui est \u00e0 la fois le repr\u00e9sentant de la soci\u00e9t\u00e9 guin\u00e9enne et dot\u00e9 des pouvoirs de poursuite sans \u00eatre saisi par une plainte ou d\u00e9nonciation, sorte de sa torpeur pour traquer les auteurs, co-auteurs et complices de ces infractions. J&rsquo;estime que l&rsquo;impunit\u00e9 et l&rsquo;arbitraire au sein de l&rsquo;administration publique guin\u00e9enne a fait de la corruption et des infractions assimil\u00e9es, un ph\u00e9nom\u00e8ne aggravant l\u2019injustice sociale et affectant \u00a0de mani\u00e8re disproportionn\u00e9e les plus vuln\u00e9rables de la population\u00a0\u00bb, s\u2019est-il indign\u00e9. Ci-dessous les copies des d\u00e9charges\u00a0:<\/p>\n<p>1- Lire la <a href=\"https:\/\/cieldeguinee.net\/wp-content\/uploads\/2024\/03\/Plainte-contre-Moussa-Magassouba-et-Yakouba-Kourouma-tous-cadres-en-exercice-de-fonctions-au-Ministere-des-Mines.pdf\">Plainte contre Moussa Magassouba et Yakouba Kourouma tous cadres en exercice de fonctions au Minist\u00e8re des Mines<\/a><\/p>\n<p>2- Lire <a href=\"https:\/\/cieldeguinee.net\/wp-content\/uploads\/2024\/03\/Plainte-contre-Amadou-Doumbouya.pdf\">Plainte contre Amadou Doumbouya<\/a><\/p>\n<p>Tamba Oular\u00e9<\/p>\n","protected":false},"excerpt":{"rendered":"<p>C\u2019est la grosse question que se pose l\u2019activiste guin\u00e9en M Alseny Farinta CAMARA, Responsable \u00e0 l&rsquo;organisation du FNDC (Front National pour la D\u00e9fense de la Constitution). Revenant aux faits, tout d\u2019abord c\u2019est le 27 novembre 2023 que \u00a0l\u2019activiste a saisi Monsieur le Procureur Sp\u00e9cial de la Cour de r\u00e9pression des infractions \u00e9conomiques et financi\u00e8res(CRIEF) \u00e0 [&hellip;]<\/p>\n","protected":false},"author":2,"featured_media":914,"comment_status":"closed","ping_status":"closed","sticky":false,"template":"","format":"standard","meta":{"footnotes":""},"categories":[3],"tags":[],"class_list":{"0":"post-909","1":"post","2":"type-post","3":"status-publish","4":"format-standard","5":"has-post-thumbnail","7":"category-politique"},"jetpack_featured_media_url":"https:\/\/cieldeguinee.net\/wp-content\/uploads\/2024\/03\/farinta8.jpg","_links":{"self":[{"href":"https:\/\/cieldeguinee.net\/index.php\/wp-json\/wp\/v2\/posts\/909","targetHints":{"allow":["GET"]}}],"collection":[{"href":"https:\/\/cieldeguinee.net\/index.php\/wp-json\/wp\/v2\/posts"}],"about":[{"href":"https:\/\/cieldeguinee.net\/index.php\/wp-json\/wp\/v2\/types\/post"}],"author":[{"embeddable":true,"href":"https:\/\/cieldeguinee.net\/index.php\/wp-json\/wp\/v2\/users\/2"}],"replies":[{"embeddable":true,"href":"https:\/\/cieldeguinee.net\/index.php\/wp-json\/wp\/v2\/comments?post=909"}],"version-history":[{"count":0,"href":"https:\/\/cieldeguinee.net\/index.php\/wp-json\/wp\/v2\/posts\/909\/revisions"}],"wp:featuredmedia":[{"embeddable":true,"href":"https:\/\/cieldeguinee.net\/index.php\/wp-json\/wp\/v2\/media\/914"}],"wp:attachment":[{"href":"https:\/\/cieldeguinee.net\/index.php\/wp-json\/wp\/v2\/media?parent=909"}],"wp:term":[{"taxonomy":"category","embeddable":true,"href":"https:\/\/cieldeguinee.net\/index.php\/wp-json\/wp\/v2\/categories?post=909"},{"taxonomy":"post_tag","embeddable":true,"href":"https:\/\/cieldeguinee.net\/index.php\/wp-json\/wp\/v2\/tags?post=909"}],"curies":[{"name":"wp","href":"https:\/\/api.w.org\/{rel}","templated":true}]}}