{"id":916,"date":"2024-03-08T16:32:26","date_gmt":"2024-03-08T15:32:26","guid":{"rendered":"https:\/\/cieldeguinee.net\/?p=916"},"modified":"2024-03-08T16:32:26","modified_gmt":"2024-03-08T15:32:26","slug":"journee-internationale-des-femmes-une-forte-mobilisation-a-lesplanade-du-palais-du-peuple-de-conakry","status":"publish","type":"post","link":"https:\/\/cieldeguinee.net\/index.php\/journee-internationale-des-femmes-une-forte-mobilisation-a-lesplanade-du-palais-du-peuple-de-conakry\/","title":{"rendered":"Journ\u00e9e internationale des femmes : une forte mobilisation \u00e0 l&rsquo;esplanade du palais du peuple de Conakry"},"content":{"rendered":"<p>\u00c0 l\u2019instar des autres pays du monde, la R\u00e9publique de Guin\u00e9e \u00e0 travers le Gouvernorat de la ville de Conakry, a comm\u00e9mor\u00e9 ce vendredi, 08 mars 2024, avec le femmes de la capitale la Journ\u00e9e Internationale de la Femme(JIF). C\u2019est l\u2019auditorium du palais du peuple qui a servi de cadre \u00e0 cette c\u00e9r\u00e9monie comm\u00e9morative plac\u00e9e sous le th\u00e8me \u00e9vocateur \u00ab Investir en faveur des femmes : acc\u00e9l\u00e9rer le rythme \u00bb.<img loading=\"lazy\" decoding=\"async\" class=\" wp-image-918 alignleft\" src=\"https:\/\/cieldeguinee.net\/wp-content\/uploads\/2024\/03\/femme_8mars_2-300x169.jpeg\" alt=\"\" width=\"343\" height=\"193\" srcset=\"https:\/\/cieldeguinee.net\/wp-content\/uploads\/2024\/03\/femme_8mars_2-300x169.jpeg 300w, https:\/\/cieldeguinee.net\/wp-content\/uploads\/2024\/03\/femme_8mars_2-1024x576.jpeg 1024w, https:\/\/cieldeguinee.net\/wp-content\/uploads\/2024\/03\/femme_8mars_2-768x432.jpeg 768w, https:\/\/cieldeguinee.net\/wp-content\/uploads\/2024\/03\/femme_8mars_2-150x84.jpeg 150w, https:\/\/cieldeguinee.net\/wp-content\/uploads\/2024\/03\/femme_8mars_2-696x391.jpeg 696w, https:\/\/cieldeguinee.net\/wp-content\/uploads\/2024\/03\/femme_8mars_2-747x420.jpeg 747w, https:\/\/cieldeguinee.net\/wp-content\/uploads\/2024\/03\/femme_8mars_2.jpeg 1032w\" sizes=\"auto, (max-width: 343px) 100vw, 343px\" \/><\/p>\n<p>Tr\u00e8s t\u00f4t le matin, des femmes v\u00eatues d\u2019uniforme et porteuses de pancartes sur lesquelles on pouvait lire leurs appartenances socio-professionnelles, se sont fortement mobilis\u00e9es dans ce palais avec le bilan de leurs activit\u00e9s de l\u2019ann\u00e9e \u00e9coul\u00e9e afin\u00a0 de se\u00a0 faire attendre et savoir aussi qu&rsquo;elles\u00a0 existent bel et bien sur terre.<\/p>\n<p>Mme Sanoh Mariama Camara, du Minist\u00e8re de l&rsquo;administration du territoire et de la D\u00e9centralisation,\u00a0 a manifest\u00e9 sa joie.<\/p>\n<p>\u00abNous retenons aujourd&rsquo;hui que la femme guin\u00e9enne c\u00e9l\u00e8bre encore sa joie dans une ambiance de convivialit\u00e9 de coh\u00e9sion sociale et de fraternit\u00e9 entre les filles battantes. Le 08 mars n&rsquo;est pas de venir seulement faire la f\u00eate, danser, chanter ou crier, mais plut\u00f4t d\u00e9montrer des actions que nous faisons tout au long de la journ\u00e9e et les mettre en valeur avec celles qui nous on port\u00e9es pour \u00eatre dans les grands services, faire en sorte qu&rsquo;on voit les femmes comme les hommes. Donc le plaidoyer que je demande aux autorit\u00e9s, c&rsquo;est de dire au pr\u00e9sident Mamadi Doumbouya est de faire en sorte que les lumi\u00e8res soient sur les femmes. Il y&rsquo;a beaucoup de femmes qui ont des connaissances professionnelles dont on ne montre pas souvent, il faut que ces femmes sortent de l&rsquo;orni\u00e8re et de pr\u00f4ner la parit\u00e9, cette parit\u00e9 peut occuper un pays et elle\u00a0 peut aussi occuper le d\u00e9veloppement d&rsquo;un pays. Donc nous sommes l\u00e0 pour d\u00e9montrer que nous existons car nous sommes \u00e0 peu pr\u00e8s plus de 52% de la population guin\u00e9enne, donc la raison fondamentale est de d\u00e9montrer cela,\u00a0 notre existence \u00bb, a affirm\u00e9 Mme Sanoh.<\/p>\n<p>Sana Sylla.<\/p>\n","protected":false},"excerpt":{"rendered":"<p>\u00c0 l\u2019instar des autres pays du monde, la R\u00e9publique de Guin\u00e9e \u00e0 travers le Gouvernorat de la ville de Conakry, a comm\u00e9mor\u00e9 ce vendredi, 08 mars 2024, avec le femmes de la capitale la Journ\u00e9e Internationale de la Femme(JIF). C\u2019est l\u2019auditorium du palais du peuple qui a servi de cadre \u00e0 cette c\u00e9r\u00e9monie comm\u00e9morative plac\u00e9e [&hellip;]<\/p>\n","protected":false},"author":2,"featured_media":917,"comment_status":"closed","ping_status":"closed","sticky":false,"template":"","format":"standard","meta":{"footnotes":""},"categories":[23],"tags":[],"class_list":{"0":"post-916","1":"post","2":"type-post","3":"status-publish","4":"format-standard","5":"has-post-thumbnail","7":"category-societe"},"jetpack_featured_media_url":"https:\/\/cieldeguinee.net\/wp-content\/uploads\/2024\/03\/femme_8mars1.jpeg","_links":{"self":[{"href":"https:\/\/cieldeguinee.net\/index.php\/wp-json\/wp\/v2\/posts\/916","targetHints":{"allow":["GET"]}}],"collection":[{"href":"https:\/\/cieldeguinee.net\/index.php\/wp-json\/wp\/v2\/posts"}],"about":[{"href":"https:\/\/cieldeguinee.net\/index.php\/wp-json\/wp\/v2\/types\/post"}],"author":[{"embeddable":true,"href":"https:\/\/cieldeguinee.net\/index.php\/wp-json\/wp\/v2\/users\/2"}],"replies":[{"embeddable":true,"href":"https:\/\/cieldeguinee.net\/index.php\/wp-json\/wp\/v2\/comments?post=916"}],"version-history":[{"count":0,"href":"https:\/\/cieldeguinee.net\/index.php\/wp-json\/wp\/v2\/posts\/916\/revisions"}],"wp:featuredmedia":[{"embeddable":true,"href":"https:\/\/cieldeguinee.net\/index.php\/wp-json\/wp\/v2\/media\/917"}],"wp:attachment":[{"href":"https:\/\/cieldeguinee.net\/index.php\/wp-json\/wp\/v2\/media?parent=916"}],"wp:term":[{"taxonomy":"category","embeddable":true,"href":"https:\/\/cieldeguinee.net\/index.php\/wp-json\/wp\/v2\/categories?post=916"},{"taxonomy":"post_tag","embeddable":true,"href":"https:\/\/cieldeguinee.net\/index.php\/wp-json\/wp\/v2\/tags?post=916"}],"curies":[{"name":"wp","href":"https:\/\/api.w.org\/{rel}","templated":true}]}}