{"id":925,"date":"2024-03-09T14:37:07","date_gmt":"2024-03-09T13:37:07","guid":{"rendered":"https:\/\/cieldeguinee.net\/?p=925"},"modified":"2024-03-09T14:37:07","modified_gmt":"2024-03-09T13:37:07","slug":"culture-transition-en-guinee-nampe-sadjo-traore-officialise-son-clip-de-gratitude-dedie-au-president-de-la-transition-general-mamadi-doumbouya","status":"publish","type":"post","link":"https:\/\/cieldeguinee.net\/index.php\/culture-transition-en-guinee-nampe-sadjo-traore-officialise-son-clip-de-gratitude-dedie-au-president-de-la-transition-general-mamadi-doumbouya\/","title":{"rendered":"Culture\/transition en Guin\u00e9e: Namp\u00e9 Sadjo Traor\u00e9, officialise son clip de gratitude d\u00e9di\u00e9 au pr\u00e9sident de la transition G\u00e9n\u00e9ral Mamadi Doumbouya"},"content":{"rendered":"<p>Une chanson mythique africaine\u00a0 a \u00e9t\u00e9 officialis\u00e9e en d\u00e9but de cette semaine, au cours d&rsquo;une conf\u00e9rence de presse anim\u00e9e par le grand griot chanteur compositeur Namp\u00e9 Sadjo Traor\u00e9. Une chanson de reconnaissance en faveur du pr\u00e9sident guin\u00e9en Mamadi Doumbouya pour les efforts fournis au moment o\u00f9 le pays \u00e9tait en crise.<\/p>\n<p>Namp\u00e9 Sadjo Traor\u00e9 chante les louanges d\u00b4un homme int\u00e8gre, le lion noir sur sa peau de sagesse de diriger un pays comme la Guin\u00e9e est r\u00e9compens\u00e9 \u00a0par un titre de \u00ab reconnaissance des actes \u00bb.<\/p>\n<p>Dans son intervention, le manager de l&rsquo;artiste\u00a0 Malien\u00a0 a tout d&rsquo;abord remerci\u00e9 la pr\u00e9sence de tout un chacun pour cette mobilisation avant de dire que \u00ab c&rsquo;est en 2016 que moi et Namp\u00e9 Sadjo Traor\u00e9 sommes \u00a0connus \u00a0et ce, depuis lors \u00e7a se passe tr\u00e8s bien et les relations sont bonnes. J&rsquo;ai vu en lui un artiste honn\u00eate\u00a0 et\u00a0 sinc\u00e8re qui n&rsquo;a pas de probl\u00e8me du tout, raison pour laquelle, je ne cesse d&rsquo;\u00eatre \u00e0 ses c\u00f4t\u00e9s. Donc, c&rsquo;est une occasion pour moi de confier mon artiste au peuple de Guin\u00e9e et surtout la presse guin\u00e9enne dans l&rsquo;optique de l&rsquo;accompagner dans tous ses projets. Nous voulons que ce clip parte tr\u00e8s loin parce que c&rsquo;est une chanson qui parle de la paix, de la coh\u00e9sion sociale, mais aussi pour la r\u00e9ussite de cette transition \u00bb,a affirm\u00e9 le manager.<\/p>\n<p>Pour \u00a0les raisons de cette sortie de reconnaissance, l&rsquo;artiste, chanteur et compositeur Namp\u00e9 Sadjo Traor\u00e9 d\u00e9clare\u00a0:<\/p>\n<p>\u00ab Ce qui m\u2019a pouss\u00e9 \u00e0 faire r\u00e9aliser ce clip pour le pr\u00e9sident de la transition G\u00e9n\u00e9ral Mamadi, vous savez au moment o\u00f9 la communaut\u00e9 \u00e9conomique des Etat de l\u2019Afrique de l\u2019ouest(CEDAO) \u00a0a mis pression sur notre pays le Mali, la personne qui est venue en premier \u00a0pour nous sauver et nous accompagner dans la crise c&rsquo;est Mamadi Doumbouya. Tous les autres pays ont ferm\u00e9 leurs fronti\u00e8res\u00a0 (S\u00e9n\u00e9gal,\u00a0 C\u00f4te-d\u2019Ivoire, la \u00a0Sierra L\u00e9one&#8230;). Il est venu nous faire sortir de la crise. Mamadi s&rsquo;est rendu personnellement au moment de notre ind\u00e9pendance, car vous savez le feu S\u00e9kou Tour\u00e9 l\u00e0 dit, que le Mali et la Guin\u00e9e sont deux poumons dans un m\u00eame corps. Donc la Guin\u00e9e et le Mali, \u00a0c&rsquo;est la m\u00eame chose. Ce sont les raisons qui m&rsquo;ont permis \u00e0 le faire parce que la R\u00e9publique de Guin\u00e9e\u00a0 et celle du Mali c&rsquo;est la m\u00eame chose, mais aussi ce sont les m\u00eames histoires ainsi que les m\u00eames cultures \u00bb, a d\u00e9clar\u00e9 l\u00b4artiste.<\/p>\n<p>Sana Sylla<\/p>\n","protected":false},"excerpt":{"rendered":"<p>Une chanson mythique africaine\u00a0 a \u00e9t\u00e9 officialis\u00e9e en d\u00e9but de cette semaine, au cours d&rsquo;une conf\u00e9rence de presse anim\u00e9e par le grand griot chanteur compositeur Namp\u00e9 Sadjo Traor\u00e9. Une chanson de reconnaissance en faveur du pr\u00e9sident guin\u00e9en Mamadi Doumbouya pour les efforts fournis au moment o\u00f9 le pays \u00e9tait en crise. Namp\u00e9 Sadjo Traor\u00e9 chante [&hellip;]<\/p>\n","protected":false},"author":2,"featured_media":926,"comment_status":"closed","ping_status":"closed","sticky":false,"template":"","format":"standard","meta":{"footnotes":""},"categories":[9],"tags":[],"class_list":{"0":"post-925","1":"post","2":"type-post","3":"status-publish","4":"format-standard","5":"has-post-thumbnail","7":"category-culture"},"jetpack_featured_media_url":"https:\/\/cieldeguinee.net\/wp-content\/uploads\/2024\/03\/griot1.jpeg","_links":{"self":[{"href":"https:\/\/cieldeguinee.net\/index.php\/wp-json\/wp\/v2\/posts\/925","targetHints":{"allow":["GET"]}}],"collection":[{"href":"https:\/\/cieldeguinee.net\/index.php\/wp-json\/wp\/v2\/posts"}],"about":[{"href":"https:\/\/cieldeguinee.net\/index.php\/wp-json\/wp\/v2\/types\/post"}],"author":[{"embeddable":true,"href":"https:\/\/cieldeguinee.net\/index.php\/wp-json\/wp\/v2\/users\/2"}],"replies":[{"embeddable":true,"href":"https:\/\/cieldeguinee.net\/index.php\/wp-json\/wp\/v2\/comments?post=925"}],"version-history":[{"count":0,"href":"https:\/\/cieldeguinee.net\/index.php\/wp-json\/wp\/v2\/posts\/925\/revisions"}],"wp:featuredmedia":[{"embeddable":true,"href":"https:\/\/cieldeguinee.net\/index.php\/wp-json\/wp\/v2\/media\/926"}],"wp:attachment":[{"href":"https:\/\/cieldeguinee.net\/index.php\/wp-json\/wp\/v2\/media?parent=925"}],"wp:term":[{"taxonomy":"category","embeddable":true,"href":"https:\/\/cieldeguinee.net\/index.php\/wp-json\/wp\/v2\/categories?post=925"},{"taxonomy":"post_tag","embeddable":true,"href":"https:\/\/cieldeguinee.net\/index.php\/wp-json\/wp\/v2\/tags?post=925"}],"curies":[{"name":"wp","href":"https:\/\/api.w.org\/{rel}","templated":true}]}}