{"id":934,"date":"2024-03-12T16:43:44","date_gmt":"2024-03-12T15:43:44","guid":{"rendered":"https:\/\/cieldeguinee.net\/?p=934"},"modified":"2024-03-12T16:43:44","modified_gmt":"2024-03-12T15:43:44","slug":"ineligible-laurent-gbagbo-vise-un-retour-a-la-presidence","status":"publish","type":"post","link":"https:\/\/cieldeguinee.net\/index.php\/ineligible-laurent-gbagbo-vise-un-retour-a-la-presidence\/","title":{"rendered":"In\u00e9ligible, Laurent Gbagbo vise un retour \u00e0 la pr\u00e9sidence"},"content":{"rendered":"<p>En C\u00f4te d&rsquo;Ivoire, l&rsquo;ancien pr\u00e9sident Laurent Gbago a \u00e9t\u00e9 d\u00e9sign\u00e9 par son parti, le Parti des peuples africains \u2013 C\u00f4te d\u2019Ivoire, le PPA-CI, pour \u00eatre son candidat \u00e0l\u2019\u00e9lection pr\u00e9sidentielle de 2025. Un choix qui ne surprend pas, mais qui suscite toutefois des interrogations car Laurent Gbagbo reste in\u00e9ligible.<\/p>\n<p data-t=\"{&quot;n&quot;:&quot;blueLinks&quot;}\">Pour rappel, Laurent Gbagbo a \u00e9t\u00e9 condamn\u00e9 en 2018 \u00e0 20 ans de prison pour le \u00ab\u00a0braquage\u00a0\u00bb, sept ans plus t\u00f4t, de la Banque centrale des Etats d&rsquo;Afrique de l&rsquo;Ouest.Et m\u00eame s&rsquo;il a \u00e9t\u00e9 graci\u00e9 en 2022 par le pr\u00e9sident Alassane Ouattara, Laurent Gbagbo n&rsquo;a pas \u00e9t\u00e9 amnisti\u00e9. Pour l&rsquo;analyste politique Geoffroy Julien Kouao, Laurent Gbagbo, m\u00eame s&rsquo;il \u00e9tait amnisti\u00e9, a toutefois peu de chances de remporter le prochain scrutin pr\u00e9sidentiel.<\/p>\n<p data-t=\"{&quot;n&quot;:&quot;blueLinks&quot;}\">Le PPA-CI dit pr\u00e9voir un \u00ab\u00a0congr\u00e8s extraordinaire pour la d\u00e9signation formelle\u00a0\u00bb de Laurent Gbagbo comme candidat et annonce que la \u00ab\u00a0priorit\u00e9\u00a0\u00bb du parti est \u00ab\u00a0d\u00e9sormais accord\u00e9e \u00e0 l&rsquo;\u00e9lection pr\u00e9sidentielle et aux autres \u00e9ch\u00e9ances \u00e9lectorales de 2025\u00a0\u00bb.<\/p>\n<p data-t=\"{&quot;n&quot;:&quot;blueLinks&quot;}\">Il souhaite \u00e9galement obtenir \u00ab\u00a0la r\u00e9inscription du nom\u00a0\u00bb de Laurent Gbagbo sur la liste \u00e9lectorale.<\/p>\n<p data-t=\"{&quot;n&quot;:&quot;blueLinks&quot;}\">La condamnation prononc\u00e9e en 2018 avait entra\u00een\u00e9 la d\u00e9ch\u00e9ance des droits civiques et politiques de l&rsquo;ex-pr\u00e9sident et donc sa radiation des listes \u00e9lectorales.<\/p>\n<p data-t=\"{&quot;n&quot;:&quot;blueLinks&quot;}\">Il n&rsquo;avait pas pu voter aux derni\u00e8res \u00e9lections municipales et r\u00e9gionales en septembre, lors desquelles son parti n&rsquo;avait pas r\u00e9ussi \u00e0 s&rsquo;imposer et dont il avait contest\u00e9 les r\u00e9sultats.<\/p>\n<p data-t=\"{&quot;n&quot;:&quot;blueLinks&quot;}\">De son c\u00f4t\u00e9, le Parti d\u00e9mocratique de C\u00f4te d&rsquo;Ivoire (PDCI), premier parti d&rsquo;opposition, a \u00e9lu en d\u00e9cembre un nouveau pr\u00e9sident, Tidjane Thiam.<\/p>\n<p data-t=\"{&quot;n&quot;:&quot;blueLinks&quot;}\">Ni lui, ni Alassane Ouattara ne se sont prononc\u00e9s sur leur \u00e9ventuelle candidature \u00e0 la pr\u00e9sidentielle.<\/p>\n<p data-t=\"{&quot;n&quot;:&quot;blueLinks&quot;}\">Auteur: Bob Barry de www.msn.com<\/p>\n","protected":false},"excerpt":{"rendered":"<p>En C\u00f4te d&rsquo;Ivoire, l&rsquo;ancien pr\u00e9sident Laurent Gbago a \u00e9t\u00e9 d\u00e9sign\u00e9 par son parti, le Parti des peuples africains \u2013 C\u00f4te d\u2019Ivoire, le PPA-CI, pour \u00eatre son candidat \u00e0l\u2019\u00e9lection pr\u00e9sidentielle de 2025. Un choix qui ne surprend pas, mais qui suscite toutefois des interrogations car Laurent Gbagbo reste in\u00e9ligible. Pour rappel, Laurent Gbagbo a \u00e9t\u00e9 condamn\u00e9 [&hellip;]<\/p>\n","protected":false},"author":2,"featured_media":935,"comment_status":"closed","ping_status":"closed","sticky":false,"template":"","format":"standard","meta":{"footnotes":""},"categories":[6],"tags":[],"class_list":{"0":"post-934","1":"post","2":"type-post","3":"status-publish","4":"format-standard","5":"has-post-thumbnail","7":"category-international"},"jetpack_featured_media_url":"https:\/\/cieldeguinee.net\/wp-content\/uploads\/2024\/03\/gbagbo.jpeg","_links":{"self":[{"href":"https:\/\/cieldeguinee.net\/index.php\/wp-json\/wp\/v2\/posts\/934","targetHints":{"allow":["GET"]}}],"collection":[{"href":"https:\/\/cieldeguinee.net\/index.php\/wp-json\/wp\/v2\/posts"}],"about":[{"href":"https:\/\/cieldeguinee.net\/index.php\/wp-json\/wp\/v2\/types\/post"}],"author":[{"embeddable":true,"href":"https:\/\/cieldeguinee.net\/index.php\/wp-json\/wp\/v2\/users\/2"}],"replies":[{"embeddable":true,"href":"https:\/\/cieldeguinee.net\/index.php\/wp-json\/wp\/v2\/comments?post=934"}],"version-history":[{"count":0,"href":"https:\/\/cieldeguinee.net\/index.php\/wp-json\/wp\/v2\/posts\/934\/revisions"}],"wp:featuredmedia":[{"embeddable":true,"href":"https:\/\/cieldeguinee.net\/index.php\/wp-json\/wp\/v2\/media\/935"}],"wp:attachment":[{"href":"https:\/\/cieldeguinee.net\/index.php\/wp-json\/wp\/v2\/media?parent=934"}],"wp:term":[{"taxonomy":"category","embeddable":true,"href":"https:\/\/cieldeguinee.net\/index.php\/wp-json\/wp\/v2\/categories?post=934"},{"taxonomy":"post_tag","embeddable":true,"href":"https:\/\/cieldeguinee.net\/index.php\/wp-json\/wp\/v2\/tags?post=934"}],"curies":[{"name":"wp","href":"https:\/\/api.w.org\/{rel}","templated":true}]}}