{"id":946,"date":"2024-03-19T17:17:58","date_gmt":"2024-03-19T16:17:58","guid":{"rendered":"https:\/\/cieldeguinee.net\/?p=946"},"modified":"2024-03-19T17:17:58","modified_gmt":"2024-03-19T16:17:58","slug":"guinee-la-convergence-des-parties-politiques-demande-aux-autorites-le-respect-du-chronogramme-de-la-transition","status":"publish","type":"post","link":"https:\/\/cieldeguinee.net\/index.php\/guinee-la-convergence-des-parties-politiques-demande-aux-autorites-le-respect-du-chronogramme-de-la-transition\/","title":{"rendered":"Guin\u00e9e : la convergence des parties politiques demande aux autorit\u00e9s, le respect du chronogramme de la transition"},"content":{"rendered":"<p>C\u2019est \u00e0 travers \u00a0d&rsquo;une d\u00e9claration rendue publique ce mardi 19 mars 2024, au si\u00e8ge de la MAOG que la convergence des acteurs socio-politiques engag\u00e9s dans le cadre du dialogue d\u00e9plore l\u2019\u00e9lan actuel de l\u2019\u00e9volution politique du pays. De ce fait, elle se dit, \u00a0inqui\u00e8te suite \u00e0 la sortie m\u00e9diatique du premier ministre Amadou Oury Bah sur les antennes de la radio France internationale(RFI)\u00a0 en ce qui concerne le retour \u00e0 l\u2019ordre constitutionnel.<img loading=\"lazy\" decoding=\"async\" class=\" wp-image-948 alignright\" src=\"https:\/\/cieldeguinee.net\/wp-content\/uploads\/2024\/03\/bayo2-300x169.jpg\" alt=\"\" width=\"376\" height=\"212\" srcset=\"https:\/\/cieldeguinee.net\/wp-content\/uploads\/2024\/03\/bayo2-300x169.jpg 300w, https:\/\/cieldeguinee.net\/wp-content\/uploads\/2024\/03\/bayo2-1024x576.jpg 1024w, https:\/\/cieldeguinee.net\/wp-content\/uploads\/2024\/03\/bayo2-768x432.jpg 768w, https:\/\/cieldeguinee.net\/wp-content\/uploads\/2024\/03\/bayo2-150x84.jpg 150w, https:\/\/cieldeguinee.net\/wp-content\/uploads\/2024\/03\/bayo2-696x391.jpg 696w, https:\/\/cieldeguinee.net\/wp-content\/uploads\/2024\/03\/bayo2-747x420.jpg 747w, https:\/\/cieldeguinee.net\/wp-content\/uploads\/2024\/03\/bayo2.jpg 1032w\" sizes=\"auto, (max-width: 376px) 100vw, 376px\" \/><\/p>\n<p>\u00ab Nous d\u00e9plorons cette volont\u00e9 manifeste et unilat\u00e9rale de Monsieur Amadou Oury Bah de repousser la dur\u00e9e de la transition en violation flagrante du point 2 des 35 R\u00e9solution du Cadre du dialogue inclusif inter-guin\u00e9en, relatif \u00e0 la dur\u00e9e de la transition militaire soit 24 mois, ent\u00e9rin\u00e9e par le compromis dynamique avec la Communaut\u00e9 Economique des Etats de l&rsquo;Afrique de l&rsquo;Ouest (CEDEAO). Nous nous insurgeons contre ce cynisme politique de la part du nouveau Premier ministre qui claironnait autrefois par m\u00e9dias interpos\u00e9s, sur la gestion opaque de la transition alors qu&rsquo;il \u00e9tait bien repr\u00e9sent\u00e9 dans tous les organes du Cadre du dialogue inclusif inter-guin\u00e9en. Nous ne cautionnerons pas ce braquage politique en plein jour de nature \u00e0 engendrer encore plus de soubresauts politiques et sociaux dans le pays. Nous r\u00e9it\u00e9rons qu\u2019\u00e0 ce stade de la mise en \u0153uvre des 35 r\u00e9solutions du Cadre du dialogue inclusif inter-guin\u00e9en, il n&rsquo;y a nullement possibilit\u00e9 de glissement de l&rsquo;agenda de la Transition, tel que d\u00e9fini par l\u2019ensemble des acteurs socio-politiques lors des travaux du 24 novembre au l5 d\u00e9cembre 2022 \u00bb, a soulign\u00e9 le porte-parole Alpha Bayo.<\/p>\n<p>De poursuivre,\u00a0 il dira que \u00ab ce d\u00e9lai de la transition est bel et bien tenable et qu&rsquo;aucune contingence ne saura justifier une telle \u00e9volution de la dur\u00e9e de la Transition. Nous ne sommes nullement surpris de ce revirement politique dans un pays ou une certaine \u00e9lite politique pr\u00eache, ne le pratique aucunement comme cette promesse non tenue de 30% de femmes aux postes minist\u00e9riels. Nous invitons l&rsquo;ensemble des acteurs, ayant pris part au cadre de dialogue inclusif\u00a0 inter-guin\u00e9en, \u00e0 se rassembler et \u00e0 faire barrage \u00e0 ce d\u00e9rapage de trop du nouveau locataire de la primature. Nous\u00a0 r\u00e9affirmons notre opposition ferme \u00e0 tout glissement du chronogramme de la transition pr\u00e9alablement d\u00e9finie en commun accord avec l&rsquo;ensemble des acteurs sociopolitiques lors du cadre de dialogue. Par extension, nous n&rsquo;excluons pas de demander \u00e0 toutes les forces vives de Guin\u00e9e de former un seul et unique bloc afin de faire barrage \u00e0 ce glissement de trop\u00bb.<\/p>\n<p>Pour finir, \u00ab il prend \u00e0 t\u00e9moin le Peuple de Guin\u00e9e, les diplomates accr\u00e9dit\u00e9s en R\u00e9publique de Guin\u00e9e, les partenaires techniques et financiers que son engagement ne tient qu\u2019\u00e0 la date du 31 d\u00e9cembre 2024, pass\u00e9 ce d\u00e9lai, la convergence ne reconnaitra plus les institutions issues du coup d&rsquo;\u00e9tat du 5 septembre 2021 \u00bb, a conclu M. Bayo.<\/p>\n<p>Auteur\u00a0: Sana Sylla.<\/p>\n","protected":false},"excerpt":{"rendered":"<p>C\u2019est \u00e0 travers \u00a0d&rsquo;une d\u00e9claration rendue publique ce mardi 19 mars 2024, au si\u00e8ge de la MAOG que la convergence des acteurs socio-politiques engag\u00e9s dans le cadre du dialogue d\u00e9plore l\u2019\u00e9lan actuel de l\u2019\u00e9volution politique du pays. De ce fait, elle se dit, \u00a0inqui\u00e8te suite \u00e0 la sortie m\u00e9diatique du premier ministre Amadou Oury Bah [&hellip;]<\/p>\n","protected":false},"author":2,"featured_media":947,"comment_status":"closed","ping_status":"closed","sticky":false,"template":"","format":"standard","meta":{"footnotes":""},"categories":[3],"tags":[],"class_list":{"0":"post-946","1":"post","2":"type-post","3":"status-publish","4":"format-standard","5":"has-post-thumbnail","7":"category-politique"},"jetpack_featured_media_url":"https:\/\/cieldeguinee.net\/wp-content\/uploads\/2024\/03\/Bayo1.jpg","_links":{"self":[{"href":"https:\/\/cieldeguinee.net\/index.php\/wp-json\/wp\/v2\/posts\/946","targetHints":{"allow":["GET"]}}],"collection":[{"href":"https:\/\/cieldeguinee.net\/index.php\/wp-json\/wp\/v2\/posts"}],"about":[{"href":"https:\/\/cieldeguinee.net\/index.php\/wp-json\/wp\/v2\/types\/post"}],"author":[{"embeddable":true,"href":"https:\/\/cieldeguinee.net\/index.php\/wp-json\/wp\/v2\/users\/2"}],"replies":[{"embeddable":true,"href":"https:\/\/cieldeguinee.net\/index.php\/wp-json\/wp\/v2\/comments?post=946"}],"version-history":[{"count":0,"href":"https:\/\/cieldeguinee.net\/index.php\/wp-json\/wp\/v2\/posts\/946\/revisions"}],"wp:featuredmedia":[{"embeddable":true,"href":"https:\/\/cieldeguinee.net\/index.php\/wp-json\/wp\/v2\/media\/947"}],"wp:attachment":[{"href":"https:\/\/cieldeguinee.net\/index.php\/wp-json\/wp\/v2\/media?parent=946"}],"wp:term":[{"taxonomy":"category","embeddable":true,"href":"https:\/\/cieldeguinee.net\/index.php\/wp-json\/wp\/v2\/categories?post=946"},{"taxonomy":"post_tag","embeddable":true,"href":"https:\/\/cieldeguinee.net\/index.php\/wp-json\/wp\/v2\/tags?post=946"}],"curies":[{"name":"wp","href":"https:\/\/api.w.org\/{rel}","templated":true}]}}