{"id":960,"date":"2024-03-27T22:26:02","date_gmt":"2024-03-27T21:26:02","guid":{"rendered":"https:\/\/cieldeguinee.net\/?p=960"},"modified":"2024-03-27T22:26:02","modified_gmt":"2024-03-27T21:26:02","slug":"commemoration-de-la-mort-de-sekou-toure-le-pdg-rda-organise-une-lecture-du-saint-coran-a-la-grande-mosquee-faycal","status":"publish","type":"post","link":"https:\/\/cieldeguinee.net\/index.php\/commemoration-de-la-mort-de-sekou-toure-le-pdg-rda-organise-une-lecture-du-saint-coran-a-la-grande-mosquee-faycal\/","title":{"rendered":"Comm\u00e9moration de la mort de S\u00e9kou Tour\u00e9 : le PDG-RDA organise une lecture du saint coran \u00e0 la grande mosqu\u00e9e Fay\u00e7al"},"content":{"rendered":"<p>La 40\u00e8me comm\u00e9moration de la mort du p\u00e8re de l\u2019ind\u00e9pendance guin\u00e9enne a eu lieu ce mardi 26 mars 2024 \u00e0 la grande mosqu\u00e9e Fay\u00e7al de Conakry. Objectif, implorer la gr\u00e2ce divine pour le repos de l\u2019\u00e2me de feu Ahmed S\u00e9kou Tour\u00e9, premier pr\u00e9sident guin\u00e9en d\u00e8s l\u2019accession du pays \u00e0 la souverainet\u00e9 nationale apr\u00e8s 60 ans de servitude aupr\u00e8s de la France.<\/p>\n<p>Cette c\u00e9r\u00e9monie de lecture du saint coran par les religieux des cinq communes de Conakry a \u00e9t\u00e9 initi\u00e9e par le PDG-RDA, (Parti D\u00e9mocratique de Guin\u00e9e et du Rassemblement D\u00e9mocratique Africain). Un parti politique qu\u2019il a laiss\u00e9 et aujourd\u2019hui \u00a0par son fils Mohamed Tour\u00e9 en exil.<\/p>\n<p>A la fin de la lecture du saint coran et des b\u00e9n\u00e9dictions, Oy\u00e9 Beavogui, Secr\u00e9taire g\u00e9n\u00e9ral par int\u00e9rim du PDG-RDA, a au nom de du parti et de la famille du d\u00e9funt, remerci\u00e9 le pr\u00e9sident de la R\u00e9publique et tous ceux qui ont assist\u00e9 \u00e0 cette comm\u00e9moration historique.<\/p>\n<p>Pour lui, le sens de cette comm\u00e9moration, c\u2019est le retour \u00e0 l\u2019histoire. \u00ab 40 ans pour nous c&rsquo;est presque la somme d&rsquo;une exp\u00e9rience en termes de comm\u00e9moration \u00e0 la m\u00e9moire du feu pr\u00e9sident de la R\u00e9publique Ahmed S\u00e9kou Tour\u00e9. Une occasion mise \u00e0 profit pour rappeler le combat de l\u2019homme en faveur du peuple de Guin\u00e9e et l&rsquo;Afrique toute enti\u00e8re. Aujourd\u2019hui il n&rsquo;est pas seul maintenant car nous sommes venus l&rsquo;accompagner, donner \u00e0 la Guin\u00e9e ce qu&rsquo;elle \u00a0m\u00e9rite en termes d&rsquo;histoire que notre pays a connu durant les moments d&rsquo;ind\u00e9pendance. Le sens de cette comm\u00e9moration, ce n\u2019est rien d\u2019autre que le rappel. Donc c\u2019est le retour \u00e0 l\u2019histoire \u00bb, dira-t-il.<\/p>\n<p>Sana Sylla<\/p>\n","protected":false},"excerpt":{"rendered":"<p>La 40\u00e8me comm\u00e9moration de la mort du p\u00e8re de l\u2019ind\u00e9pendance guin\u00e9enne a eu lieu ce mardi 26 mars 2024 \u00e0 la grande mosqu\u00e9e Fay\u00e7al de Conakry. Objectif, implorer la gr\u00e2ce divine pour le repos de l\u2019\u00e2me de feu Ahmed S\u00e9kou Tour\u00e9, premier pr\u00e9sident guin\u00e9en d\u00e8s l\u2019accession du pays \u00e0 la souverainet\u00e9 nationale apr\u00e8s 60 ans [&hellip;]<\/p>\n","protected":false},"author":2,"featured_media":958,"comment_status":"closed","ping_status":"closed","sticky":false,"template":"","format":"standard","meta":{"footnotes":""},"categories":[3],"tags":[],"class_list":{"0":"post-960","1":"post","2":"type-post","3":"status-publish","4":"format-standard","5":"has-post-thumbnail","7":"category-politique"},"jetpack_featured_media_url":"https:\/\/cieldeguinee.net\/wp-content\/uploads\/2024\/03\/ast2.jpg","_links":{"self":[{"href":"https:\/\/cieldeguinee.net\/index.php\/wp-json\/wp\/v2\/posts\/960","targetHints":{"allow":["GET"]}}],"collection":[{"href":"https:\/\/cieldeguinee.net\/index.php\/wp-json\/wp\/v2\/posts"}],"about":[{"href":"https:\/\/cieldeguinee.net\/index.php\/wp-json\/wp\/v2\/types\/post"}],"author":[{"embeddable":true,"href":"https:\/\/cieldeguinee.net\/index.php\/wp-json\/wp\/v2\/users\/2"}],"replies":[{"embeddable":true,"href":"https:\/\/cieldeguinee.net\/index.php\/wp-json\/wp\/v2\/comments?post=960"}],"version-history":[{"count":0,"href":"https:\/\/cieldeguinee.net\/index.php\/wp-json\/wp\/v2\/posts\/960\/revisions"}],"wp:featuredmedia":[{"embeddable":true,"href":"https:\/\/cieldeguinee.net\/index.php\/wp-json\/wp\/v2\/media\/958"}],"wp:attachment":[{"href":"https:\/\/cieldeguinee.net\/index.php\/wp-json\/wp\/v2\/media?parent=960"}],"wp:term":[{"taxonomy":"category","embeddable":true,"href":"https:\/\/cieldeguinee.net\/index.php\/wp-json\/wp\/v2\/categories?post=960"},{"taxonomy":"post_tag","embeddable":true,"href":"https:\/\/cieldeguinee.net\/index.php\/wp-json\/wp\/v2\/tags?post=960"}],"curies":[{"name":"wp","href":"https:\/\/api.w.org\/{rel}","templated":true}]}}